{"id":909588,"date":"2026-03-31T02:26:14","date_gmt":"2026-03-31T02:26:14","guid":{"rendered":"https:\/\/www.europesays.com\/de\/909588\/"},"modified":"2026-03-31T02:26:14","modified_gmt":"2026-03-31T02:26:14","slug":"irankrieg-nato-darf-laut-marco-rubio-keine-einbahnstrasse-sein","status":"publish","type":"post","link":"https:\/\/www.europesays.com\/de\/909588\/","title":{"rendered":"Irankrieg: Nato darf laut Marco Rubio &#8222;keine Einbahnstra\u00dfe sein&#8220;"},"content":{"rendered":"<p class=\"paragraph article__item\">US-Au\u00dfenminister <a class=\"rtr-entity\" href=\"https:\/\/www.zeit.de\/thema\/marco-rubio\" rel=\"nofollow noopener\" target=\"_blank\">Marco Rubio<\/a><br \/>\n hat <a href=\"https:\/\/www.zeit.de\/thema\/spanien\" target=\"_blank\" rel=\"nofollow noopener\">Spanien<\/a> und andere <a href=\"https:\/\/www.zeit.de\/thema\/nato\" target=\"_blank\" rel=\"nofollow noopener\">Nato<\/a>-Partner f\u00fcr mangelnde Unterst\u00fctzung im<br \/>\n<a href=\"https:\/\/www.zeit.de\/thema\/iran\" target=\"_blank\" rel=\"nofollow noopener\">Krieg gegen den Iran<\/a> kritisiert \u2013 und eine sp\u00e4tere Neubewertung der<br \/>\nAllianz durch die USA nahegelegt. Die <a href=\"https:\/\/www.zeit.de\/thema\/usa\" target=\"_blank\" rel=\"nofollow noopener\">USA<\/a> m\u00fcssten in einer Zeit, in der<br \/>\nman die Verb\u00fcndeten brauche, feststellen, dass das Nato-Mitglied Spanien, zu<br \/>\n dessen Verteidigung man sich verpflichtet habe, den Vereinigten Staaten<br \/>\n die Nutzung seines Luftraums verweigere und damit prahle, sagte Rubio<br \/>\n dem Sender Al-Dschasira laut einer Mitschrift seines Ministeriums. Er<br \/>\nbem\u00e4ngelte zudem, dass die USA in Spanien und andernorts auf Widerstand<br \/>\nbei der Nutzung von St\u00fctzpunkten gesto\u00dfen seien.\n<\/p>\n<p class=\"paragraph article__item\">Die Nato sei n\u00fctzlich f\u00fcr die <a class=\"rtr-entity\" href=\"https:\/\/www.zeit.de\/thema\/usa\" rel=\"nofollow noopener\" target=\"_blank\">USA<\/a>, weil es dem<br \/>\nLand erm\u00f6gliche, Soldaten und milit\u00e4rische Ausr\u00fcstung an anderen Orten<br \/>\nzu stationieren. Wenn es bei der Allianz aber nur darum gehe, dass die<br \/>\nUSA Europa im Falle eines Angriffs verteidigten, den Vereinigten Staaten<br \/>\n aber die Nutzung von St\u00fctzpunkten verweigert werde, wenn sie es<br \/>\nbr\u00e4uchten, sei das keine gute Vereinbarung. Da falle es schwer, dabei zu<br \/>\n bleiben und zu sagen, dass das gut f\u00fcr die USA sei, sagte Rubio.\n<\/p>\n<p class=\"paragraph article__item\">Nach dem Krieg m\u00fcssten die USA all das neu<br \/>\nbewerten, erg\u00e4nzte er. Die Nato sei ein B\u00fcndnis und d\u00fcrfe als solches<br \/>\n&#8222;keine Einbahnstra\u00dfe sein&#8220;. Rubio f\u00fcgte hinzu: &#8222;Hoffen wir, dass wir das in Ordnung bringen k\u00f6nnen.&#8220;\n<\/p>\n<p>        Trump kritisiert Nato-Partner        <\/p>\n<p class=\"paragraph article__item\">Die spanische Regierung sperrte j\u00fcngst ihren<br \/>\nLuftraum f\u00fcr alle Flugzeuge, die mit dem Krieg gegen den <a class=\"rtr-entity\" href=\"https:\/\/www.zeit.de\/thema\/iran\" rel=\"nofollow noopener\" target=\"_blank\">Iran<\/a> in<br \/>\nVerbindung stehen. Bereits kurz nach Kriegsbeginn vor gut einem Monat<br \/>\nhatte das Land den USA die Nutzung der Milit\u00e4rbasen Rota und Mor\u00f3n f\u00fcr die<br \/>\nEins\u00e4tze gegen den Iran untersagt. Diese St\u00fctzpunkte in Andalusien im<br \/>\nS\u00fcden des Landes werden seit Jahrzehnten gemeinsam von Spanien und den<br \/>\nUSA betrieben.\n<\/p>\n<p>                            \u00a9\u00a0Lea Dohle<\/p>\n<p>\n                                        Newsletter<br \/>\n                                        Was jetzt? \u2013 Der t\u00e4gliche Morgen\u00fcberblick<\/p>\n<p class=\"newsletter-signup__text\">Starten Sie mit unserem kurzen Nachrichten-Newsletter in den Tag. Erhalten Sie zudem freitags das digitale Magazin ZEIT am Wochenende.<\/p>\n<p class=\"newsletter-signup__datapolicy\" hidden=\"\">\n            Mit Ihrer Registrierung nehmen Sie die <a href=\"https:\/\/datenschutz.zeit.de\/zon#Newsletter\" target=\"_blank\" rel=\"nofollow noopener\">Datenschutzerkl\u00e4rung<\/a> zur Kenntnis.\n        <\/p>\n<p>    Vielen Dank! Wir haben Ihnen eine E-Mail geschickt.<\/p>\n<p>Pr\u00fcfen Sie Ihr Postfach und best\u00e4tigen Sie das Newsletter-Abonnement.<\/p>\n<p class=\"paragraph article__item\">Trump <a href=\"https:\/\/www.zeit.de\/politik\/ausland\/2026-03\/usa-donald-trump-irankrieg-nato-drohung\" target=\"_blank\" rel=\"nofollow noopener\">teilte wegen der aus seiner Sicht<br \/>\nmangelnden Unterst\u00fctzung im Krieg mit dem Iran zuletzt mehrfach gegen<br \/>\nNato-Partner aus<\/a>. Mit Blick auf die US-Nutzung von Milit\u00e4rst\u00fctzpunkten<br \/>\nin Europa hatte er etwa auch Gro\u00dfbritannien daf\u00fcr kritisiert, dass es<br \/>\neine Genehmigung erst mit Verz\u00f6gerung erteilt hatte.\n<\/p>\n<p class=\"paragraph article__item\">Ein wichtiger Grundpfeiler des<br \/>\nVerteidigungsb\u00fcndnisses ist die gegenseitige Beistandspflicht der<br \/>\nVerb\u00fcndeten im Angriffsfall nach Artikel 5. Der von den USA und Israel<br \/>\nbegonnene Irankrieg ist davon nicht abgedeckt.\n<\/p>\n<p>Mehr zum Thema<\/p>\n<p>            Nato        <\/p>\n<p>                <a href=\"https:\/\/www.zeit.de\/politik\/ausland\/2026-03\/atomwaffen-absicherung-iran-usa-russland-joachim-krause\" data-ct-label=\"Irankrieg: &quot;Trump kann die Europ\u00e4er f\u00fcr ihr deutliches Nein bestrafen&quot;\" data-uuid=\"f8320bf6-2c57-4b3a-bca1-f82a2184d489\" rel=\"nofollow noopener\" target=\"_blank\"><\/p>\n<p>        Z+ (abopflichtiger Inhalt);<\/p>\n<p>    Irankrieg:<br \/>\n                        &#8222;Trump kann die Europ\u00e4er f\u00fcr ihr deutliches Nein bestrafen&#8220;<\/p>\n<p>                <\/a><\/p>\n<p>                <a href=\"https:\/\/www.zeit.de\/politik\/ausland\/2026-03\/donald-trump-iran-usa-europa-bundesregierung\" data-ct-label=\"Donald Trump und Iran: Ein entschiedenes Nein, Mister President\" data-uuid=\"fb1cd49c-f152-4f28-b899-6e189a7cb700\" rel=\"nofollow noopener\" target=\"_blank\"><\/p>\n<p>        Z+ (abopflichtiger Inhalt);<\/p>\n<p>    Donald Trump und Iran:<br \/>\n                        Ein entschiedenes Nein, Mister President<\/p>\n<p>                <\/a><\/p>\n<p>                <a href=\"https:\/\/www.zeit.de\/politik\/ausland\/2026-03\/donald-trump-nato-feiglinge-iran-gxe\" data-ct-label=\"Stra\u00dfe von Hormus: Donald Trump bezeichnet Nato-Verb\u00fcndete als &quot;Feiglinge&quot;\" data-uuid=\"9c7b2a26-fc1c-43ff-93f1-cea58e61f055\" rel=\"nofollow noopener\" target=\"_blank\"><\/p>\n<p>                        Stra\u00dfe von Hormus:<br \/>\n                        Donald Trump bezeichnet Nato-Verb\u00fcndete als &#8222;Feiglinge&#8220;<\/p>\n<p>                <\/a><\/p>\n","protected":false},"excerpt":{"rendered":"US-Au\u00dfenminister Marco Rubio hat Spanien und andere Nato-Partner f\u00fcr mangelnde Unterst\u00fctzung im Krieg gegen den Iran kritisiert \u2013&hellip;\n","protected":false},"author":2,"featured_media":909589,"comment_status":"","ping_status":"","sticky":false,"template":"","format":"standard","meta":{"footnotes":"","_share_on_mastodon":"0"},"categories":[3977],"tags":[331,332,84390,663,13,345,187293,28364,409,14,1159,15,16,12,4026,4017,4018,4016,64,4019,4020],"class_list":["post-909588","post","type-post","status-publish","format-standard","has-post-thumbnail","category-usa","tag-aktuelle-nachrichten","tag-aktuelle-news","tag-einbahnstrasse","tag-europa","tag-headlines","tag-iran","tag-irankrieg","tag-luftraum","tag-marco-rubio","tag-nachrichten","tag-nato","tag-news","tag-politik","tag-schlagzeilen","tag-spanien","tag-united-states","tag-united-states-of-america","tag-us","tag-usa","tag-vereinigte-staaten","tag-vereinigte-staaten-von-amerika"],"share_on_mastodon":{"url":"https:\/\/pubeurope.com\/@de\/116321424872097105","error":""},"_links":{"self":[{"href":"https:\/\/www.europesays.com\/de\/wp-json\/wp\/v2\/posts\/909588","targetHints":{"allow":["GET"]}}],"collection":[{"href":"https:\/\/www.europesays.com\/de\/wp-json\/wp\/v2\/posts"}],"about":[{"href":"https:\/\/www.europesays.com\/de\/wp-json\/wp\/v2\/types\/post"}],"author":[{"embeddable":true,"href":"https:\/\/www.europesays.com\/de\/wp-json\/wp\/v2\/users\/2"}],"replies":[{"embeddable":true,"href":"https:\/\/www.europesays.com\/de\/wp-json\/wp\/v2\/comments?post=909588"}],"version-history":[{"count":0,"href":"https:\/\/www.europesays.com\/de\/wp-json\/wp\/v2\/posts\/909588\/revisions"}],"wp:featuredmedia":[{"embeddable":true,"href":"https:\/\/www.europesays.com\/de\/wp-json\/wp\/v2\/media\/909589"}],"wp:attachment":[{"href":"https:\/\/www.europesays.com\/de\/wp-json\/wp\/v2\/media?parent=909588"}],"wp:term":[{"taxonomy":"category","embeddable":true,"href":"https:\/\/www.europesays.com\/de\/wp-json\/wp\/v2\/categories?post=909588"},{"taxonomy":"post_tag","embeddable":true,"href":"https:\/\/www.europesays.com\/de\/wp-json\/wp\/v2\/tags?post=909588"}],"curies":[{"name":"wp","href":"https:\/\/api.w.org\/{rel}","templated":true}]}}