{"id":909630,"date":"2026-03-31T02:50:17","date_gmt":"2026-03-31T02:50:17","guid":{"rendered":"https:\/\/www.europesays.com\/de\/909630\/"},"modified":"2026-03-31T02:50:17","modified_gmt":"2026-03-31T02:50:17","slug":"mehr-als-beton-warum-leipzig-gruenau-eine-entdeckungstour-wert-ist","status":"publish","type":"post","link":"https:\/\/www.europesays.com\/de\/909630\/","title":{"rendered":"Mehr als Beton: Warum Leipzig-Gr\u00fcnau eine Entdeckungstour wert ist"},"content":{"rendered":"<p><img fetchpriority=\"high\" decoding=\"async\" width=\"1024\" height=\"768\" src=\"https:\/\/www.europesays.com\/de\/wp-content\/uploads\/2026\/03\/Heizhaus_Sky2-1024x768.jpeg\" alt=\"Heizhaus in Leipzig Gr\u00fcnau\" class=\"wp-image-369421\" style=\"aspect-ratio:4\/3;object-fit:cover\"  \/><\/p>\n<p>\u00a9 Stefanie Schmitz<\/p>\n<p>Planm\u00e4\u00dfig in den 1970er und 80er Jahren angelegt, war es zu DDR-Zeiten schick, in den neuen und modernen Wohnungen in Gr\u00fcnau leben zu k\u00f6nnen. Gegen\u00fcber den Altbauten mit Toiletten auf halber Treppe und Kohleofenheizung, stand die Platte damals f\u00fcr Modernit\u00e4t und Komfort. Wer heute an Leipzig-Gr\u00fcnau denkt, hat oft nur eben diese endlose Plattenbauten vor Augen. Mit dem Wandel des Zeitgeistes und sozialen Umbr\u00fcchen in der Nachwendezeit\u00a0hatte Gr\u00fcnau lange mit Vorurteilen zu k\u00e4mpfen.\u00a0Doch der Stadtteil im Westen der Messestadt ist l\u00e4ngst aus dem Schatten seines Rufs getreten. Heute pr\u00e4sentiert sich Gr\u00fcnau als <strong>spannender Mix aus DDR-Industriegeschichte, \u00fcberraschenden gr\u00fcnen Oasen und einer lebendigen Kulturszene<\/strong>. Packt das Fahrrad ein oder nimm die S-Bahn \u2013 hier sind die Highlights f\u00fcr Eure Entdeckungstour.<\/p>\n<p><strong>Natur &amp; Action: Von Tiefseetauchern und Betonfelsen<\/strong><\/p>\n<p>Dass Gr\u00fcnau seinen Namen zu Recht tr\u00e4gt, beweisen die weitl\u00e4ufigen Naherholungsgebiete. Das absolute Highlight ist der <strong>Kulkwitzer See<\/strong>, von den Leipzigern liebevoll \u201eKulki\u201c genannt. Er z\u00e4hlt zu den saubersten Seen Deutschlands und lockt mit Sichtweiten, die Taucherherzen h\u00f6her schlagen lassen. Wer lieber auf dem Wasser bleibt, tobt sich an der Wasserski-Anlage aus oder mietet ein Stand-Up-Paddle.<\/p>\n<p>Ein echtes architektonisches Kuriosum ist der <strong>Kletterfelsen K4<\/strong>. Er ist ein Paradebeispiel f\u00fcr Upcycling: Der rund <strong>21 Meter hohe Turm<\/strong>\u00a0wurde komplett aus recycelten Betonplatten abgerissener Plattenbauten errichtet. Betrieben vom <strong>Deutschen Alpenverein<\/strong>, bietet er rund <strong>30 Kletterrouten<\/strong>\u00a0und sogar ein Gipfelbuch nach s\u00e4chsischer Tradition.<\/p>\n<p><strong>Wer es ruhiger mag, findet Entspannung in den historischen Anlagen:<\/strong><\/p>\n<ul class=\"wp-block-list\">\n<li><strong>Robert-Koch-Park:<\/strong>\u00a0Hier trifft herrschaftliche Schlossarchitektur auf soziokulturelles Leben im \u201eHaus Steinstra\u00dfe\u201c.<\/li>\n<li><strong>Kolonnadengarten:<\/strong>\u00a0Eine liebevoll gestaltete Anlage direkt zwischen den Wohnbl\u00f6cken.<\/li>\n<\/ul>\n<p><img loading=\"lazy\" decoding=\"async\" width=\"768\" height=\"1024\" src=\"https:\/\/www.europesays.com\/de\/wp-content\/uploads\/2026\/03\/Robert_Koch_Park-768x1024.jpeg\" alt=\"Robert-Koch-Park in Leipzig Gr\u00fcnau\" class=\"wp-image-369423\" style=\"aspect-ratio:4\/3;object-fit:cover\"  \/><\/p>\n<p>\u00a9 Stefanie Schmitz<\/p>\n<p><strong>Kulinarik im Kiez: Von Tortentraum bis Mittelmeer-Flair<\/strong><\/p>\n<p>Nach so viel Bewegung braucht es die passende St\u00e4rkung. Gr\u00fcnau \u00fcberrascht mit einer Gastronomie-Szene, die von Tradition bis Internationalit\u00e4t alles abdeckt:<\/p>\n<ul class=\"wp-block-list\">\n<li><strong>S\u00fc\u00dfe Tradition:<\/strong>\u00a0Die <strong>Caf\u00e9 &amp; Conditorei Feiste<\/strong>\u00a0verw\u00f6hnt ihre G\u00e4ste bereits seit rund 33 Jahren mitten in der Siedlung Gr\u00fcnau mit hausgemachten Torten, Eis und Kuchen.<\/li>\n<li><strong>Gem\u00fctlichkeit pur:<\/strong>\u00a0In der Gastst\u00e4tte <strong>\u201eZur kleinen Kneipe\u201c<\/strong>\u00a0in Gr\u00fcnau geht es famili\u00e4r zu. Zwischen Skatrunden, Kulturprogramm und regionalen Speisen findet man hier das echte Kiez-Gef\u00fchl.<\/li>\n<li><strong>Urlaubsflair:<\/strong>\u00a0Wer Sehnsucht nach dem S\u00fcden hat, wird bei <strong>IL Gatto<\/strong>\u00a0(italienische K\u00fcche) oder im <strong>Dubrovnik<\/strong>\u00a0(kroatische Spezialit\u00e4ten) f\u00fcndig \u2013 hier kommt der Geschmack des Mittelmeeres direkt auf den Teller.<\/li>\n<\/ul>\n<p><strong>Kultur &amp; Begegnung: Wo das Herz von Gr\u00fcnau schl\u00e4gt<\/strong><\/p>\n<p>Gr\u00fcnau ist ein Ort der Gemeinschaft. Das <strong>KOMM-Haus<\/strong>\u00a0ist als \u00e4ltestes soziokulturelles Zentrum des Viertels die Institution f\u00fcr Konzerte und Nachbarschaftstreffs. Kreativ geht es im <strong>Theatrium<\/strong>\u00a0zu \u2013 ein Kinder- und Jugendtheater, das f\u00fcr seine partizipativen Projekte bekannt ist. Im <strong>Heizhaus <\/strong>finden sich in der Skatehalle Angebote f\u00fcr Kinder und Jugendliche, sowie Konzerte, Flohm\u00e4rkte und Workshops zum mitmachen. F\u00fcr den klassischen Blockbuster-Abend bietet das <strong>Cineplex<\/strong>\u00a0im Allee-Center die gro\u00dfe Leinwand.<\/p>\n<p><img loading=\"lazy\" decoding=\"async\" width=\"1024\" height=\"768\" src=\"https:\/\/www.europesays.com\/de\/wp-content\/uploads\/2026\/03\/Skatepark_am_Heizhaus-1024x768.jpeg\" alt=\"Skaterpark in Gr\u00fcnau am Heizhaus\" class=\"wp-image-369424\" style=\"aspect-ratio:4\/3;object-fit:cover\"  \/><\/p>\n<p>\u00a9 Stefanie Schmitz<\/p>\n<p><strong>F\u00fcr Entdecker: Zwischen Kunst und Industriekultur<\/strong><\/p>\n<p>Gr\u00fcnau ist ein Paradies f\u00fcr Fans von Architektur und Geschichte. Wer mit offenen Augen durch die verschiedenen Wohnkomplexe (WK) spaziert, findet eine Open-Air-Galerie aus <strong>Wandmosaiken und Kunst am Bau<\/strong>\u00a0der DDR-Zeit. Besonders faszinierend sind die \u201eR\u00fcckbau-Projekte\u201c, bei denen ehemalige Hochhausskelette in moderne, terrassierte Wohnanlagen verwandelt wurden. Fans von Street Art k\u00f6nnen sich auf alle F\u00e4lle am <strong>Heizhaus <\/strong>erfreuen. Hier sind nicht nur Halfpipe und eine komplette Au\u00dfenanlage f\u00fcr Skater, sondern auch gro\u00dffl\u00e4chige W\u00e4nde mit Graffiti-Kunst zu entdecken.<\/p>\n<p>Hin und Zur\u00fcck<\/p>\n<p>Mit der TRAM bis Endhaltestelle Lausen, um am Kulkwitzer See zu spazieren, oder an der Stuttgarter Allee raus und ab in die Gr\u00fcnauer Welle zum schwimmen.<\/p>\n<p>Mit der S-Bahn bis Allee-Center um das Viertel zu Fu\u00df zu erkunden. Durch die langen Alleen gibt es au\u00dferdem gute M\u00f6glichkeiten, Gr\u00fcnau mit dem Fahrrad zu erkunden und gleich in einen Abstecher zum Lindenauer Hafen mit einzuplanen.<\/p>\n","protected":false},"excerpt":{"rendered":"\u00a9 Stefanie Schmitz Planm\u00e4\u00dfig in den 1970er und 80er Jahren angelegt, war es zu DDR-Zeiten schick, in den&hellip;\n","protected":false},"author":2,"featured_media":909631,"comment_status":"","ping_status":"","sticky":false,"template":"","format":"standard","meta":{"footnotes":"","_share_on_mastodon":"0"},"categories":[1832],"tags":[3364,29,30,71,198199,859,198201,198204,198206],"class_list":["post-909630","post","type-post","status-publish","format-standard","has-post-thumbnail","category-leipzig","tag-de","tag-deutschland","tag-germany","tag-leipzig","tag-leipziger-stadtmagazin-urbanite","tag-sachsen","tag-stadtmagazin-urbanite","tag-urbanite-leipzig","tag-urbanite-stadtmagazin"],"share_on_mastodon":{"url":"https:\/\/pubeurope.com\/@de\/116321519561599264","error":""},"_links":{"self":[{"href":"https:\/\/www.europesays.com\/de\/wp-json\/wp\/v2\/posts\/909630","targetHints":{"allow":["GET"]}}],"collection":[{"href":"https:\/\/www.europesays.com\/de\/wp-json\/wp\/v2\/posts"}],"about":[{"href":"https:\/\/www.europesays.com\/de\/wp-json\/wp\/v2\/types\/post"}],"author":[{"embeddable":true,"href":"https:\/\/www.europesays.com\/de\/wp-json\/wp\/v2\/users\/2"}],"replies":[{"embeddable":true,"href":"https:\/\/www.europesays.com\/de\/wp-json\/wp\/v2\/comments?post=909630"}],"version-history":[{"count":0,"href":"https:\/\/www.europesays.com\/de\/wp-json\/wp\/v2\/posts\/909630\/revisions"}],"wp:featuredmedia":[{"embeddable":true,"href":"https:\/\/www.europesays.com\/de\/wp-json\/wp\/v2\/media\/909631"}],"wp:attachment":[{"href":"https:\/\/www.europesays.com\/de\/wp-json\/wp\/v2\/media?parent=909630"}],"wp:term":[{"taxonomy":"category","embeddable":true,"href":"https:\/\/www.europesays.com\/de\/wp-json\/wp\/v2\/categories?post=909630"},{"taxonomy":"post_tag","embeddable":true,"href":"https:\/\/www.europesays.com\/de\/wp-json\/wp\/v2\/tags?post=909630"}],"curies":[{"name":"wp","href":"https:\/\/api.w.org\/{rel}","templated":true}]}}