{"id":909646,"date":"2026-03-31T02:59:17","date_gmt":"2026-03-31T02:59:17","guid":{"rendered":"https:\/\/www.europesays.com\/de\/909646\/"},"modified":"2026-03-31T02:59:17","modified_gmt":"2026-03-31T02:59:17","slug":"deutsche-bahn-sperrt-strecke-von-koeln-ins-umland-fuer-vier-monate","status":"publish","type":"post","link":"https:\/\/www.europesays.com\/de\/909646\/","title":{"rendered":"Deutsche Bahn sperrt Strecke von K\u00f6ln ins Umland f\u00fcr vier Monate"},"content":{"rendered":"<p>Einschr\u00e4nkungen <\/p>\n<p>Wichtige K\u00f6lner Zugstrecke wird f\u00fcr vier Monate gesperrt<\/p>\n<p>Aktualisiert am 31.03.2026 &#8211; 04:47 UhrLesedauer: 2 Min.<\/p>\n<p><a href=\"#focus-0\" class=\"transition-colors duration-200 block text-current relative\" data-sctrack=\"FocusGalleryImage.Reference\"><img fetchpriority=\"high\" data-testid=\"Opener.Image\" style=\"--lqipURL:url('https:\/\/images.t-online.de\/2026\/03\/lnsVU8SoOyZt\/0x324:4000x2250\/fit-in\/150x0\/filters:blur(25)\/image.jpg')\"   loading=\"eager\" src=\"https:\/\/www.europesays.com\/de\/wp-content\/uploads\/2026\/03\/1774925957_923_image.jpg\" alt=\"imago images 0816909220\" title=\"imago images 0816909220\" width=\"4000\" height=\"2250\" class=\"bg-[url:var(--lqipURL)] bg-cover bg-center flex h-full w-full max-w-full\" decoding=\"async\"\/><img style=\"--width:32;--height:32\" loading=\"lazy\" src=\"https:\/\/koeln.t-online.de\/s\/paper\/_next\/static\/media\/zoom-in.f7dae02f.svg\" alt=\"Vergr\u00f6\u00dfern des Bildes\" title=\"Vergr\u00f6\u00dfern des Bildes\" class=\"block h-[calc(var(--height)_\/_16_*_1rem)] w-[calc(var(--width)_\/_16_*_1rem)] max-w-none absolute bottom-8 right-8 rounded-4 bg-snow p-8\" decoding=\"async\"\/><\/a><\/p>\n<p>Ein Pendler vor Z\u00fcgen am K\u00f6lner Hauptbahnhof (Symbolbild): Ab Ende M\u00e4rz kommen auf Pendler zwischen K\u00f6ln und dem Oberbergischen Kreis erhebliche Einschr\u00e4nkugen zu. (Quelle: IMAGO\/Christoph Hardt)<\/p>\n<p class=\"font-bold text-18 leading-17 user-text-lg:text-22 user-text-xl:text-24\">Einen wichtigen Streckenabschnitt zwischen K\u00f6ln und dem Bergischen Land sperrt die Deutsche Bahn ab Ende M\u00e4rz. Fahrg\u00e4ste m\u00fcssen mit erheblichen Verz\u00f6gerungen rechnen.<\/p>\n<p class=\"text-18 leading-17 user-text-lg:text-22 user-text-xl:text-24\">Ursache sind umfangreiche Bau- und Sanierungsarbeiten entlang des betroffenen Abschnitts. Unter anderem werden die Bahnh\u00f6fe R\u00f6srath, R\u00f6srath-Hoffnungsthal und Engelskirchen-R\u00fcnderoth von der Deutschen Bahn saniert. Dar\u00fcber hinaus entsteht in Overath-Vilkerath bis Mitte August ein v\u00f6llig neues Bahngleis, das k\u00fcnftig als Halt f\u00fcr den RB25 genutzt werden soll. Die Planungen f\u00fcr den Bahnhof in Vilkerath laufen bereits seit Jahren.<\/p>\n<p class=\"text-18 leading-17 user-text-lg:text-22 user-text-xl:text-24\">Au\u00dferdem werden etliche Br\u00fccken und Bahn\u00fcberg\u00e4nge saniert. Am Freitag (27. Februar) verk\u00fcndete die Deutsche Bahn bei einer Pressekonferenz aber schlechte Nachrichten: Die Br\u00fccke \u00fcber die L\u00fcghauser Stra\u00dfe in Hoffnungsthal kann nicht wie geplant w\u00e4hrend der Vollsperrung erneuert werden. Grund daf\u00fcr sind neue Richtlinien, die einen Bau in der jetzigen Sperrung nicht m\u00f6glich machen. Stattdessen sollen Vorarbeiten durchgef\u00fchrt werden.<\/p>\n<p class=\"text-18 leading-17 user-text-lg:text-22 user-text-xl:text-24\">Die betroffene Br\u00fccke sei auch nach Ende der Sperrung befahrbar, versicherten die Verantwortlichen. Bis 2030 muss die Br\u00fccke allerdings ersetzt werden. Auf der neuen Br\u00fccke soll auch ein zweigleisiger Bahnverkehr m\u00f6glich sein. Abgesehen von den Problemen bei der Br\u00fccke in Hoffnungsthal sollen alle geplanten Ma\u00dfnahmen im Rahmen der Vollsperrung abgeschlossen werden.<\/p>\n<p class=\"text-18 leading-17 user-text-lg:text-22 user-text-xl:text-24\">Die Deutsche Bahn setzt, wie bereits bei <a class=\"transition-colors duration-200 cursor-pointer text-inherit no-underline text-salemsfur md:hover:text-magenta md:hover:border-magenta md:focus:text-magenta border-current border-b border-solid break-words\" data-tracking=\"{&quot;action&quot;:&quot;click&quot;,&quot;category&quot;:&quot;intextLink&quot;,&quot;label&quot;:&quot;\/region\/koeln\/id_100989826\/koeln-bahnstrecke-ueber-wuppertal-nach-hagen-fuenf-monate-gesperrt-.html&quot;}\" href=\"https:\/\/koeln.t-online.de\/region\/koeln\/id_100989826\/koeln-bahnstrecke-ueber-wuppertal-nach-hagen-fuenf-monate-gesperrt-.html\" data-sctrack=\"BodyAnchor\" rel=\"nofollow noopener\" target=\"_blank\">der Vollsperrung der Strecke Hagen-Wuppertal-K\u00f6ln<\/a>, auf ein umfassendes Schienenersatzverkehrskonzept. So soll die Linie RB25 weiterhin st\u00fcndlich zwischen L\u00fcdenscheid und Gummersbach verkehren. Der Streckenabschnitt ist von den Bauma\u00dfnahmen nicht betroffen.<\/p>\n<p>Deutsche Bahn in K\u00f6ln: RB25 f\u00e4hrt monatelang nicht \u2013 enorme Belastung f\u00fcr Pendler<\/p>\n<p class=\"text-18 leading-17 user-text-lg:text-22 user-text-xl:text-24\">Abgesehen davon bietet die Deutsche Bahn drei verschiedene Ersatzbusse zwischen K\u00f6ln Messe\/Deutz und Gummersbach an. Der Lokalbus f\u00e4hrt alle Haltestellen entlang der Linie RB25 ab. Dazu kommt ein Schnellbus mit sechs Haltepunkten, sowie ein Expressbus, der lediglich in Gummersbach, Overath und K\u00f6ln Messe\/Deutz h\u00e4lt.<\/p>\n<p class=\"text-18 leading-17 user-text-lg:text-22 user-text-xl:text-24\">&#8222;Es wird dennoch eine enorme Belastung f\u00fcr Fahrg\u00e4ste geben, vor allem f\u00fcr Berufst\u00e4tige und Sch\u00fcler&#8220;, teilten die Verantwortlichen weiter mit. Durch das Ersatzkonzept sollen die Einschr\u00e4nkungen m\u00f6glichst gering gehalten und ausreichend Alternativen f\u00fcr Pendler angeboten werden.<\/p>\n<p class=\"text-18 leading-17 user-text-lg:text-22 user-text-xl:text-24\">Neben der Gro\u00dfbaustelle zwischen K\u00f6ln und dem Bergischen Land belasten auch die Bauarbeiten zwischen Hagen und K\u00f6ln den Bahnverkehr im Rheinland. Die erste Vollsperrung des Streckenabschnitts endete erst vor wenigen Tagen. <a class=\"transition-colors duration-200 cursor-pointer text-inherit no-underline text-salemsfur md:hover:text-magenta md:hover:border-magenta md:focus:text-magenta border-current border-b border-solid break-words\" data-tracking=\"{&quot;action&quot;:&quot;click&quot;,&quot;category&quot;:&quot;intextLink&quot;,&quot;label&quot;:&quot;\/region\/koeln\/id_101138124\/bahnstrecke-bei-koeln-voll-gesperrt-ersatzbusse-nehmen-falsche-route.html&quot;}\" href=\"https:\/\/koeln.t-online.de\/region\/koeln\/id_101138124\/bahnstrecke-bei-koeln-voll-gesperrt-ersatzbusse-nehmen-falsche-route.html\" data-sctrack=\"BodyAnchor\" rel=\"nofollow noopener\" target=\"_blank\">Im Schienenersatzverkehr hatte es Probleme gegeben<\/a>. Auf rund 90 Kilometern Strecke erneuert die Deutsche Bahn etliche Gleise und Bahnh\u00f6fe. Es ist eines der gr\u00f6\u00dften Sanierungsprojekte in NRW \u00fcberhaupt.<\/p>\n","protected":false},"excerpt":{"rendered":"Einschr\u00e4nkungen Wichtige K\u00f6lner Zugstrecke wird f\u00fcr vier Monate gesperrt Aktualisiert am 31.03.2026 &#8211; 04:47 UhrLesedauer: 2 Min. Ein&hellip;\n","protected":false},"author":2,"featured_media":909647,"comment_status":"","ping_status":"","sticky":false,"template":"","format":"standard","meta":{"footnotes":"","_share_on_mastodon":"0"},"categories":[1828],"tags":[43346,90938,41282,2030,29,12045,2785,138915,30,20442,55645,2229,1420,18266,47,1209,33548,88550,4125,2215,199393,22899,199394,4797],"class_list":["post-909646","post","type-post","status-publish","format-standard","has-post-thumbnail","category-koeln","tag-gummersbach","tag-90938","tag-bergisches-land","tag-deutsche-bahn","tag-deutschland","tag-deutz","tag-einschraenkung","tag-engelskirchen","tag-germany","tag-hagen","tag-hoffnungsthal","tag-ice","tag-koeln","tag-koeln-hauptbahnhof","tag-messe","tag-nordrhein-westfalen","tag-oberbergischer-kreis","tag-overath","tag-pendler","tag-roesrath","tag-ruenderoth","tag-streckenabschnitt","tag-vilkerath","tag-zugstrecke"],"share_on_mastodon":{"url":"https:\/\/pubeurope.com\/@de\/116321554788478951","error":""},"_links":{"self":[{"href":"https:\/\/www.europesays.com\/de\/wp-json\/wp\/v2\/posts\/909646","targetHints":{"allow":["GET"]}}],"collection":[{"href":"https:\/\/www.europesays.com\/de\/wp-json\/wp\/v2\/posts"}],"about":[{"href":"https:\/\/www.europesays.com\/de\/wp-json\/wp\/v2\/types\/post"}],"author":[{"embeddable":true,"href":"https:\/\/www.europesays.com\/de\/wp-json\/wp\/v2\/users\/2"}],"replies":[{"embeddable":true,"href":"https:\/\/www.europesays.com\/de\/wp-json\/wp\/v2\/comments?post=909646"}],"version-history":[{"count":0,"href":"https:\/\/www.europesays.com\/de\/wp-json\/wp\/v2\/posts\/909646\/revisions"}],"wp:featuredmedia":[{"embeddable":true,"href":"https:\/\/www.europesays.com\/de\/wp-json\/wp\/v2\/media\/909647"}],"wp:attachment":[{"href":"https:\/\/www.europesays.com\/de\/wp-json\/wp\/v2\/media?parent=909646"}],"wp:term":[{"taxonomy":"category","embeddable":true,"href":"https:\/\/www.europesays.com\/de\/wp-json\/wp\/v2\/categories?post=909646"},{"taxonomy":"post_tag","embeddable":true,"href":"https:\/\/www.europesays.com\/de\/wp-json\/wp\/v2\/tags?post=909646"}],"curies":[{"name":"wp","href":"https:\/\/api.w.org\/{rel}","templated":true}]}}