{"id":90969,"date":"2025-05-07T06:56:09","date_gmt":"2025-05-07T06:56:09","guid":{"rendered":"https:\/\/www.europesays.com\/de\/90969\/"},"modified":"2025-05-07T06:56:09","modified_gmt":"2025-05-07T06:56:09","slug":"sie-bricht-schweigen-zum-tod-der-kollegin","status":"publish","type":"post","link":"https:\/\/www.europesays.com\/de\/90969\/","title":{"rendered":"Sie bricht Schweigen zum Tod der Kollegin"},"content":{"rendered":"<p>Leighton Meester \u00fcber Michelle Trachtenberg<br \/>\nSie bricht Schweigen zum Tod der Kollegin<\/p>\n<p><img class=\"image image-element__image\"   src=\"https:\/\/www.europesays.com\/de\/wp-content\/uploads\/2025\/05\/07--sie-bricht-schweigen-zum-tod-der-kollegin---3-2---spoton-article-1096427.jpg\" alt=\"Leighton Meester (l.) und Michelle Trachtenberg bei einer Veranstaltung 2010 in New York City.\" decoding=\"async\" fetchpriority=\"high\" loading=\"eager\"\/><br \/>\n<a href=\"https:\/\/image.vip.de\/24366366\/t\/ne\/v1\/w2048\/r1.5\/-\/07--sie-bricht-schweigen-zum-tod-der-kollegin---3-2---spoton-article-1096427.jpg#imago%2FMediaPunch%20%2F%20Dennis%20Van%20Tine%2FMediaPunch\" class=\"image__magnifier\" aria-label=\"Vergr\u00f6\u00dfern\" rel=\"nofollow noopener\" target=\"_blank\"><\/p>\n<p>\n Leighton Meester (l.) und Michelle Trachtenberg bei einer Veranstaltung 2010 in New York City. <\/p>\n<p>\u00a9 imago\/MediaPunch \/ Dennis Van Tine\/MediaPunch<\/p>\n<p>\nLeighton Meester hat erstmals \u00fcber den Tod ihrer &#8222;Gossip Girl&#8220;-Kollegin Michelle Trachtenberg gesprochen und ihre Trauer geteilt.\n<\/p>\n<p class=\"text-element u-richtext u-typo u-typo--article-text article__text-element text-element--context-article\"> Im Februar dieses Jahres ersch\u00fctterte die Nachricht vom pl\u00f6tzlichen Tod der Schauspielerin Michelle Trachtenberg (1985-2025) die Filmwelt. Die durch Rollen in &#8222;Buffy &#8211; Im Bann der D\u00e4monen&#8220; und als Georgina Sparks in &#8222;Gossip Girl&#8220; bekannt gewordene Darstellerin wurde nur 39 Jahre alt. Jetzt hat sich ihre ehemalige Serienkollegin Leighton Meester, 39, erstmals \u00f6ffentlich zu dem tragischen Verlust ge\u00e4u\u00dfert.<\/p>\n<p>Leighton Meester: &#8222;Es ist ersch\u00fctternd&#8220;<\/p>\n<p class=\"text-element u-richtext u-typo u-typo--article-text article__text-element text-element--context-article\"> <a class=\"link--external\" href=\"https:\/\/www.flaunt.com\/post\/leighton-meester-cant-let-go-issue\" rel=\"nofollow noopener\" target=\"_blank\">In einem Interview mit dem Magazin &#8222;Flaunt&#8220; <\/a>fand die US-Schauspielerin, die in der Erfolgsserie Blair Waldorf verk\u00f6rperte, emotionale Worte: &#8222;Es ist ersch\u00fctternd&#8220;, wird Meester zitiert. &#8222;Sie war ein wundervoller, talentierter Mensch, und jeder hat sie geliebt. Es ist sehr, sehr traurig f\u00fcr alle, die sie kannten.&#8220;<\/p>\n<p class=\"text-element u-richtext u-typo u-typo--article-text article__text-element text-element--context-article\"> Besonders schockierend sei f\u00fcr Meester die Tatsache, dass sie und Trachtenberg im selben Alter waren, als die Trag\u00f6die geschah. Die beiden Schauspielerinnen hatten von 2007 bis 2012 gemeinsam f\u00fcr die beliebte Serie &#8222;Gossip Girl&#8220; vor der Kamera gestanden.<\/p>\n<p>Todesursache durch Komplikationen bei Diabetes<\/p>\n<p class=\"text-element u-richtext u-typo u-typo--article-text article__text-element text-element--context-article\"> Trachtenberg wurde am 26. Februar 2024 leblos in einer New Yorker Wohnung aufgefunden. Wie das New Yorker B\u00fcro des Gerichtsmediziners <a class=\"link--external\" href=\"https:\/\/people.com\/leighton-meester-reacts-to-gossip-girl-costar-michelle-trachtenberg-death-for-the-first-time-11729644\" rel=\"nofollow noopener\" target=\"_blank\">laut dem Magazin &#8222;People&#8220; <\/a>im April mitteilte, starb die Schauspielerin an Komplikationen im Zusammenhang mit Diabetes mellitus. Die Todesart wurde als nat\u00fcrlich eingestuft.<\/p>\n<p>Reaktionen der &#8222;Gossip Girl&#8220;-Familie<\/p>\n<p class=\"text-element u-richtext u-typo u-typo--article-text article__text-element text-element--context-article\"> Meester ist nicht die einzige aus dem &#8222;Gossip Girl&#8220;-Ensemble, die sich zu Trachtenbergs Tod ge\u00e4u\u00dfert hat. Zuvor hatten bereits Stars wie Penn Badgley, Blake Lively, Ed Westwick und Chace Crawford ihre Best\u00fcrzung zum Ausdruck gebracht.<\/p>\n<p class=\"text-element u-richtext u-typo u-typo--article-text article__text-element text-element--context-article\"> Badgley, der in der Serie Dan Humphrey verk\u00f6rperte, <a class=\"link--external\" href=\"https:\/\/www.eonline.com\/news\/1416578\/penn-badgleys-reaction-to-michelle-trachtenbergs-death\" rel=\"nofollow noopener\" target=\"_blank\">hatte gegen\u00fcber &#8222;E! News&#8220; erkl\u00e4rt<\/a>, dass Trachtenbergs Tod &#8222;wirklich surreal, wirklich traurig&#8220; sei. Er erinnerte sich, dass sie &#8222;unglaublich schnell anfing zu lachen&#8220; und beschrieb sie als &#8222;wirklich fr\u00f6hlich&#8220; mit einem &#8222;kindlichen, fr\u00f6hlichen Lachen&#8220;, obwohl er sie seit \u00fcber zehn Jahren nicht mehr gesehen hatte.<\/p>\n<p class=\"text-element u-richtext u-typo u-typo--article-text article__text-element text-element--context-article\"> Im Interview mit &#8222;Flaunt&#8220; betonte Meester auch, wie beeindruckend es sei, dass die Serie auch Jahre nach dem Ende noch so stark nachwirke: &#8222;Jetzt kann ich sehen, dass das Verm\u00e4chtnis der Show weiterlebt &#8211; in mancher Hinsicht sogar noch mehr als damals &#8211; was unglaublich ist.&#8220;<\/p>\n<p>\nspot on news<\/p>\n","protected":false},"excerpt":{"rendered":"Leighton Meester \u00fcber Michelle Trachtenberg Sie bricht Schweigen zum Tod der Kollegin Leighton Meester (l.) und Michelle Trachtenberg&hellip;\n","protected":false},"author":2,"featured_media":90970,"comment_status":"","ping_status":"","sticky":false,"template":"","format":"standard","meta":{"footnotes":""},"categories":[1776],"tags":[1801,29,214,30,1802,215],"class_list":{"0":"post-90969","1":"post","2":"type-post","3":"status-publish","4":"format-standard","5":"has-post-thumbnail","7":"category-prominente","8":"tag-celebrities","9":"tag-deutschland","10":"tag-entertainment","11":"tag-germany","12":"tag-prominente","13":"tag-unterhaltung"},"share_on_mastodon":{"url":"https:\/\/pubeurope.com\/@de\/114465248562650671","error":""},"_links":{"self":[{"href":"https:\/\/www.europesays.com\/de\/wp-json\/wp\/v2\/posts\/90969","targetHints":{"allow":["GET"]}}],"collection":[{"href":"https:\/\/www.europesays.com\/de\/wp-json\/wp\/v2\/posts"}],"about":[{"href":"https:\/\/www.europesays.com\/de\/wp-json\/wp\/v2\/types\/post"}],"author":[{"embeddable":true,"href":"https:\/\/www.europesays.com\/de\/wp-json\/wp\/v2\/users\/2"}],"replies":[{"embeddable":true,"href":"https:\/\/www.europesays.com\/de\/wp-json\/wp\/v2\/comments?post=90969"}],"version-history":[{"count":0,"href":"https:\/\/www.europesays.com\/de\/wp-json\/wp\/v2\/posts\/90969\/revisions"}],"wp:featuredmedia":[{"embeddable":true,"href":"https:\/\/www.europesays.com\/de\/wp-json\/wp\/v2\/media\/90970"}],"wp:attachment":[{"href":"https:\/\/www.europesays.com\/de\/wp-json\/wp\/v2\/media?parent=90969"}],"wp:term":[{"taxonomy":"category","embeddable":true,"href":"https:\/\/www.europesays.com\/de\/wp-json\/wp\/v2\/categories?post=90969"},{"taxonomy":"post_tag","embeddable":true,"href":"https:\/\/www.europesays.com\/de\/wp-json\/wp\/v2\/tags?post=90969"}],"curies":[{"name":"wp","href":"https:\/\/api.w.org\/{rel}","templated":true}]}}