{"id":909714,"date":"2026-03-31T03:40:14","date_gmt":"2026-03-31T03:40:14","guid":{"rendered":"https:\/\/www.europesays.com\/de\/909714\/"},"modified":"2026-03-31T03:40:14","modified_gmt":"2026-03-31T03:40:14","slug":"stuttgart-nagelsmanns-haupt-erkenntnisse-in-einer-erfolgreichen-woche","status":"publish","type":"post","link":"https:\/\/www.europesays.com\/de\/909714\/","title":{"rendered":"Stuttgart | Nagelsmanns Haupt-Erkenntnisse in einer erfolgreichen Woche"},"content":{"rendered":"<p>Stuttgart (dpa) &#8211; Zwei Spiele, zwei Siege &#8211; Julian Nagelsmann verlie\u00df das Stuttgarter Stadion nach dem erreichten Wochenziel mit einem schon guten WM-Gef\u00fchl. \u00abWir haben Erkenntnisse gewonnen, die wir jetzt verarbeiten. Wir haben ein paar Schritte nach vorne gemacht Richtung WM\u00bb, res\u00fcmierte der Bundestrainer. Das sp\u00e4t erzwungene 2:1 gegen Ghana gefiel ihm als Trainer insgesamt sogar besser als das wilde und unterhaltsame 4:3 in der Schweiz.<\/p>\n<p>Die WM-Perspektive<\/p>\n<p>In der Favoritenrolle f\u00fcr den goldenen WM-Pokal sieht Nagelsmann den viermaligen Weltmeister Deutschland nicht. Aber nach sieben Siegen in Serie stimmt die Richtung. Und nichts st\u00e4rkt das Selbstvertrauen mehr als Erfolge. \u00abWir haben sicherlich zwei nicht perfekte Spiele gemacht. Aber wir haben beide Spiele trotzdem gewonnen\u00bb, hob Kapit\u00e4n Joshua Kimmich explizit hervor.<\/p>\n<p>\u00abDie Jungs haben ein sehr gutes Verst\u00e4ndnis jetzt, wie sie auftreten m\u00fcssen, wo sie ansetzen k\u00f6nnen, dass es noch stabiler wird\u00bb, sagte Nagelsmann. Am 12. Mai wird er seinen WM-Kader nominieren. 13 Tage sp\u00e4ter beginnt die unmittelbare Turniervorbereitung in Herzogenaurach.\u00a0<\/p>\n<p>Daf\u00fcr \u00e4u\u00dferte der 38-J\u00e4hrige seine W\u00fcnsche. An vorderster Stelle stehen fitte, formstarke Akteure. Er dr\u00fcckt \u00aballen Spielern die Daumen\u00bb, dass sie die Saison in ihren Vereinen bestm\u00f6glich beenden. \u00abSie sollen m\u00f6glichst viele Titel mitbringen in die letzte Phase vor der WM\u00bb, sagte der Bundestrainer: \u00abDann haben wird nochmal zwei sch\u00f6ne Tests gegen Finnland und die USA &#8211; und dann sind wir sehr gut pr\u00e4pariert und geben alles f\u00fcr ein gutes Turnier.\u00bb<\/p>\n<p>Gro\u00dfes Offensiv-Potenzial mit einer Neuentdeckung\u00a0<\/p>\n<p>Die Offensive bietet dem Bundestrainer vielf\u00e4ltige M\u00f6glichkeiten. Florian Wirtz ist ein echter Unterschiedsspieler. Kai Havertz nahm bei seiner R\u00fcckkehr nach 16 Monaten sofort wieder seinen Stammplatz ein und \u00fcbernahm gegen Ghana Verantwortung als Elfmetersch\u00fctze. Serge Gnabry liefert wie beim FC Bayern. Deniz Undav stach mit seinem sp\u00e4ten Siegtor gegen Ghana als Joker. Und wenn jetzt noch Jamal Musiala die WM-Fitness erlangt, scheint vieles m\u00f6glich.<\/p>\n<p>Zumal es beim Start ins WM-Jahr noch eine Entdeckung gab. Der 18 Jahre alte Lennart Karl \u00fcberzeugte mit seinen Dribblings und seiner Forschheit auf dem Platz nicht nur den Bundestrainer bei seinen ersten L\u00e4nderspielminuten.\u00a0<\/p>\n<p>\u00abIch finde, er hat einen Supereindruck gemacht. Er hat investiert in beiden Spielen, er ist marschiert. Er hat den ersten Minischritt gemacht in die A-Nationalmannschaft. Er hat eigentlich keine Anlaufphase gebraucht. Es ist schon ein sehr, sehr guter Spieler\u00bb, sagte Nagelsmann. Karl hat sich wohl in den WM-Kader gespielt.\u00a0<\/p>\n<p>Undav und die verflixten Rollenprofile<\/p>\n<p>26 Spieler darf der Bundestrainer mit nach Amerika nehmen. Nagelsmann hat aber jetzt schon klare WM-Rollen verteilt. Die erste Elf steht im Grunde, auch wenn zum Beispiel Matchwinner Undav deutlich mehr sein m\u00f6chte als \u00abnur\u00bb ein Joker. \u00abNat\u00fcrlich w\u00fcrde ich sie gerne ver\u00e4ndern\u00bb, sagte der 26-J\u00e4hrige, der bei seinem Heimspiel in Stuttgart schon vor dem Tor lautstark gefeiert wurde.<\/p>\n<p>Nagelsmann konnte sich jedoch best\u00e4tigt f\u00fchlen: Undav bringen &#8211; und dann schl\u00e4gt der mit 18 Toren erfolgreichste Bundesliga-Torsch\u00fctze hinter Harry Kane zu. \u00abIch glaube zu wissen, dass wir auch im Sommer auf jeden Fall Joker brauchen, die in der Lage sind, Spiele zu entscheiden. Er hat sein Tor gemacht, das ist sein Auftrag, das ist seine Rolle\u00bb, sagte Nagelsmann. Ein Rollenwechsel bei Undav sei \u00abeher unwahrscheinlich, weil ich die Rollengespr\u00e4che nicht gef\u00fchrt habe f\u00fcr den M\u00e4rz, sondern f\u00fcr die WM\u00bb, bekr\u00e4ftigte Nagelsmann.<\/p>\n<p>Der \u00c4rger \u00fcber die Pfiffe gegen San\u00e9<\/p>\n<p>Eines kam beim Bundestrainer und den Nationalspielern schlecht an &#8211; die Pfiffe gegen Leroy San\u00e9, der diesmal erst in der 78. Minute hereinkam. Nagelsmann w\u00fcrde sich w\u00fcnschen, dass man \u00abden Spieler zumindest bei der Einwechslung so lange unterst\u00fctzt, wie er den Adler auf der Brust tr\u00e4gt\u00bb. San\u00e9 war mit einer gekonnten Kopfball-Vorlage dann noch entscheidend am Siegtor beteiligt.\u00a0<\/p>\n<p>Sch\u00fctze Undav richtete einen Appell an die Fans. \u00abWir brauchen jeden Spieler, egal ob man Leroy mag oder nicht, wir werden ihn brauchen. Wir wissen um seine Qualit\u00e4t. Und wir sind eine Mannschaft, wir sind eine Nation, wir m\u00fcssen zusammenhalten, da darf man keinen ausgrenzen\u00bb, sagte der Fan-Liebling.<\/p>\n","protected":false},"excerpt":{"rendered":"Stuttgart (dpa) &#8211; Zwei Spiele, zwei Siege &#8211; Julian Nagelsmann verlie\u00df das Stuttgarter Stadion nach dem erreichten Wochenziel&hellip;\n","protected":false},"author":2,"featured_media":909715,"comment_status":"","ping_status":"","sticky":false,"template":"","format":"standard","meta":{"footnotes":"","_share_on_mastodon":"0"},"categories":[1841],"tags":[36390,1634,1605,3364,29,347,30,10702,1209],"class_list":["post-909714","post","type-post","status-publish","format-standard","has-post-thumbnail","category-bielefeld","tag-ghana","tag-baden-wuerttemberg","tag-bielefeld","tag-de","tag-deutschland","tag-fussball","tag-germany","tag-nationalmannschaft","tag-nordrhein-westfalen"],"share_on_mastodon":{"url":"https:\/\/pubeurope.com\/@de\/116321715860905522","error":""},"_links":{"self":[{"href":"https:\/\/www.europesays.com\/de\/wp-json\/wp\/v2\/posts\/909714","targetHints":{"allow":["GET"]}}],"collection":[{"href":"https:\/\/www.europesays.com\/de\/wp-json\/wp\/v2\/posts"}],"about":[{"href":"https:\/\/www.europesays.com\/de\/wp-json\/wp\/v2\/types\/post"}],"author":[{"embeddable":true,"href":"https:\/\/www.europesays.com\/de\/wp-json\/wp\/v2\/users\/2"}],"replies":[{"embeddable":true,"href":"https:\/\/www.europesays.com\/de\/wp-json\/wp\/v2\/comments?post=909714"}],"version-history":[{"count":0,"href":"https:\/\/www.europesays.com\/de\/wp-json\/wp\/v2\/posts\/909714\/revisions"}],"wp:featuredmedia":[{"embeddable":true,"href":"https:\/\/www.europesays.com\/de\/wp-json\/wp\/v2\/media\/909715"}],"wp:attachment":[{"href":"https:\/\/www.europesays.com\/de\/wp-json\/wp\/v2\/media?parent=909714"}],"wp:term":[{"taxonomy":"category","embeddable":true,"href":"https:\/\/www.europesays.com\/de\/wp-json\/wp\/v2\/categories?post=909714"},{"taxonomy":"post_tag","embeddable":true,"href":"https:\/\/www.europesays.com\/de\/wp-json\/wp\/v2\/tags?post=909714"}],"curies":[{"name":"wp","href":"https:\/\/api.w.org\/{rel}","templated":true}]}}