{"id":910110,"date":"2026-03-31T07:25:15","date_gmt":"2026-03-31T07:25:15","guid":{"rendered":"https:\/\/www.europesays.com\/de\/910110\/"},"modified":"2026-03-31T07:25:15","modified_gmt":"2026-03-31T07:25:15","slug":"borussia-moenchengladbach-zwei-gladbach-profis-unter-sieg-zwang-sport","status":"publish","type":"post","link":"https:\/\/www.europesays.com\/de\/910110\/","title":{"rendered":"Borussia M\u00f6nchengladbach: Zwei Gladbach-Profis unter Sieg-Zwang | Sport"},"content":{"rendered":"<p><a class=\"skip-content skip-content--link\" href=\"#in-content-skip-link-target-v-0-0\">TTS-Player \u00fcberspringen\u21b5<\/a><a id=\"in-content-skip-link-target-v-0-0\" class=\"skip-content--target-link-hidden skip-content skip-content--target-link\" href=\"#in-content-skip-link-target-v-0-0\">Artikel weiterlesen<\/a><\/p>\n<p><b>F\u00fcr zwei Gladbach-Profis stehen am Dienstag eminent wichtige L\u00e4nderspiele auf dem Programm! St\u00fcrmer Haris Tabakovic (31) k\u00e4mpft mit Bosnien-Herzegowina in Zenica im Play-off-Finale gegen Italien (20.45 Uhr) um das Ticket f\u00fcr die Weltmeisterschaft in den USA, Kanada und Mexiko. Lukas Ullrich (22) spielt bereits um 18 Uhr mit der deutschen U21-Nationalmannschaft in der EM-Qualifikation bei Spitzenreiter Griechenland. Auch da z\u00e4hlt nur ein Sieg \u2013 nur der Gruppen-Erste ist direkt f\u00fcr die U21-EM 2027 qualifiziert.<\/b><\/p>\n<p><img decoding=\"async\" width=\"992\" height=\"1178\" alt=\"Lukas Ullrich (22) steuerte Freitag beim 3:0 gegen Nordirland zwei Assists bei\" src=\"https:\/\/www.europesays.com\/de\/wp-content\/uploads\/2026\/03\/e6bb34b45fc788b528b891e8554c060a,620f5e35.jpeg\"   class=\"portrait\" loading=\"lazy\"\/><\/p>\n<p class=\"fig__caption__text\">Lukas Ullrich (22) steuerte Freitag beim 3:0 gegen Nordirland zwei Assists bei<\/p>\n<p>Foto: Getty Images<\/p>\n<p>Tabakovic war am Donnerstag beim Krimi im Halbfinale in Wales ein ganz entscheidender Akteur. Der St\u00fcrmer kam zwar erst nach 78 Minuten in die Partie \u2013 doch da lag Bosnien noch mit 0:1 hinten. Tabakovic gab der Offensive neuen Schwung. Und im Elfmeterschie\u00dfen war er es, der Bosnien mit seinem Treffer wieder in die Spur brachte \u2013 zuvor hatte der Stuttgarter Ermedin Demirovic (28) verschossen. Obwohl Bosnien gegen Italien auf dem Papier krasser Au\u00dfenseiter ist, hatte Tabakovic bereits vor den Play-offs gegen\u00fcber BILD betont: \u201eBeim zweiten Spiel zu Hause in Bosnien ist dann alles m\u00f6glich. Mit unseren Fans im R\u00fccken, in unserem Stadion, sehe ich definitiv unsere Chance.\u201c<\/p>\n<p>Auch Ullrich wird mit der deutschen U21 in Griechenland voll auf Sieg spielen. Bleibt Deutschland n\u00e4mlich nur Zweiter, drohen die EM-Play-offs. Nur der beste Gruppen-Zweite ist direkt qualifiziert, die acht anderen Zweiten spielen dann die restlichen vier EM-Tickets aus. Ullrich, der seinen Stammplatz in der <a href=\"https:\/\/www.bild.de\/sport\/fussball\/bundesliga\/bundesliga-startseite-52368768.bild.html\" class=\"text-link\" rel=\"nofollow noopener\" target=\"_blank\">Bundesliga<\/a> in<a href=\"https:\/\/www.bild.de\/sport\/fussball\/borussia-moenchengladbach\/startseite-borussia-moenchengladbach-31074418.bild.html\" class=\"text-link\" rel=\"nofollow noopener\" target=\"_blank\"> Gladbach<\/a> zuletzt verloren hatte, \u00fcberzeugte am Freitag im Nationaltrikot. Beim 3:0 gegen Nordirland hatte der Linksverteidiger gleich zwei Treffer vorbereitet. Ullrich: \u201eWenn wir den Ball hatten, sollte ich mehr ins Zentrum schieben. Schon in der Jugend habe ich so relativ viele Tore als Verteidiger\u00a0gemacht, weil ich dann oft mit in die Box gegangen bin. Sch\u00f6n, dass es mal wieder so geklappt hat.\u201c<\/p>\n","protected":false},"excerpt":{"rendered":"TTS-Player \u00fcberspringen\u21b5Artikel weiterlesen F\u00fcr zwei Gladbach-Profis stehen am Dienstag eminent wichtige L\u00e4nderspiele auf dem Programm! St\u00fcrmer Haris Tabakovic&hellip;\n","protected":false},"author":2,"featured_media":910111,"comment_status":"","ping_status":"","sticky":false,"template":"","format":"standard","meta":{"footnotes":"","_share_on_mastodon":"0"},"categories":[136],"tags":[815,1260,29,538,347,38029,30,265,819,114292,45,43734,43735,114290],"class_list":["post-910110","post","type-post","status-publish","format-standard","has-post-thumbnail","category-sport","tag-borussia-moenchengladbach","tag-deutsche-nationalmannschaft","tag-deutschland","tag-erste-bundesliga","tag-fussball","tag-fussball-wm-2026","tag-germany","tag-sport","tag-sport-leuchtturm-essen","tag-tabakovic-haris","tag-texttospeech","tag-u21-nationalmannschaft-deutschland","tag-u21-em","tag-ullrich-lukas"],"share_on_mastodon":{"url":"https:\/\/pubeurope.com\/@de\/116322600704447019","error":""},"_links":{"self":[{"href":"https:\/\/www.europesays.com\/de\/wp-json\/wp\/v2\/posts\/910110","targetHints":{"allow":["GET"]}}],"collection":[{"href":"https:\/\/www.europesays.com\/de\/wp-json\/wp\/v2\/posts"}],"about":[{"href":"https:\/\/www.europesays.com\/de\/wp-json\/wp\/v2\/types\/post"}],"author":[{"embeddable":true,"href":"https:\/\/www.europesays.com\/de\/wp-json\/wp\/v2\/users\/2"}],"replies":[{"embeddable":true,"href":"https:\/\/www.europesays.com\/de\/wp-json\/wp\/v2\/comments?post=910110"}],"version-history":[{"count":0,"href":"https:\/\/www.europesays.com\/de\/wp-json\/wp\/v2\/posts\/910110\/revisions"}],"wp:featuredmedia":[{"embeddable":true,"href":"https:\/\/www.europesays.com\/de\/wp-json\/wp\/v2\/media\/910111"}],"wp:attachment":[{"href":"https:\/\/www.europesays.com\/de\/wp-json\/wp\/v2\/media?parent=910110"}],"wp:term":[{"taxonomy":"category","embeddable":true,"href":"https:\/\/www.europesays.com\/de\/wp-json\/wp\/v2\/categories?post=910110"},{"taxonomy":"post_tag","embeddable":true,"href":"https:\/\/www.europesays.com\/de\/wp-json\/wp\/v2\/tags?post=910110"}],"curies":[{"name":"wp","href":"https:\/\/api.w.org\/{rel}","templated":true}]}}