{"id":910146,"date":"2026-03-31T07:45:15","date_gmt":"2026-03-31T07:45:15","guid":{"rendered":"https:\/\/www.europesays.com\/de\/910146\/"},"modified":"2026-03-31T07:45:15","modified_gmt":"2026-03-31T07:45:15","slug":"kreissparkasse-steinfurt-beschaeftigt-sich-mit-nachfolge","status":"publish","type":"post","link":"https:\/\/www.europesays.com\/de\/910146\/","title":{"rendered":"Kreissparkasse Steinfurt besch\u00e4ftigt sich mit Nachfolge"},"content":{"rendered":"\n<p>M\u00fcnster &#8211; Rund 200 Firmenkundinnen und Firmenkunden aus dem gesamten Kreis Steinfurt folgten Ende M\u00e4rz der Einladung der Kreissparkasse Steinfurt zur Veranstaltung \u201eVon Generation zu Generation \u2013 Nachfolge gestalten &amp; Unternehmen erfolgreich weiterf\u00fchren\u201c. Im X-Dock der Fiege-Gruppe im Hafen von M\u00fcnster stand ein Thema im Mittelpunkt, das f\u00fcr viele Betriebe aktueller denn je ist: die erfolgreiche Unternehmensnachfolge. <\/p>\n<p>Moderiert wurde der Abend von Rainer Langkamp, Vorstandsvorsitzender der Kreissparkasse Steinfurt. In seiner Begr\u00fc\u00dfung machte er deutlich, wie gro\u00df die Herausforderung ist: \u201eIn den kommenden Jahren stehen bundesweit j\u00e4hrlich rund 109.000 Unternehmensnachfolgen an \u2013 im Kreis Steinfurt sind das ungef\u00e4hr 900 pro Jahr. In vielen F\u00e4llen gibt es keine geeignete Nachfolgel\u00f6sung \u2013 mit sp\u00fcrbaren Auswirkungen auf Investitionen, Wachstum und Arbeitspl\u00e4tze f\u00fcr die gesamte Region.\u201c<\/p>\n<p>Dass die Nachfolge weit mehr ist als ein rein rechtlicher oder steuerlicher Prozess, wurde im Verlauf des Abends deutlich. Vielmehr geht es um strategische Entscheidungen, langfristige Planung \u2013 und nicht zuletzt um Emotionen. Genau hier setzte die Veranstaltung an und bot den G\u00e4sten vielf\u00e4ltige Perspektiven aus Praxis und Beratung.<\/p>\n<p>Hochkar\u00e4tige Speaker lieferten dazu wertvolle Einblicke: Prof. Dr. Peter May, Experte f\u00fcr Familienunternehmen aus Bonn, beleuchtete die zentralen Herausforderungen der Unternehmensnachfolge aus wissenschaftlicher und praktischer Sicht. \u201eDie Unternehmensnachfolge ist die K\u00f6nigsdisziplin f\u00fcr einen Unternehmer\u201c, sagte er. Julia Ledermann, Gesellschafterin und Vorsitzende des Gesellschafterkreises sowie des Beirats der edding AG aus Ahrensburg (Schleswig-Holstein), berichtete aus ihrer eigenen Nachfolge im Familienunternehmen und gab pers\u00f6nliche Einblicke in ihre \u201eNachfolgereise\u201c. Jens Fiege, Co-CEO der FIEGE-Gruppe aus Greven, zeigte als Hausherr im X-Dock die Perspektiven sowohl der \u00fcbergebenden als auch der \u00fcbernehmenden Generation auf. \u201eRechtzeitig an die Zukunft zu denken, ist grundlegend wichtig\u201c, sagte er. Gustav Deiters, ehemaliger Gesch\u00e4ftsf\u00fchrer und CEO der Crespel &amp; Deiters Group aus Ibbenb\u00fcren, wiederum schilderte den \u00dcbergang seines Unternehmens nach 41 Jahren an die n\u00e4chste Generation \u2013 verbunden mit vielen pers\u00f6nlichen Erfahrungen, Erinnerungen und Emotionen.<\/p>\n<p>Neben den fachlichen Impulsen nutzten die G\u00e4ste vor allem die Gelegenheit zum Austausch und zur Vernetzung. Beim anschlie\u00dfenden Get-together wurden Erfahrungen geteilt, Herausforderungen diskutiert und neue Kontakte gekn\u00fcpft.<\/p>\n<p>\u00a0<\/p>\n","protected":false},"excerpt":{"rendered":"M\u00fcnster &#8211; Rund 200 Firmenkundinnen und Firmenkunden aus dem gesamten Kreis Steinfurt folgten Ende M\u00e4rz der Einladung der&hellip;\n","protected":false},"author":2,"featured_media":910147,"comment_status":"","ping_status":"","sticky":false,"template":"","format":"standard","meta":{"footnotes":"","_share_on_mastodon":"0"},"categories":[1843],"tags":[3364,29,66801,30,199600,8970,13796,1209,199601],"class_list":["post-910146","post","type-post","status-publish","format-standard","has-post-thumbnail","category-muenster","tag-de","tag-deutschland","tag-fiege","tag-germany","tag-kreissparkasse-steinfurt","tag-muenster","tag-nachfolge","tag-nordrhein-westfalen","tag-x-dock"],"share_on_mastodon":{"url":"https:\/\/pubeurope.com\/@de\/116322679330103390","error":""},"_links":{"self":[{"href":"https:\/\/www.europesays.com\/de\/wp-json\/wp\/v2\/posts\/910146","targetHints":{"allow":["GET"]}}],"collection":[{"href":"https:\/\/www.europesays.com\/de\/wp-json\/wp\/v2\/posts"}],"about":[{"href":"https:\/\/www.europesays.com\/de\/wp-json\/wp\/v2\/types\/post"}],"author":[{"embeddable":true,"href":"https:\/\/www.europesays.com\/de\/wp-json\/wp\/v2\/users\/2"}],"replies":[{"embeddable":true,"href":"https:\/\/www.europesays.com\/de\/wp-json\/wp\/v2\/comments?post=910146"}],"version-history":[{"count":0,"href":"https:\/\/www.europesays.com\/de\/wp-json\/wp\/v2\/posts\/910146\/revisions"}],"wp:featuredmedia":[{"embeddable":true,"href":"https:\/\/www.europesays.com\/de\/wp-json\/wp\/v2\/media\/910147"}],"wp:attachment":[{"href":"https:\/\/www.europesays.com\/de\/wp-json\/wp\/v2\/media?parent=910146"}],"wp:term":[{"taxonomy":"category","embeddable":true,"href":"https:\/\/www.europesays.com\/de\/wp-json\/wp\/v2\/categories?post=910146"},{"taxonomy":"post_tag","embeddable":true,"href":"https:\/\/www.europesays.com\/de\/wp-json\/wp\/v2\/tags?post=910146"}],"curies":[{"name":"wp","href":"https:\/\/api.w.org\/{rel}","templated":true}]}}