{"id":910174,"date":"2026-03-31T08:01:15","date_gmt":"2026-03-31T08:01:15","guid":{"rendered":"https:\/\/www.europesays.com\/de\/910174\/"},"modified":"2026-03-31T08:01:15","modified_gmt":"2026-03-31T08:01:15","slug":"verbraucher-aufgepasst-das-aendert-sich-im-april-2","status":"publish","type":"post","link":"https:\/\/www.europesays.com\/de\/910174\/","title":{"rendered":"Verbraucher aufgepasst: Das \u00e4ndert sich im April"},"content":{"rendered":"<p>Verbraucher aufgepasstDas \u00e4ndert sich im April<\/p>\n<p>31.03.2026, 06:50 Uhr <\/p>\n<p>Artikel anh\u00f6ren(07:13 min)<\/p>\n<p><img decoding=\"async\" class=\"Image_img__fQCi0 Image_Img_16_9__4BLfH widget-picture-inline_maximizable__t_E7h\" loading=\"eager\" fetchpriority=\"high\" src=\"https:\/\/www.europesays.com\/de\/wp-content\/uploads\/2026\/03\/imago60885259h.webp.webp\" alt=\"imago60885259h\"\/>Verbraucher m\u00fcssen auch im neuen Monat einiges beachten. (Foto: imago\/CHROMORANGE)TeilenFolgen auf:<a href=\"https:\/\/www.whatsapp.com\/channel\/0029Va5cdVJD8SDp5YZgYF01\" title=\"Auf WhatsApp folgen\" target=\"_blank\" rel=\"nofollow noopener\"><img decoding=\"async\" src=\"https:\/\/www.n-tv.de\/socialIcons\/whatsapp.svg\" alt=\"whatsapp\" class=\"ArticleShare_icon__FsrC2\"\/><\/a><a href=\"https:\/\/news.google.com\/publications\/CAAiEPMdif5mpRNxiLOeUpHCwwsqFAgKIhDzHYn-ZqUTcYiznlKRwsML?hl=de&amp;gl=DE&amp;ceid=DE%3Ade\" title=\"Auf Google News folgen\" target=\"_blank\" rel=\"nofollow noopener\"><img decoding=\"async\" src=\"https:\/\/www.n-tv.de\/socialIcons\/google.svg\" alt=\"whatsapp\" class=\"ArticleShare_icon__FsrC2\"\/><\/a><\/p>\n<p class=\"Typography_text-default__P3otY Typography_weight-normal__pqUbH storyline_paragraph_p__qSR5N\">Mehr Geld\u00a0im\u00a0\u00f6ffentlichen Dienst, strengere Regeln f\u00fcr Lachgas f\u00fcr Minderj\u00e4hrige und eine USB-C-Pflicht f\u00fcr weitere Ger\u00e4te. Dies und anderes erwartet Sie im neuen Monat.<\/p>\n<p class=\"Typography_text-default__P3otY Typography_weight-normal__pqUbH storyline_paragraph_p__qSR5N\">Der Fr\u00fchling nimmt Fahrt auf und Ostern steht vor der T\u00fcr. Im April k\u00f6nnen sich die Menschen aber nicht nur auf Ferien und die Aussicht auf besseres Wetter einstellen. Welche \u00c4nderungen bringt der neue Monat?<\/p>\n<p class=\"Typography_text-default__P3otY Typography_weight-normal__pqUbH storyline_paragraph_p__qSR5N\"><b class=\"bold\">Mehr Geld f\u00fcr Besch\u00e4ftigte im \u00f6ffentlichen Dienst<\/b><\/p>\n<p class=\"Typography_text-default__P3otY Typography_weight-normal__pqUbH storyline_paragraph_p__qSR5N\">Nach der Einigung zwischen Gewerkschaften und Arbeitgebern bekommen rund 925.000 Tarifbesch\u00e4ftigte der L\u00e4nder ab dem 1. April mehr Geld: Ihre L\u00f6hne steigen um 2,8 Prozent, aber mindestens um 100 Euro. Das gilt in 15 von 16 Bundesl\u00e4ndern, da das Land Hessen getrennt verhandelt. Die n\u00e4chste Erh\u00f6hung gibt es zum 1. M\u00e4rz 2027.<\/p>\n<p class=\"Typography_text-default__P3otY Typography_weight-normal__pqUbH storyline_paragraph_p__qSR5N\"><b class=\"bold\">Bundesl\u00e4nder in den Osterferien<\/b><\/p>\n<p class=\"Typography_text-default__P3otY Typography_weight-normal__pqUbH storyline_paragraph_p__qSR5N\">Millionen Sch\u00fcler und Lehrer sind in den meisten Bundesl\u00e4ndern bereits seit Ende M\u00e4rz in den Osterferien. Nur in Hamburg sind sie schon vorbei.<\/p>\n<p class=\"Typography_text-default__P3otY Typography_weight-normal__pqUbH storyline_paragraph_p__qSR5N\"><b class=\"bold\">\u00dcbersicht \u00fcber die Osterferien<\/b><\/p>\n<ul class=\"storyline_list_bulleted_ul__UBKND\">\n<li>\n<p class=\"Typography_text-default__P3otY Typography_weight-normal__pqUbH storyline_paragraph_p__qSR5N\">Baden-W\u00fcrttemberg: 30. M\u00e4rz. &#8211; 11. April<\/p>\n<\/li>\n<li>\n<p class=\"Typography_text-default__P3otY Typography_weight-normal__pqUbH storyline_paragraph_p__qSR5N\">Bayern: 30. M\u00e4rz &#8211; 10. April<\/p>\n<\/li>\n<li>\n<p class=\"Typography_text-default__P3otY Typography_weight-normal__pqUbH storyline_paragraph_p__qSR5N\">Berlin: 30. M\u00e4rz. &#8211; 10. April<\/p>\n<\/li>\n<li>\n<p class=\"Typography_text-default__P3otY Typography_weight-normal__pqUbH storyline_paragraph_p__qSR5N\">Brandenburg: 30. M\u00e4rz. &#8211; 10. April<\/p>\n<\/li>\n<li>\n<p class=\"Typography_text-default__P3otY Typography_weight-normal__pqUbH storyline_paragraph_p__qSR5N\">Bremen: 23. M\u00e4rz &#8211; 7. April<\/p>\n<\/li>\n<li>\n<p class=\"Typography_text-default__P3otY Typography_weight-normal__pqUbH storyline_paragraph_p__qSR5N\">Hessen: 30. M\u00e4rz. &#8211; 10. April<\/p>\n<\/li>\n<li>\n<p class=\"Typography_text-default__P3otY Typography_weight-normal__pqUbH storyline_paragraph_p__qSR5N\">Mecklenburg-Vorpommern: 30. M\u00e4rz. &#8211; 8. April<\/p>\n<\/li>\n<li>\n<p class=\"Typography_text-default__P3otY Typography_weight-normal__pqUbH storyline_paragraph_p__qSR5N\">Niedersachsen: 23. M\u00e4rz. &#8211; 7. April<\/p>\n<\/li>\n<li>\n<p class=\"Typography_text-default__P3otY Typography_weight-normal__pqUbH storyline_paragraph_p__qSR5N\">Nordrhein-Westfalen: 30. M\u00e4rz. &#8211; 11. April<\/p>\n<\/li>\n<li>\n<p class=\"Typography_text-default__P3otY Typography_weight-normal__pqUbH storyline_paragraph_p__qSR5N\">Rheinland-Pfalz: 30. M\u00e4rz. &#8211; 10. April<\/p>\n<\/li>\n<li>\n<p class=\"Typography_text-default__P3otY Typography_weight-normal__pqUbH storyline_paragraph_p__qSR5N\">Saarland: 7. &#8211; 17. April<\/p>\n<\/li>\n<li>\n<p class=\"Typography_text-default__P3otY Typography_weight-normal__pqUbH storyline_paragraph_p__qSR5N\">Sachsen: 3. &#8211; 10. April<\/p>\n<\/li>\n<li>\n<p class=\"Typography_text-default__P3otY Typography_weight-normal__pqUbH storyline_paragraph_p__qSR5N\">Sachsen-Anhalt: 30. M\u00e4rz. &#8211; 4. April<\/p>\n<\/li>\n<li>\n<p class=\"Typography_text-default__P3otY Typography_weight-normal__pqUbH storyline_paragraph_p__qSR5N\">Schleswig-Holstein: 26. M\u00e4rz. &#8211; 10. April<\/p>\n<\/li>\n<li>\n<p class=\"Typography_text-default__P3otY Typography_weight-normal__pqUbH storyline_paragraph_p__qSR5N\">Th\u00fcringen: 7. &#8211; 17. April<\/p>\n<\/li>\n<\/ul>\n<p class=\"Typography_text-default__P3otY Typography_weight-normal__pqUbH storyline_paragraph_p__qSR5N\"><b class=\"bold\">Kostenlose Lungenkrebs-Fr\u00fcherkennung<\/b><\/p>\n<p class=\"Typography_text-default__P3otY Typography_weight-normal__pqUbH storyline_paragraph_p__qSR5N\">Starke Raucherinnen und Raucher haben ab dem 1. April Anspruch auf eine j\u00e4hrliche kostenlose Untersuchung zur Fr\u00fcherkennung von Lungenkrebs. Aktive und ehemalige Raucher im Alter zwischen 50 und 75 Jahren k\u00f6nnen sich k\u00fcnftig alle 12 Monate mittels Niedrigdosis-Computertomographie (NDCT) untersuchen lassen. Die Leistung wird von den gesetzlichen Krankenkassen \u00fcbernommen.<\/p>\n<p class=\"Typography_text-default__P3otY Typography_weight-normal__pqUbH storyline_paragraph_p__qSR5N\">Bis man einen Termin bekommt, k\u00f6nnte es allerdings noch etwas l\u00e4nger dauern. \u00c4rztinnen und \u00c4rzte sowie Radiologinnen und Radiologen brauchen daf\u00fcr eine besondere Fortbildung, letztere dar\u00fcber hinaus eine Genehmigung, wie der Gemeinsame Bundesausschuss (G-BA) mitteilte.<\/p>\n<p class=\"Typography_text-default__P3otY Typography_weight-normal__pqUbH storyline_paragraph_p__qSR5N\"><b class=\"bold\">Verpflichtende USB-C-Ladebuchse bei Laptops<\/b><\/p>\n<p class=\"Typography_text-default__P3otY Typography_weight-normal__pqUbH storyline_paragraph_p__qSR5N\">Ab dem 28. April m\u00fcssen in der EU angebotene Laptops verpflichtend einen USB-C-Ladeanschluss haben. F\u00fcr Kleinger\u00e4te wie Smartphones und Handys gilt das bereits seit Ende 2024, f\u00fcr Laptops galt dagegen eine l\u00e4ngere \u00dcbergangszeit. Auch Ger\u00e4te, die eine h\u00f6here Leistung als die \u00fcber USB-C m\u00f6glichen 240 Watt ben\u00f6tigen, m\u00fcssen den Anschluss zumindest als zus\u00e4tzliche Buchse mitbringen.<\/p>\n<p class=\"Typography_text-default__P3otY Typography_weight-normal__pqUbH storyline_paragraph_p__qSR5N\"><b class=\"bold\">Lachgas-Verbot f\u00fcr Minderj\u00e4hrige<\/b><\/p>\n<p class=\"Typography_text-default__P3otY Typography_weight-normal__pqUbH storyline_paragraph_p__qSR5N\">Minderj\u00e4hrige d\u00fcrfen ab dem 12. April bundesweit kein Lachgas mehr erwerben oder besitzen. Generell verboten werden der Online-Handel mit Lachgas und der Kauf an Automaten. Gerade f\u00fcr Minderj\u00e4hrige ist der Konsum von Lachgas mit hohen Gesundheitsrisiken verbunden &#8211; von Bewusstlosigkeit bis hin zu bleibenden Sch\u00e4den des Nervensystems. Strikte Regeln kommen auch f\u00fcr die als K.-o.-Tropfen bekannten Chemikalien Gamma-Butyrolacton (GBL) und 1,4-Butandiol (BDO).<\/p>\n<p class=\"Typography_text-default__P3otY Typography_weight-normal__pqUbH storyline_paragraph_p__qSR5N\"><b class=\"bold\">F\u00f6rderung f\u00fcr Ladestellen in Mehrparteienh\u00e4usern startet<\/b><\/p>\n<p class=\"Typography_text-default__P3otY Typography_weight-normal__pqUbH storyline_paragraph_p__qSR5N\">Das Bundesverkehrsministerium hat ein neues F\u00f6rderprogramm f\u00fcr E-Auto-Ladestellen in Mehrfamilienh\u00e4usern gestartet. Laut Minister Patrick Schnieder von der CDU stehen 500 Millionen Euro zur Verf\u00fcgung, um Wallboxen, Netzanschl\u00fcsse und weitere technische Ausr\u00fcstung zu installieren. Die Antr\u00e4ge k\u00f6nnen ab dem 15. April \u00fcber ein eigens eingerichtetes F\u00f6rderportal gestellt werden. Die Zusch\u00fcsse von bis zu 2.000 Euro pro Ladepunkt sollen in getrennten Programmen an Wohnungseigent\u00fcmergemeinschaften, kleine und mittlere Wohnungsunternehmen, private Vermieter sowie an Wohnungsbaugesellschaften vergeben werden.<\/p>\n<p class=\"Typography_text-default__P3otY Typography_weight-normal__pqUbH storyline_paragraph_p__qSR5N\"><b class=\"bold\">Anbieterwechsel bei &#8222;Miles &amp; More&#8220;-Kreditkarte<\/b><\/p>\n<p class=\"Typography_text-default__P3otY Typography_weight-normal__pqUbH storyline_paragraph_p__qSR5N\">F\u00fcr Kunden des Lufthansa-Bonusprogramms &#8222;Miles &amp; More&#8220; endet die bisherige Kreditkarte: Die Karten der Deutschen Kreditbank (DKB) verlieren sp\u00e4testens am 30. April ihre G\u00fcltigkeit. Wer weiterhin beim Bezahlen Meilen sammeln und seine gesammelten Meilen vor dem Verfall sch\u00fctzen will, muss auf die neue Kreditkarte der Deutschen Bank wechseln. Daf\u00fcr ist allerdings ein neuer Antrag mit Bonit\u00e4tspr\u00fcfung und pers\u00f6nlichen Angaben n\u00f6tig.<\/p>\n<p class=\"Typography_text-default__P3otY Typography_weight-normal__pqUbH storyline_paragraph_p__qSR5N\"><b class=\"bold\">Neue Pyrotechnik-Regeln in der Schweiz nach Brandkatastrophe<\/b><\/p>\n<p class=\"Typography_text-default__P3otY Typography_weight-normal__pqUbH storyline_paragraph_p__qSR5N\">In der Schweiz darf in \u00f6ffentlich zug\u00e4nglichen R\u00e4umen ab 1. April keine Pyrotechnik mehr gez\u00fcndet werden. Darauf einigte sich ein Gremium der Baudirektorinnen und -direktoren aller 26 Kantone. Sie zogen damit erste Lehren aus der Brandkatastrophe von Crans-Montana, bei der 41 Menschen ums Leben kamen und Dutzende verletzt wurden. Dort war in der Silvesternacht durch eine funkenspr\u00fchende Partyfont\u00e4ne Schaumstoff an der Decke in Brand geraten.<\/p>\n<p class=\"Typography_text-default__P3otY Typography_weight-normal__pqUbH storyline_paragraph_p__qSR5N\"><b class=\"bold\">Warnhinweise gegen Mogelpackungen in \u00d6sterreich<\/b><\/p>\n<p class=\"Typography_text-default__P3otY Typography_weight-normal__pqUbH storyline_paragraph_p__qSR5N\">Weniger Inhalt zum gleichen Preis &#8211; Konsumenten in \u00d6sterreich werden ab 1. April mit Warnhinweisen \u00fcber schrumpfende Packungsinhalte informiert. H\u00e4ndler m\u00fcssen ihre Kunden 60 Tage lang dar\u00fcber aufkl\u00e4ren, wenn die F\u00fcllmenge eines Produkts bei gleichbleibender Packungsgr\u00f6\u00dfe gesunken ist, und wenn der Preis nicht entsprechend reduziert wurde. Bei Verst\u00f6\u00dfen drohen Strafen bis zu 15.000 Euro. Auch in Deutschland wird \u00fcber mehr Transparenz bei versteckten Preiserh\u00f6hungen diskutiert.<\/p>\n<p class=\"Typography_text-default__P3otY Typography_weight-normal__pqUbH storyline_paragraph_p__qSR5N\"><b class=\"bold\">Elektronisches Einreisesystem &#8211; Passstempel ad\u00e9<\/b> <\/p>\n<p class=\"Typography_text-default__P3otY Typography_weight-normal__pqUbH storyline_paragraph_p__qSR5N\">Die \u00dcbergangsphase f\u00fcr das elektronische Grenzsystem der EU endet. Der Passstempel soll verschwinden, Ein- und Ausreisen von Nicht-EU-B\u00fcrgern sollen umfassend digital erfasst werden. Das hei\u00dft, dass biometrische Daten wie Fingerabdr\u00fccke und Gesichtsbilder bereitgestellt werden m\u00fcssen.<\/p>\n<p class=\"Typography_text-default__P3otY Typography_weight-normal__pqUbH storyline_paragraph_p__qSR5N\"><b class=\"bold\">Mehr Geld und weniger B\u00fcrokratie f\u00fcr Hebammen<\/b><\/p>\n<p class=\"Typography_text-default__P3otY Typography_weight-normal__pqUbH storyline_paragraph_p__qSR5N\">Sie holen Kinder auf die Welt und werden besser bezahlt: Hebammen sollen bei Geburten in Krankenh\u00e4usern anders als bisher bestimmte Zuschl\u00e4ge f\u00fcr die 1:1-Betreuung von Geb\u00e4renden auch dann bekommen, wenn die Frauen erst kurz davor erscheinen. Au\u00dferdem m\u00fcssen sich Hebammen keine Unterschrift mehr besorgen, die sie bisher zur Abrechnung telefonischer Beratung von Frauen zu Hause nachweisen mussten.<\/p>\n<p class=\"Typography_text-s__wu_cm Typography_weight-normal__pqUbH Typography_color-darkgrey__sZEnP article-detail-footer_source__KslPc\">Quelle: ntv.de, awi\/dpa<\/p>\n","protected":false},"excerpt":{"rendered":"Verbraucher aufgepasstDas \u00e4ndert sich im April 31.03.2026, 06:50 Uhr Artikel anh\u00f6ren(07:13 min) Verbraucher m\u00fcssen auch im neuen Monat&hellip;\n","protected":false},"author":2,"featured_media":910175,"comment_status":"","ping_status":"","sticky":false,"template":"","format":"standard","meta":{"footnotes":"","_share_on_mastodon":"0"},"categories":[5],"tags":[331,332,629,628,3364,29,548,30,13,378,30924,14,15,624,14343,12,634,631,625],"class_list":["post-910174","post","type-post","status-publish","format-standard","has-post-thumbnail","category-nachrichten","tag-aktuelle-nachrichten","tag-aktuelle-news","tag-arbeitgeber","tag-arbeitnehmer","tag-de","tag-deutschland","tag-eu","tag-germany","tag-headlines","tag-mindestlohn","tag-mogelpackungen","tag-nachrichten","tag-news","tag-ratgeber","tag-rauchen","tag-schlagzeilen","tag-strassenverkehr","tag-urlaub","tag-verbraucher"],"share_on_mastodon":{"url":"https:\/\/pubeurope.com\/@de\/116322742483579918","error":""},"_links":{"self":[{"href":"https:\/\/www.europesays.com\/de\/wp-json\/wp\/v2\/posts\/910174","targetHints":{"allow":["GET"]}}],"collection":[{"href":"https:\/\/www.europesays.com\/de\/wp-json\/wp\/v2\/posts"}],"about":[{"href":"https:\/\/www.europesays.com\/de\/wp-json\/wp\/v2\/types\/post"}],"author":[{"embeddable":true,"href":"https:\/\/www.europesays.com\/de\/wp-json\/wp\/v2\/users\/2"}],"replies":[{"embeddable":true,"href":"https:\/\/www.europesays.com\/de\/wp-json\/wp\/v2\/comments?post=910174"}],"version-history":[{"count":0,"href":"https:\/\/www.europesays.com\/de\/wp-json\/wp\/v2\/posts\/910174\/revisions"}],"wp:featuredmedia":[{"embeddable":true,"href":"https:\/\/www.europesays.com\/de\/wp-json\/wp\/v2\/media\/910175"}],"wp:attachment":[{"href":"https:\/\/www.europesays.com\/de\/wp-json\/wp\/v2\/media?parent=910174"}],"wp:term":[{"taxonomy":"category","embeddable":true,"href":"https:\/\/www.europesays.com\/de\/wp-json\/wp\/v2\/categories?post=910174"},{"taxonomy":"post_tag","embeddable":true,"href":"https:\/\/www.europesays.com\/de\/wp-json\/wp\/v2\/tags?post=910174"}],"curies":[{"name":"wp","href":"https:\/\/api.w.org\/{rel}","templated":true}]}}