{"id":910201,"date":"2026-03-31T08:15:19","date_gmt":"2026-03-31T08:15:19","guid":{"rendered":"https:\/\/www.europesays.com\/de\/910201\/"},"modified":"2026-03-31T08:15:19","modified_gmt":"2026-03-31T08:15:19","slug":"die-sparkommission-der-regierung-legt-die-axt-an-gute-ambulante-medizin-in-deutschland","status":"publish","type":"post","link":"https:\/\/www.europesays.com\/de\/910201\/","title":{"rendered":"Die Sparkommission der Regierung legt die Axt an gute ambulante Medizin in Deutschland"},"content":{"rendered":"<p class=\"date\">31.03.2026 \u2013 09:46<\/p>\n<p class=\"customer\">\n                        <a class=\"story-customer\" title=\"weiter zum newsroom von Freie \u00c4rzteschaft e.V.\" href=\"https:\/\/www.presseportal.de\/nr\/57691\" rel=\"nofollow noopener\" target=\"_blank\">Freie \u00c4rzteschaft e.V.<\/a>\n                    <\/p>\n<p><a data-category=\"citylink-story-view\" data-action=\"click\" data-label=\"Citylink in Meldungsansicht\" class=\"story-city event-trigger\" href=\"https:\/\/www.presseportal.de\/regional\/Essen%252FHamburg\" title=\"News aus Essen\/Hamburg \" rel=\"nofollow noopener\" target=\"_blank\">Essen\/Hamburg<\/a> (ots)<\/p>\n<p> Der erste Aufschlag der Regierungskommission f\u00fcr Sparma\u00dfnahmen im Gesundheitswesen zeigt, dass die Beteiligten, wie schon von der Zusammensetzung der Kommission her zu bef\u00fcrchten war, an der falschen Stelle sparen wollen. <\/p>\n<p> &#8222;Die Mitglieder dieser Kommission haben s\u00e4mtlich keine echten Kenntnisse zur Beurteilung der ambulanten medizinischen Versorgungsrealit\u00e4t in Deutschland&#8220; kritisiert Wieland Dietrich, Vorsitzender der Freien \u00c4rzteschaft heute in Essen. <\/p>\n<p> &#8222;Die Vorschl\u00e4ge zur ambulanten Versorgung zeigen in aller Deutlichkeit die Ahnungslosigkeit von der Praxis und erinnern in ihren Folgen an das Heizungsgesetz der Ampelregierung&#8220;, kritisiert Dietrich. <\/p>\n<p> &#8222;Das Medizinsystem in Deutschland unterscheidet sich massiv von vielen anderen L\u00e4ndern. Wir haben ein ausdifferenziertes Haus- und Facharztsystem, mit Arztpraxen in allen Fachgebieten, die es in anderen L\u00e4ndern nur in den Kliniken gibt. Dort m\u00fcssen sich die Menschen mit einer zugewiesenen Hausarztpraxis begn\u00fcgen, in der sie h\u00e4ufig nur eine Krankenschwester zu Gesicht bekommen. Wir haben bisher eine freie Arztwahl, eine freie Facharztwahl und im internationalen Vergleich die k\u00fcrzesten Wartezeiten auf Facharzttermine mit 4 Wochen im Durchschnitt&#8220; erg\u00e4nzt Dietrich. <\/p>\n<p> &#8222;Mit nur 16 % der Gesamtausgaben werden hier 97 % aller Krankheitsf\u00e4lle im ambulanten System von Allgemein\u00e4rzten und allen anderen Fach\u00e4rzten behandelt&#8220; so Dietrich weiter. Die Kostensteigerungen daf\u00fcr sind seit Jahren unterdurchschnittlich, ganz im Gegensatz zu den explodierenden Kosten f\u00fcr Arzneimittel, Kliniken und die versicherungsfremden Leistungen, die mit 60 Milliarden Euro deutlich \u00fcber den Kosten der gesamten ambulanten Medizin liegen&#8220;. <\/p>\n<p> Wenn die Politik der Sparkommission folgt und den Haus- und Fach\u00e4rzten im bereits unterfinanzierten System massiv Mittel entziehen w\u00fcrde, so wie vorgeschlagen, dann w\u00e4re klar, was passieren w\u00fcrde: Die Anzahl der durchgef\u00fchrten Leistungen sinkt, Millionen Termine fallen weg, und Wartezeiten nehmen zu. Die im Privatsektor angebotenen Leistungen auch f\u00fcr Kassenpatienten steigen drastisch an. Schon die Geb\u00fchrenabsenkung f\u00fcr die Psychotherapeuten sei an Kaltschn\u00e4uzigkeit nicht zu \u00fcberbieten &#8211; w\u00e4hrend Mitarbeiter der Krankenkassen ihrerseits 7,5% Gehaltssteigerung forderten, kritisiert der F\u00c4-Vorsitzende. <\/p>\n<p> &#8222;Die Regierenden werden sich daf\u00fcr rechtfertigen m\u00fcssen, wenn sie Leistungen f\u00fcr die B\u00fcrger reduzieren, aber das Gegenteil behaupten, und zudem die freie Arztwahl abschaffen. Das ist ein Konjunkturprogramm f\u00fcr Populisten und Extremisten&#8220;, f\u00fchrt Dietrich abschlie\u00dfend aus. <\/p>\n<p> \u00dcber die Freie \u00c4rzteschaft e.V. <\/p>\n<p> Die Freie \u00c4rzteschaft e. V. (F\u00c4) ist ein Verband, der den Arztberuf als freien Beruf verteidigt. Er wurde 2004 gegr\u00fcndet und vertritt vorwiegend niedergelassene Haus- und Fach\u00e4rzte sowie verschiedene \u00c4rztenetze. Vorsitzender des Bundesverbandes ist Wieland Dietrich, Dermatologe in Essen. Ziel der F\u00c4 ist eine unabh\u00e4ngige Medizin, bei der Patient und Arzt im Mittelpunkt stehen und die \u00e4rztliche Schweigepflicht gewahrt bleibt. <\/p>\n<p class=\"contact-headline\">Pressekontakt:<\/p>\n<p class=\"contact-text\">V .i. S. d. P.: Wieland Dietrich, Freie \u00c4rzteschaft e.V.,<br \/>Vorsitzender, Gervinusstra\u00dfe 10, 45144 Essen, Tel.: 0201 68586090,<br \/>E-Mail: <a href=\"https:\/\/www.presseportal.de\/pm\/57691\/mailto: mail@freie-aerzteschaft.de\" class=\"uri-mailto\" rel=\"nofollow noopener\" target=\"_blank\"> mail@freie-aerzteschaft.de<\/a>, <a target=\"_blank\" class=\"uri-ext outbound\" rel=\"noopener nofollow\" href=\"https:\/\/www.freie-aerzteschaft.de\">www.freie-aerzteschaft.de<\/a><\/p>\n<p class=\"originator\">Original-Content von: Freie \u00c4rzteschaft e.V., \u00fcbermittelt durch news aktuell<\/p>\n","protected":false},"excerpt":{"rendered":"31.03.2026 \u2013 09:46 Freie \u00c4rzteschaft e.V. Essen\/Hamburg (ots) Der erste Aufschlag der Regierungskommission f\u00fcr Sparma\u00dfnahmen im Gesundheitswesen zeigt,&hellip;\n","protected":false},"author":2,"featured_media":386213,"comment_status":"","ping_status":"","sticky":false,"template":"","format":"standard","meta":{"footnotes":"","_share_on_mastodon":"0"},"categories":[1834],"tags":[19041,3364,29,3688,30,141,4612,837,1209,178,180,179,181],"class_list":["post-910201","post","type-post","status-publish","format-standard","has-post-thumbnail","category-essen","tag-rzte","tag-de","tag-deutschland","tag-essen","tag-germany","tag-gesundheit","tag-gesundheitspolitik","tag-medizin","tag-nordrhein-westfalen","tag-presse","tag-pressemeldung","tag-pressemitteilung","tag-pressemitteilungen"],"share_on_mastodon":{"url":"https:\/\/pubeurope.com\/@de\/116322797330666690","error":""},"_links":{"self":[{"href":"https:\/\/www.europesays.com\/de\/wp-json\/wp\/v2\/posts\/910201","targetHints":{"allow":["GET"]}}],"collection":[{"href":"https:\/\/www.europesays.com\/de\/wp-json\/wp\/v2\/posts"}],"about":[{"href":"https:\/\/www.europesays.com\/de\/wp-json\/wp\/v2\/types\/post"}],"author":[{"embeddable":true,"href":"https:\/\/www.europesays.com\/de\/wp-json\/wp\/v2\/users\/2"}],"replies":[{"embeddable":true,"href":"https:\/\/www.europesays.com\/de\/wp-json\/wp\/v2\/comments?post=910201"}],"version-history":[{"count":0,"href":"https:\/\/www.europesays.com\/de\/wp-json\/wp\/v2\/posts\/910201\/revisions"}],"wp:featuredmedia":[{"embeddable":true,"href":"https:\/\/www.europesays.com\/de\/wp-json\/wp\/v2\/media\/386213"}],"wp:attachment":[{"href":"https:\/\/www.europesays.com\/de\/wp-json\/wp\/v2\/media?parent=910201"}],"wp:term":[{"taxonomy":"category","embeddable":true,"href":"https:\/\/www.europesays.com\/de\/wp-json\/wp\/v2\/categories?post=910201"},{"taxonomy":"post_tag","embeddable":true,"href":"https:\/\/www.europesays.com\/de\/wp-json\/wp\/v2\/tags?post=910201"}],"curies":[{"name":"wp","href":"https:\/\/api.w.org\/{rel}","templated":true}]}}