{"id":910217,"date":"2026-03-31T08:24:15","date_gmt":"2026-03-31T08:24:15","guid":{"rendered":"https:\/\/www.europesays.com\/de\/910217\/"},"modified":"2026-03-31T08:24:15","modified_gmt":"2026-03-31T08:24:15","slug":"wettbewerb-schulstandort-hohewart-in-feuerbach","status":"publish","type":"post","link":"https:\/\/www.europesays.com\/de\/910217\/","title":{"rendered":"Wettbewerb Schulstandort Hohewart in Feuerbach"},"content":{"rendered":"<p>Der Standort umfasst die Hohewartschule (Grundschule) und die Realschule Feuerbach. Die beiden <a class=\"SP-Paragraph__link\" href=\"https:\/\/www.stuttgart.de\/it\/service\/aktuelle-meldungen\/2026\/maerz\/schulstandort-hohewart-in-feuerbach-preisgericht-entscheidet-sich-fuer-zwei-erste-preise-ueberarbeitung-vor-endgueltiger-auswahl\" rel=\"nofollow noopener\" target=\"_blank\">\u00a0Siegerentw\u00fcrfe hat das Preisgericht am 25. M\u00e4rz 2026 pr\u00e4miert<\/a>. Sie sehen f\u00fcr den Schulcampus zwei eigenst\u00e4ndige Schulh\u00e4user vor, die in eine gemeinsame Anlage eingebunden sind. Die Mensa dient als gemeinsamer Treffpunkt beider Schulen und \u00f6ffnet sich zu einem zentralen Vorplatz. Unterschiede zwischen den Entw\u00fcrfen gibt es bei der Anordnung der Sporthalle und im Umgang mit dem bestehenden Realschulgeb\u00e4ude.<\/p>\n<p>Die Entw\u00fcrfe zeigen qualit\u00e4tsvolle Raumkonzepte f\u00fcr moderne P\u00e4dagogik und vielf\u00e4ltige Ganztagsangebote. Von besonderer Bedeutung war die Integration der Schulen in das gut eingeteilte und einem Park \u00e4hnelnden Schulgel\u00e4nde. Dabei legen beide Entw\u00fcrfe Wert auf den Erhalt des pr\u00e4genden Baumbestands. Die Siegerentw\u00fcrfe bieten gro\u00dfes Potenzial f\u00fcr die Weiterentwicklung der Realschule Feuerbach und der Grundschule Hohewart zu einem zukunftsweisenden Schulstandort.<\/p>\n","protected":false},"excerpt":{"rendered":"Der Standort umfasst die Hohewartschule (Grundschule) und die Realschule Feuerbach. Die beiden \u00a0Siegerentw\u00fcrfe hat das Preisgericht am 25.&hellip;\n","protected":false},"author":2,"featured_media":4018,"comment_status":"","ping_status":"","sticky":false,"template":"","format":"standard","meta":{"footnotes":"","_share_on_mastodon":"0"},"categories":[1830],"tags":[4568,1634,3364,29,28095,30,199629,966,1978,57569,71063,1441],"class_list":["post-910217","post","type-post","status-publish","format-standard","has-post-thumbnail","category-stuttgart","tag-schulen","tag-baden-wuerttemberg","tag-de","tag-deutschland","tag-feuerbach","tag-germany","tag-hohewart","tag-schule","tag-schueler","tag-schulklasse","tag-schulklassen","tag-stuttgart"],"share_on_mastodon":{"url":"https:\/\/pubeurope.com\/@de\/116322832633555645","error":""},"_links":{"self":[{"href":"https:\/\/www.europesays.com\/de\/wp-json\/wp\/v2\/posts\/910217","targetHints":{"allow":["GET"]}}],"collection":[{"href":"https:\/\/www.europesays.com\/de\/wp-json\/wp\/v2\/posts"}],"about":[{"href":"https:\/\/www.europesays.com\/de\/wp-json\/wp\/v2\/types\/post"}],"author":[{"embeddable":true,"href":"https:\/\/www.europesays.com\/de\/wp-json\/wp\/v2\/users\/2"}],"replies":[{"embeddable":true,"href":"https:\/\/www.europesays.com\/de\/wp-json\/wp\/v2\/comments?post=910217"}],"version-history":[{"count":0,"href":"https:\/\/www.europesays.com\/de\/wp-json\/wp\/v2\/posts\/910217\/revisions"}],"wp:featuredmedia":[{"embeddable":true,"href":"https:\/\/www.europesays.com\/de\/wp-json\/wp\/v2\/media\/4018"}],"wp:attachment":[{"href":"https:\/\/www.europesays.com\/de\/wp-json\/wp\/v2\/media?parent=910217"}],"wp:term":[{"taxonomy":"category","embeddable":true,"href":"https:\/\/www.europesays.com\/de\/wp-json\/wp\/v2\/categories?post=910217"},{"taxonomy":"post_tag","embeddable":true,"href":"https:\/\/www.europesays.com\/de\/wp-json\/wp\/v2\/tags?post=910217"}],"curies":[{"name":"wp","href":"https:\/\/api.w.org\/{rel}","templated":true}]}}