{"id":910424,"date":"2026-03-31T10:26:32","date_gmt":"2026-03-31T10:26:32","guid":{"rendered":"https:\/\/www.europesays.com\/de\/910424\/"},"modified":"2026-03-31T10:26:32","modified_gmt":"2026-03-31T10:26:32","slug":"feuerwehr-grosseinsatz-in-karlsruhe","status":"publish","type":"post","link":"https:\/\/www.europesays.com\/de\/910424\/","title":{"rendered":"Feuerwehr-Gro\u00dfeinsatz in Karlsruhe"},"content":{"rendered":"<p>            11.52 Uhr: Einsatz l\u00e4uft weiterhin<\/p>\n<p class=\"mb-6 text-xs md:text-m lg:text-l font-serif group-[.font-sans]:font-sans \">\n    Insgesamt sind 30 Kr\u00e4fte der Berufsfeuerwehr sowie 28 Einsatzkr\u00e4fte der Freiwilligen Feuerwehr aus den Abteilungen Durlach, Hagsfelld und Gr\u00f6tzingen vor Ort. Der<strong class=\"font-bold\"> Einsatz l\u00e4uft derzeit noch<\/strong>, da die<strong class=\"font-bold\"> Zwischendecke weitr\u00e4umig ge\u00f6ffnet werden muss.<\/strong>\n  <\/p>\n<p>            Aktualisierung: 10.31 Uhr: L\u00f6scharbeiten dauern an<\/p>\n<p class=\"mb-6 text-xs md:text-m lg:text-l font-serif group-[.font-sans]:font-sans \">\n    \u201eBei unserem Eintreffen stellte sich allerdings heraus, dass gar nicht der Keller, sondern eine Zwischendecke brannte\u201c, so die Einsatzleiterin Michaela Hofmann gegen\u00fcber der Redaktion vor Ort.\n  <\/p>\n<p class=\"mb-6 text-xs md:text-m lg:text-l font-serif group-[.font-sans]:font-sans \">\n    Bei der Zwischendecke handelt es sich um eine alte Zwischendecke mit verschiedenen D\u00e4mmmaterialien, was f\u00fcr die Einsatzkr\u00e4fte die L\u00f6scharbeiten erschwert. \u201eWir m\u00fcssen jetzt die Zwischendecke komplett \u00f6ffnen, um an s\u00e4mtliche Glutreste zu kommen\u201c, so Hofmann.\n  <\/p>\n<p>    <img decoding=\"async\" src=\"https:\/\/images.mgpd.de\/img\/113880024\/crop\/c16_9-w100\/1916824545\/608836499\/whatsapp-image-2026-03-31-at-094534.jpg\" alt=\"Brand in Karlsruhe am 31. M\u00e4rz 2026.\" title=\"Brand in Karlsruhe am 31. M\u00e4rz 2026.\" loading=\"lazy\" class=\"h-full w-full object-cover\"\/><\/p>\n<p>      Icon vergr\u00f6\u00dfern<\/p>\n<p>    Brand in Karlsruhe am 31. M\u00e4rz 2026.<br \/>\n    Foto: Thomas Riedel<\/p>\n<p>        Schlie\u00dfen <\/p>\n<p>      Icon Schlie\u00dfen<\/p>\n<p>        Icon vergr\u00f6\u00dfern<\/p>\n<p>        Icon verkleinern<\/p>\n<p>      Icon Pfeil bewegen<\/p>\n<p>    Brand in Karlsruhe am 31. M\u00e4rz 2026.<br \/>\n    Foto: Thomas Riedel<\/p>\n<p class=\"mb-6 text-xs md:text-m lg:text-l font-serif group-[.font-sans]:font-sans \">\n    Aktuell dauern die L\u00f6scharbeiten an. Verletzt wurde niemand.\n  <\/p>\n<p>    <img decoding=\"async\" src=\"https:\/\/www.europesays.com\/de\/wp-content\/uploads\/2026\/03\/whatsapp-image-2026-03-31-at-101716.jpg\" alt=\"Gro\u00dfeinsatz der Feuerwehr am 31. M\u00e4rz 2026.\" title=\"Gro\u00dfeinsatz der Feuerwehr am 31. M\u00e4rz 2026.\" loading=\"lazy\" class=\"h-full w-full object-cover\"\/><\/p>\n<p>      Icon vergr\u00f6\u00dfern<\/p>\n<p>    Gro\u00dfeinsatz der Feuerwehr am 31. M\u00e4rz 2026.<br \/>\n    Foto: Franziska Gebhard<\/p>\n<p>        Schlie\u00dfen <\/p>\n<p>      Icon Schlie\u00dfen<\/p>\n<p>        Icon vergr\u00f6\u00dfern<\/p>\n<p>        Icon verkleinern<\/p>\n<p>      Icon Pfeil bewegen<\/p>\n<p>    Gro\u00dfeinsatz der Feuerwehr am 31. M\u00e4rz 2026.<br \/>\n    Foto: Franziska Gebhard<\/p>\n<p>            31. M\u00e4rz, 9.45 Uhr: Gro\u00dfeinsatz der Feuerwehr in Durlach<\/p>\n<p class=\"mb-6 text-xs md:text-m lg:text-l font-serif group-[.font-sans]:font-sans \">\n    Laut einer ersten Information der Feuerwehr k\u00f6nnte Menschenleben in Gefahr sein.\n  <\/p>\n<p>    <img decoding=\"async\" src=\"https:\/\/www.europesays.com\/de\/wp-content\/uploads\/2026\/03\/whatsapp-image-2026-03-31-at-101511-2.jpg\" alt=\"Gro\u00dfeinsatz der Feuerwehr am 31. M\u00e4rz 2026.\" title=\"Gro\u00dfeinsatz der Feuerwehr am 31. M\u00e4rz 2026.\" loading=\"lazy\" class=\"h-full w-full object-cover\"\/><\/p>\n<p>      Icon vergr\u00f6\u00dfern<\/p>\n<p>    Gro\u00dfeinsatz der Feuerwehr am 31. M\u00e4rz 2026.<br \/>\n    Foto: Franziska Gebhard<\/p>\n<p>        Schlie\u00dfen <\/p>\n<p>      Icon Schlie\u00dfen<\/p>\n<p>        Icon vergr\u00f6\u00dfern<\/p>\n<p>        Icon verkleinern<\/p>\n<p>      Icon Pfeil bewegen<\/p>\n<p>    Gro\u00dfeinsatz der Feuerwehr am 31. M\u00e4rz 2026.<br \/>\n    Foto: Franziska Gebhard<\/p>\n<ul data-module-id=\"DragDropModule\" class=\"flex flex-wrap justify-start group-[.no-bookmarks]:hidden\">\n<li class=\"mb-3 mr-3\">\n    Katharina Peifer<\/p>\n<p>      Icon Haken im Kreis gesetzt<\/p>\n<p>      Icon Plus im Kreis<\/p>\n<\/li>\n<li class=\"mb-3 mr-3\">\n    Feuerwehr<\/p>\n<p>      Icon Haken im Kreis gesetzt<\/p>\n<p>      Icon Plus im Kreis<\/p>\n<\/li>\n<li class=\"mb-3 mr-3\">\n    L\u00f6scharbeit<\/p>\n<p>      Icon Haken im Kreis gesetzt<\/p>\n<p>      Icon Plus im Kreis<\/p>\n<\/li>\n<\/ul>\n","protected":false},"excerpt":{"rendered":"11.52 Uhr: Einsatz l\u00e4uft weiterhin Insgesamt sind 30 Kr\u00e4fte der Berufsfeuerwehr sowie 28 Einsatzkr\u00e4fte der Freiwilligen Feuerwehr aus&hellip;\n","protected":false},"author":2,"featured_media":910425,"comment_status":"","ping_status":"","sticky":false,"template":"","format":"standard","meta":{"footnotes":"","_share_on_mastodon":"0"},"categories":[1844],"tags":[1634,2775,3364,29,20957,985,2774,30,21163,8903,10264,161060,199644,10297],"class_list":["post-910424","post","type-post","status-publish","format-standard","has-post-thumbnail","category-karlsruhe","tag-baden-wuerttemberg","tag-berufsfeuerwehr","tag-de","tag-deutschland","tag-durlach","tag-feuerwehr","tag-freiwillige-feuerwehr","tag-germany","tag-groetzingen","tag-karlsruhe","tag-loescharbeit","tag-michaela-hofmann","tag-pfinztalstrasse","tag-zwischendecke"],"share_on_mastodon":{"url":"https:\/\/pubeurope.com\/@de\/116323312676542941","error":""},"_links":{"self":[{"href":"https:\/\/www.europesays.com\/de\/wp-json\/wp\/v2\/posts\/910424","targetHints":{"allow":["GET"]}}],"collection":[{"href":"https:\/\/www.europesays.com\/de\/wp-json\/wp\/v2\/posts"}],"about":[{"href":"https:\/\/www.europesays.com\/de\/wp-json\/wp\/v2\/types\/post"}],"author":[{"embeddable":true,"href":"https:\/\/www.europesays.com\/de\/wp-json\/wp\/v2\/users\/2"}],"replies":[{"embeddable":true,"href":"https:\/\/www.europesays.com\/de\/wp-json\/wp\/v2\/comments?post=910424"}],"version-history":[{"count":0,"href":"https:\/\/www.europesays.com\/de\/wp-json\/wp\/v2\/posts\/910424\/revisions"}],"wp:featuredmedia":[{"embeddable":true,"href":"https:\/\/www.europesays.com\/de\/wp-json\/wp\/v2\/media\/910425"}],"wp:attachment":[{"href":"https:\/\/www.europesays.com\/de\/wp-json\/wp\/v2\/media?parent=910424"}],"wp:term":[{"taxonomy":"category","embeddable":true,"href":"https:\/\/www.europesays.com\/de\/wp-json\/wp\/v2\/categories?post=910424"},{"taxonomy":"post_tag","embeddable":true,"href":"https:\/\/www.europesays.com\/de\/wp-json\/wp\/v2\/tags?post=910424"}],"curies":[{"name":"wp","href":"https:\/\/api.w.org\/{rel}","templated":true}]}}