{"id":911272,"date":"2026-03-31T18:12:16","date_gmt":"2026-03-31T18:12:16","guid":{"rendered":"https:\/\/www.europesays.com\/de\/911272\/"},"modified":"2026-03-31T18:12:16","modified_gmt":"2026-03-31T18:12:16","slug":"die-hoehle-der-loewen-gestern-am-30-3-26-deals-produkte-und-gruender-vom-30-maerz","status":"publish","type":"post","link":"https:\/\/www.europesays.com\/de\/911272\/","title":{"rendered":"Die H\u00f6hle der L\u00f6wen gestern am 30.3.26:\u00a0Deals, Produkte und Gr\u00fcnder vom 30. M\u00e4rz"},"content":{"rendered":"<p class=\"mb-6 text-xs md:text-m lg:text-l font-serif group-[.font-sans]:font-sans \">\n    Die Gr\u00fcndershow <a href=\"https:\/\/www.augsburger-allgemeine.de\/panorama\/tv\/die-hoehle-der-loewen-2026-start-sendetermine-von-staffel-19-31-3-26-113325423\" target=\"_self\" class=\"underline \" rel=\"nofollow noopener\">\u201eDie H\u00f6hle der L\u00f6wen\u201c<\/a> ist in ihre <a href=\"https:\/\/www.augsburger-allgemeine.de\/panorama\/tv\/die-hoehle-der-loewen-2026-uebertragung-im-tv-und-stream-ganze-folge-als-wiederholung-31-3-26-113482704\" target=\"_self\" class=\"underline \" rel=\"nofollow noopener\">19. Staffel<\/a> gestartet und seit Ende Februar wieder im <a href=\"https:\/\/www.augsburger-allgemeine.de\/panorama\/tv\" target=\"_self\" class=\"underline \" rel=\"nofollow noopener\">Fernsehen<\/a> zu sehen. Auch in der neuen Runde erhalten Start-ups die M\u00f6glichkeit, ihre Gesch\u00e4ftsideen vor einer erfahrenen Jury aus Investorinnen und Investoren zu pr\u00e4sentieren und um finanzielle sowie strategische Unterst\u00fctzung zu werben. F\u00fcr die teilnehmenden Gr\u00fcnderinnen und Gr\u00fcnder steht dabei viel auf dem Spiel, denn im Erfolgsfall sichern sie sich ein Investment und damit eine wichtige Unterst\u00fctzung f\u00fcr die Weiterentwicklung ihres Unternehmens. Ein Bestandteil der aktuellen Staffel sind erneut die sogenannten \u201eBattle Pitches\u201c. In diesem Format treten jeweils zwei Teams gegeneinander an und haben jeweils 60 Sekunden Zeit, ihre Idee vorzustellen. Nur das \u00fcberzeugendere Konzept erh\u00e4lt anschlie\u00dfend die Gelegenheit zu einem ausf\u00fchrlichen Pitch, w\u00e4hrend das andere Team direkt ausscheidet. Zum <a href=\"https:\/\/www.augsburger-allgemeine.de\/panorama\/die-hoehle-der-loewen-jury-2026-das-sind-die-juroren-in-staffel-19-31-3-2026-102306604\" target=\"_self\" class=\"underline \" rel=\"nofollow noopener\">Juryteam<\/a> geh\u00f6ren weiterhin <a href=\"https:\/\/www.augsburger-allgemeine.de\/panorama\/frank-thelen-bei-die-hoehle-der-loewen-2026-portraet-unternehmen-privatinsolvenz-30-3-26-110552067\" target=\"_self\" class=\"underline \" rel=\"nofollow noopener\">Frank Thelen<\/a>, <a href=\"https:\/\/www.augsburger-allgemeine.de\/panorama\/die-hoehle-der-loewen-2026-judith-williams-vermoegen-alter-portraet-30-03-26-102237095\" target=\"_self\" class=\"underline \" rel=\"nofollow noopener\">Judith Williams<\/a>, <a href=\"https:\/\/www.augsburger-allgemeine.de\/panorama\/die-hoehle-der-loewen-janna-ensthaler-als-jurorin-in-staffel-19-alter-glossybox-portraet-30-3-26-101860342\" target=\"_self\" class=\"underline \" rel=\"nofollow noopener\">Janna Ensthaler<\/a>, <a href=\"https:\/\/www.augsburger-allgemeine.de\/panorama\/dagmar-woehrl-mann-alter-portraet-die-hoehle-der-loewen-staffel-18-30-3-26-102244235\" target=\"_self\" class=\"underline \" rel=\"nofollow noopener\">Dagmar W\u00f6hrl<\/a>, <a href=\"https:\/\/www.augsburger-allgemeine.de\/panorama\/ralf-duemmel-portraet-vermoegen-firma-die-hoehle-der-loewen-2026-mit-staffel-18-30-03-2026-102060977\" target=\"_self\" class=\"underline \" rel=\"nofollow noopener\">Ralf D\u00fcmmel<\/a> und <a href=\"https:\/\/www.augsburger-allgemeine.de\/panorama\/carsten-maschmeyer-im-portraet-zu-hoehle-der-loewen-2026-sein-weg-zum-multimillionaer-begann-mit-zufall-30-3-26-102099749\" target=\"_self\" class=\"underline \" rel=\"nofollow noopener\">Carsten Maschmeyer<\/a>.\n  <\/p>\n<p class=\"mb-6 text-xs md:text-m lg:text-l font-serif group-[.font-sans]:font-sans \">\n    Welche Gr\u00fcnderinnen und Gr\u00fcnder pitchen am 30. M\u00e4rz 2026 ihre Produkte und Ideen? Die Antworten auf diese Frage liefern wir Ihnen hier.\n  <\/p>\n<p>            \u201eDie H\u00f6hle der L\u00f6wen\u201c: Diese Gr\u00fcnder und ihre Produkte gingen leer aus am 30. M\u00e4rz<\/p>\n<p class=\"mb-6 text-xs md:text-m lg:text-l font-serif group-[.font-sans]:font-sans \">\n    LipoCheck aus Leipzig\/M\u00fcnchen\n  <\/p>\n<p class=\"mb-6 text-xs md:text-m lg:text-l font-serif group-[.font-sans]:font-sans \">\n    Helena Rapprich, ihre Schwester Anina Langhans und ihr Vater Dr. Stefan Rapprich stellen den L\u00f6wen ihre Gesundheitsplattform LipoCheck vor. F\u00fcr viele Frauen sind Beschwerden wie schwere Beine, Schmerzen, schnelle Ersch\u00f6pfung und unerkl\u00e4rliche blaue Flecken Alltag. Doch bis zur Diagnose vergeht oft viel Zeit. Dort will das Familien-Start-up ansetzen. Der Dermatologe und Venenspezialist behandelt seit vielen Jahren Patientinnen mit Lip\u00f6dem, einer schmerzhaften Fettverteilungsst\u00f6rung, die meist nicht erkannt oder ernst genommen wird. LipoCheck soll daf\u00fcr die L\u00f6sung sein. Die digitale Plattform bietet ein Repertoire an medizinischen Frageb\u00f6gen, K\u00f6rperdaten und Fotos mit denen Nutzerinnen ihre Angaben von spezialisierten \u00c4rztinnen und \u00c4rzten pr\u00fcfen lassen und innerhalb kurzer Zeit eine fach\u00e4rztliche Einsch\u00e4tzung mit individuellen Therapieempfehlungen erhalten. Neben der Diagnose bietet LipoCheck Unterst\u00fctzung in Form von Tipps zu Bewegung, Ern\u00e4hrung und Selbstmanagement. Das Angebot: 300.000 Euro f\u00fcr f\u00fcnf Prozent der Firmenanteile.\n  <\/p>\n<p>            DHDL am 30. M\u00e4rz 2026: Diese Produkte und Gr\u00fcnde haben einen Deal bekommen<\/p>\n<p class=\"mb-6 text-xs md:text-m lg:text-l font-serif group-[.font-sans]:font-sans \">\n    Easy Exit Card aus Paderborn\n  <\/p>\n<p class=\"mb-6 text-xs md:text-m lg:text-l font-serif group-[.font-sans]:font-sans \">\n    Die Gr\u00fcnder Bernd L\u00fcke, Stephan Pannhorst und Sylvain Victor stellen ein Produkt vor, das Leben retten k\u00f6nnte. Sei es bei einem Autounfall, eingeschlossenen Personen oder Haustieren, die Easy Exit Card kann in Sekunden helfen. Bei dem Produkt handelt es sich um ein kompaktes Rettungswerkzeug im Kreditkartenformat, das helfen soll, Autoscheiben schnell zu zerst\u00f6ren, um eingeschlossene Menschen zu befreien oder sich selbst aus einem Fahrzeug zu retten. Die Karte besteht aus einem speziell verst\u00e4rkten Kunststoff und einem geh\u00e4rteten Schlagdorn. Wird sie von innen oder au\u00dfen zwischen Scheibe und T\u00fcrdichtung geschoben und mit einem kurzen Hebelzug bewegt, zerbricht die Autoscheibe. In einer passenden H\u00fclle, kann die Karte beispielsweise im Portemonnaie oder hinter der Sonnenblende verstaut werden, um im Notfall zug\u00e4nglich zu sein. F\u00fcr 100.000 Euro bieten die drei Gr\u00fcnder den L\u00f6wen 25 Prozent ihrer Firmenanteile an. Einen Deal gab es mit Ralf D\u00fcmmel.\n  <\/p>\n<p class=\"mb-6 text-xs md:text-m lg:text-l font-serif group-[.font-sans]:font-sans \">\n    YOGITIER aus M\u00f6nchengladbach\n  <\/p>\n<p class=\"mb-6 text-xs md:text-m lg:text-l font-serif group-[.font-sans]:font-sans \">\n    Gr\u00fcnderin Fei Sch\u00e4fer will mit YOGITIER Kinder spielerisch zu mehr Bewegung und innerer Balance bringen. Als L\u00f6sung f\u00fcr Stress im Alltag gestaltete die zweifache Mutter  kindgerechte Yogamatten aus Naturkautschuk, die rutschfest, maschinenwaschbar und mit bunten Tiermotiven versehen sind. Erg\u00e4nzt durch ein Memory-Spiel mit Yoga\u00fcbungen sollen Kinder damit spielerisch Yoga f\u00fcr sich entdecken. F\u00fcr zehn Prozent der Firmenanteile w\u00fcnscht sich die Gr\u00fcnderin 100.000 Euro von den L\u00f6wen. Sie ergatterte einen Kombi-Deal mit Dagmar W\u00f6hrl und Janna Ensthaler.\n  <\/p>\n<p class=\"mb-6 text-xs md:text-m lg:text-l font-serif group-[.font-sans]:font-sans \">\n    MYSPIRULINA aus Kiel\n  <\/p>\n<p class=\"mb-6 text-xs md:text-m lg:text-l font-serif group-[.font-sans]:font-sans \">\n    Ben Schwedhelm und Sara Farzaneh Nejad stellen mit MYSPIRULINA eine smarte Spirulina-Farm f\u00fcr zu Hause vor. Spirulina ist eine Microalge, die Proteine, Vitamine, Mineralien und Antioxidantien liefert. Das Ziel ist es, mit MYSPIRULINA in jedem Haushalt eigene  Algen anbauen zu k\u00f6nnen. Das Starter-Kit soll die Kultivierung ganz einfach machen. Daf\u00fcr kommen Wasser, N\u00e4hrmedium und Spirulina-Stamm ins Glas, der Deckel darauf und das Gef\u00e4\u00df auf die Fensterbank in die Sonne, der Rest l\u00e4uft automatisch. Die smarte Farm \u00fcberwacht Licht und Wachstum und sorgt f\u00fcr optimale Bedingungen. Nach etwa zehn Tagen kann die Spirulina dann geerntet und frisch in Shakes oder Speisen integriert werden. Ein Abo-Modell f\u00fcr das N\u00e4hrmedium soll die Kulturen dauerhaft frisch halten. Das Angebot f\u00fcr die L\u00f6wen: 200.000 Euro f\u00fcr zehn Prozent der Firmenanteile. Es gab einen Kombi-Deal mit Carsten Maschmeyer und Judith Williams.\n  <\/p>\n<p class=\"mb-6 text-xs md:text-m lg:text-l font-serif group-[.font-sans]:font-sans \">\n    SCHARFENSTEIN aus K\u00f6ln\n  <\/p>\n<p class=\"mb-6 text-xs md:text-m lg:text-l font-serif group-[.font-sans]:font-sans \">\n    Die Gr\u00fcnder Tim Scharfenstein und Kai Sven Brehmer-Scharfenstein stellen ein Produkt vor, dass weit mehr als nur Mode sein soll. Ihr T-Shirt speichert durch eine Mikroverkapselungstechnologie D\u00fcfte in den Textilfasern und setzt diese bei Reibung wieder frei. Die Kleidung gibt \u00fcber mehrere Tage ihren Wunschduft, beispielsweise Parfum, ab und bleibt dabei frisch. Die Technologie funktioniert nachhaltig und komfortabel: Winzige Mikrokapseln werden im Druck direkt in den Stoff eingebettet und aktivieren sich dann durch W\u00e4rme und Bewegung. F\u00fcr 25 Prozent der Firmenanteile wollen die Gr\u00fcnder von den L\u00f6wen 100.000 Euro. Janna Ensthaler ging den Deal ein.\n  <\/p>\n<ul data-module-id=\"DragDropModule\" class=\"flex flex-wrap justify-start group-[.no-bookmarks]:hidden\">\n<li class=\"mb-3 mr-3\">\n    Luisa Greiner-Kaiser<\/p>\n<p>      Icon Haken im Kreis gesetzt<\/p>\n<p>      Icon Plus im Kreis<\/p>\n<\/li>\n<li class=\"mb-3 mr-3\">\n    Die H\u00f6hle der L\u00f6wen<\/p>\n<p>      Icon Haken im Kreis gesetzt<\/p>\n<p>      Icon Plus im Kreis<\/p>\n<\/li>\n<li class=\"mb-3 mr-3\">\n    Judith Williams<\/p>\n<p>      Icon Haken im Kreis gesetzt<\/p>\n<p>      Icon Plus im Kreis<\/p>\n<\/li>\n<\/ul>\n","protected":false},"excerpt":{"rendered":"Die Gr\u00fcndershow \u201eDie H\u00f6hle der L\u00f6wen\u201c ist in ihre 19. Staffel gestartet und seit Ende Februar wieder im&hellip;\n","protected":false},"author":2,"featured_media":911273,"comment_status":"","ping_status":"","sticky":false,"template":"","format":"standard","meta":{"footnotes":"","_share_on_mastodon":"0"},"categories":[1773],"tags":[30721,23581,365,29,23366,214,54845,30,193283,23416,71,199805,471,1780,684,215],"class_list":["post-911272","post","type-post","status-publish","format-standard","has-post-thumbnail","category-serien","tag-carsten-maschmeyer","tag-dagmar-woehrl","tag-deal","tag-deutschland","tag-die-hoehle-der-loewen","tag-entertainment","tag-frank-thelen","tag-germany","tag-gruendershow","tag-judith-williams","tag-leipzig","tag-lipocheck","tag-serien","tag-series","tag-tv","tag-unterhaltung"],"share_on_mastodon":{"url":"https:\/\/pubeurope.com\/@de\/116325144947615398","error":""},"_links":{"self":[{"href":"https:\/\/www.europesays.com\/de\/wp-json\/wp\/v2\/posts\/911272","targetHints":{"allow":["GET"]}}],"collection":[{"href":"https:\/\/www.europesays.com\/de\/wp-json\/wp\/v2\/posts"}],"about":[{"href":"https:\/\/www.europesays.com\/de\/wp-json\/wp\/v2\/types\/post"}],"author":[{"embeddable":true,"href":"https:\/\/www.europesays.com\/de\/wp-json\/wp\/v2\/users\/2"}],"replies":[{"embeddable":true,"href":"https:\/\/www.europesays.com\/de\/wp-json\/wp\/v2\/comments?post=911272"}],"version-history":[{"count":0,"href":"https:\/\/www.europesays.com\/de\/wp-json\/wp\/v2\/posts\/911272\/revisions"}],"wp:featuredmedia":[{"embeddable":true,"href":"https:\/\/www.europesays.com\/de\/wp-json\/wp\/v2\/media\/911273"}],"wp:attachment":[{"href":"https:\/\/www.europesays.com\/de\/wp-json\/wp\/v2\/media?parent=911272"}],"wp:term":[{"taxonomy":"category","embeddable":true,"href":"https:\/\/www.europesays.com\/de\/wp-json\/wp\/v2\/categories?post=911272"},{"taxonomy":"post_tag","embeddable":true,"href":"https:\/\/www.europesays.com\/de\/wp-json\/wp\/v2\/tags?post=911272"}],"curies":[{"name":"wp","href":"https:\/\/api.w.org\/{rel}","templated":true}]}}