{"id":911316,"date":"2026-03-31T18:39:18","date_gmt":"2026-03-31T18:39:18","guid":{"rendered":"https:\/\/www.europesays.com\/de\/911316\/"},"modified":"2026-03-31T18:39:18","modified_gmt":"2026-03-31T18:39:18","slug":"peterlicht-einmal-muenster-und-zurueck-london-calling","status":"publish","type":"post","link":"https:\/\/www.europesays.com\/de\/911316\/","title":{"rendered":"PeterLicht. Einmal M\u00fcnster. Und zur\u00fcck. | London Calling"},"content":{"rendered":"<p>Achim L\u00fcken aus M\u00fcnster pr\u00e4sentiert die Radiosendung &#8222;London Calling&#8220;. Als Moderator pr\u00e4sentiert er rockige Songs aus den Musik-Genres Indie, Alternative, Punkrock und Hardcore. Die Sendung wird beim medienforum m\u00fcnster e.V. produziert. Achim L\u00fcken ist im B\u00fcrgerfunk bei <a href=\"https:\/\/www.nrwision.de\/mediathek\/radiosender\/antenne-muenster\" rel=\"nofollow noopener\" target=\"_blank\">Antenne M\u00fcnster<\/a> sowie in der Mediathek von NRWision zu h\u00f6ren.<\/p>\n","protected":false},"excerpt":{"rendered":"Achim L\u00fcken aus M\u00fcnster pr\u00e4sentiert die Radiosendung &#8222;London Calling&#8220;. Als Moderator pr\u00e4sentiert er rockige Songs aus den Musik-Genres&hellip;\n","protected":false},"author":2,"featured_media":911317,"comment_status":"","ping_status":"","sticky":false,"template":"","format":"standard","meta":{"footnotes":"","_share_on_mastodon":"0"},"categories":[1843],"tags":[1797,3364,29,30,18504,2337,93,8970,1209,1703,2270,37756],"class_list":["post-911316","post","type-post","status-publish","format-standard","has-post-thumbnail","category-muenster","tag-buch","tag-de","tag-deutschland","tag-germany","tag-indie","tag-lesen","tag-literatur","tag-muenster","tag-nordrhein-westfalen","tag-pop","tag-saenger","tag-schreiben"],"share_on_mastodon":{"url":"https:\/\/pubeurope.com\/@de\/116325251156257803","error":""},"_links":{"self":[{"href":"https:\/\/www.europesays.com\/de\/wp-json\/wp\/v2\/posts\/911316","targetHints":{"allow":["GET"]}}],"collection":[{"href":"https:\/\/www.europesays.com\/de\/wp-json\/wp\/v2\/posts"}],"about":[{"href":"https:\/\/www.europesays.com\/de\/wp-json\/wp\/v2\/types\/post"}],"author":[{"embeddable":true,"href":"https:\/\/www.europesays.com\/de\/wp-json\/wp\/v2\/users\/2"}],"replies":[{"embeddable":true,"href":"https:\/\/www.europesays.com\/de\/wp-json\/wp\/v2\/comments?post=911316"}],"version-history":[{"count":0,"href":"https:\/\/www.europesays.com\/de\/wp-json\/wp\/v2\/posts\/911316\/revisions"}],"wp:featuredmedia":[{"embeddable":true,"href":"https:\/\/www.europesays.com\/de\/wp-json\/wp\/v2\/media\/911317"}],"wp:attachment":[{"href":"https:\/\/www.europesays.com\/de\/wp-json\/wp\/v2\/media?parent=911316"}],"wp:term":[{"taxonomy":"category","embeddable":true,"href":"https:\/\/www.europesays.com\/de\/wp-json\/wp\/v2\/categories?post=911316"},{"taxonomy":"post_tag","embeddable":true,"href":"https:\/\/www.europesays.com\/de\/wp-json\/wp\/v2\/tags?post=911316"}],"curies":[{"name":"wp","href":"https:\/\/api.w.org\/{rel}","templated":true}]}}