{"id":911519,"date":"2026-03-31T20:33:24","date_gmt":"2026-03-31T20:33:24","guid":{"rendered":"https:\/\/www.europesays.com\/de\/911519\/"},"modified":"2026-03-31T20:33:24","modified_gmt":"2026-03-31T20:33:24","slug":"wei-xing-zu-neuem-job-in-holzwickede","status":"publish","type":"post","link":"https:\/\/www.europesays.com\/de\/911519\/","title":{"rendered":"Wei Xing zu neuem Job in Holzwickede"},"content":{"rendered":"<p>\t\tNeuer Wiederholt-Chef meldet sich zu Wort<br \/>\n\t\t\t\t\tVage Aussagen zum Standort in Holzwickede<\/p>\n<p>\t\t<img alt=\"\" src=\"https:\/\/www.europesays.com\/de\/wp-content\/uploads\/2025\/12\/630_0036_378794_.jpg\"  class=\"avatar avatar-36 photo avatar-default\" height=\"36\" width=\"36\" loading=\"eager\" decoding=\"async\"\/>\t\t<a class=\"article-author__name\" href=\"https:\/\/www.hellwegeranzeiger.de\/author\/christian-greis\/\" rel=\"author nofollow noopener\" target=\"_blank\">Christian Greis<\/a><br \/>\n\t\tRedakteur<\/p>\n<p>    <a href=\"https:\/\/www.hellwegeranzeiger.de\/wp-content\/uploads\/2026\/03\/31\/14\/630_0900_5996674_-1622x824.jpg\" rel=\"nofollow noopener\" target=\"_blank\"><\/p>\n<p>            <img decoding=\"async\" fetchpriority=\"high\" src=\"https:\/\/www.europesays.com\/de\/wp-content\/uploads\/2026\/03\/630_0900_5996401_-632x428.jpg\" width=\"632\" height=\"428\"  alt=\"Portr\u00e4t von Wei Xing, neuer Gesch\u00e4ftsf\u00fchrer der Vincenz Wiederholt GmbH in Holzwickede.\"\/><\/p>\n<p>    <\/a><br \/>\n    Wei Xing beschw\u00f6rt als neuer Gesch\u00e4ftsf\u00fchrer der Wiederholt GmbH \u201eMade in Germany\u201c und will Synergien schaffen. Was das konkret f\u00fcr die Belegschaft in Holzwickede bedeutet, bleibt offen. \u00a9 Wiederholt GmbH<\/p>\n<p class=\"article__teaser-text\">Nach dem \u00fcberraschenden F\u00fchrungswechsel bei Wiederholt \u00e4u\u00dfert sich der neue Gesch\u00e4ftsf\u00fchrer Wei Xing erstmals \u00f6ffentlich. Konkrete Aussagen bleiben dabei aus.<\/p>\n<p>2 Min Lesezeit<\/p>\n<p>Qualit\u00e4t \u201eMade in Germany\u201c<\/p>\n","protected":false},"excerpt":{"rendered":"Neuer Wiederholt-Chef meldet sich zu Wort Vage Aussagen zum Standort in Holzwickede Christian Greis Redakteur Wei Xing beschw\u00f6rt&hellip;\n","protected":false},"author":2,"featured_media":911520,"comment_status":"","ping_status":"","sticky":false,"template":"","format":"standard","meta":{"footnotes":"","_share_on_mastodon":"0"},"categories":[1833],"tags":[3364,29,217,30,1209,173,50443],"class_list":["post-911519","post","type-post","status-publish","format-standard","has-post-thumbnail","category-dortmund","tag-de","tag-deutschland","tag-dortmund","tag-germany","tag-nordrhein-westfalen","tag-unternehmen","tag-wiederholt"],"share_on_mastodon":{"url":"https:\/\/pubeurope.com\/@de\/116325699314127319","error":""},"_links":{"self":[{"href":"https:\/\/www.europesays.com\/de\/wp-json\/wp\/v2\/posts\/911519","targetHints":{"allow":["GET"]}}],"collection":[{"href":"https:\/\/www.europesays.com\/de\/wp-json\/wp\/v2\/posts"}],"about":[{"href":"https:\/\/www.europesays.com\/de\/wp-json\/wp\/v2\/types\/post"}],"author":[{"embeddable":true,"href":"https:\/\/www.europesays.com\/de\/wp-json\/wp\/v2\/users\/2"}],"replies":[{"embeddable":true,"href":"https:\/\/www.europesays.com\/de\/wp-json\/wp\/v2\/comments?post=911519"}],"version-history":[{"count":0,"href":"https:\/\/www.europesays.com\/de\/wp-json\/wp\/v2\/posts\/911519\/revisions"}],"wp:featuredmedia":[{"embeddable":true,"href":"https:\/\/www.europesays.com\/de\/wp-json\/wp\/v2\/media\/911520"}],"wp:attachment":[{"href":"https:\/\/www.europesays.com\/de\/wp-json\/wp\/v2\/media?parent=911519"}],"wp:term":[{"taxonomy":"category","embeddable":true,"href":"https:\/\/www.europesays.com\/de\/wp-json\/wp\/v2\/categories?post=911519"},{"taxonomy":"post_tag","embeddable":true,"href":"https:\/\/www.europesays.com\/de\/wp-json\/wp\/v2\/tags?post=911519"}],"curies":[{"name":"wp","href":"https:\/\/api.w.org\/{rel}","templated":true}]}}