{"id":911665,"date":"2026-03-31T21:52:14","date_gmt":"2026-03-31T21:52:14","guid":{"rendered":"https:\/\/www.europesays.com\/de\/911665\/"},"modified":"2026-03-31T21:52:14","modified_gmt":"2026-03-31T21:52:14","slug":"werder-bremen-kaempft-um-schluesselspieler-vertrag-wird-zur-zitterpartie","status":"publish","type":"post","link":"https:\/\/www.europesays.com\/de\/911665\/","title":{"rendered":"Werder Bremen k\u00e4mpft um Schl\u00fcsselspieler: Vertrag wird zur Zitterpartie"},"content":{"rendered":"<p>Der SV Werder Bremen arbeitet aktuell an der Vertragsverl\u00e4ngerung eines wichtigen Schl\u00fcsselspielers. Die Bremer Verantwortlichen wollen Romano Schmid unbedingt am Osterdeich halten. F\u00fcr Werder handelt es sich um eine enorm wichtige Personalentscheidung, da der Spieler in Bremen nur noch bis 2027 unter Vertrag steht.<\/p>\n<p>Bremen m\u00f6chte Leistungstr\u00e4ger Romano Schmid langfristig binden<\/p>\n<p class=\"mb20 mt30\">Der <a href=\"https:\/\/www.fussballdaten.de\/vereine\/sv-werder-bremen\/\" id=\"https:\/\/www.fussballdaten.de\/vereine\/sv-werder-bremen\/\" rel=\"nofollow noopener\" target=\"_blank\">SV Werder Bremen<\/a> bem\u00fcht sich intensiv darum, das Arbeitspapier von <a href=\"https:\/\/www.fussballdaten.de\/person\/romano-schmid\/\" id=\"https:\/\/www.fussballdaten.de\/person\/romano-schmid\/\" rel=\"nofollow noopener\" target=\"_blank\">Romano Schmid<\/a> auch \u00fcber 2027 hinaus zu verl\u00e4ngern. Romano Schmid geh\u00f6rt bei den Bremern zu den wichtigen Stammkr\u00e4ften und zieht die F\u00e4den im Mittelfeld. Nicht nur die Spiel\u00fcbersicht, sondern auch die Torgefahr von Romano Schmid geh\u00f6ren zu den st\u00e4rksten Waffen der Norddeutschen. <\/p>\n<p class=\"mb20 mt30\">Bei Romano Schmid ergibt sich nun allerdings auch eine f\u00fcr Bremen komplizierte Vertragssituation. Der Spieler steht am Osterdeich noch bis 2027 unter Vertrag. Wenn Bremen den Vertrag nicht mit ihm verl\u00e4ngert, w\u00fcrde er somit in sein letztes Vertragsjahr gehen und k\u00f6nnte anschlie\u00dfend abl\u00f6sefrei wechseln. Bremen m\u00fcsste den Vertrag somit entweder verl\u00e4ngern oder in der anstehenden Sommertransferperiode noch eine Abl\u00f6se kassieren. <\/p>\n<p class=\"mb20 mt30\">Die Verantwortlichen von Werder wollen den Vertrag jedoch in jedem Fall verl\u00e4ngern und erkl\u00e4rten, in K\u00fcrze intensive Gespr\u00e4che mit dem Spieler aufzunehmen.<\/p>\n<p>Romano Schmid ist wichtiger Schl\u00fcsselspieler beim SV Werder Bremen<\/p>\n<p class=\"mb20 mt30\">Romano Schmid ist Dreh- und Angelpunkt im Mittelfeld des SV Werder Bremen. Der \u00d6sterreicher steht seit der Saison 2018\/2019 fest unter Vertrag und war zun\u00e4chst an den <a href=\"https:\/\/www.fussballdaten.de\/vereine\/wolfsberger-ac\/\" id=\"https:\/\/www.fussballdaten.de\/vereine\/wolfsberger-ac\/\" rel=\"nofollow noopener\" target=\"_blank\">Wolfsberger AC<\/a> nach \u00d6sterreich ausgeliehen. <\/p>\n<p class=\"mb20 mt30\">Seit der Saison 2019\/2020 geh\u00f6rt er fest zum Kader und konnte sich als wichtiger Leistungstr\u00e4ger etablieren. Daher ist es nur allzu gut verst\u00e4ndlich, dass Bremen den Vertrag mit seinem Spieler gerne langfristig verl\u00e4ngern m\u00f6chte.<\/p>\n","protected":false},"excerpt":{"rendered":"Der SV Werder Bremen arbeitet aktuell an der Vertragsverl\u00e4ngerung eines wichtigen Schl\u00fcsselspielers. Die Bremer Verantwortlichen wollen Romano Schmid&hellip;\n","protected":false},"author":2,"featured_media":911666,"comment_status":"","ping_status":"","sticky":false,"template":"","format":"standard","meta":{"footnotes":"","_share_on_mastodon":"0"},"categories":[1824],"tags":[621,2420,3364,29,30,14869,46053,199874,2365,3200],"class_list":["post-911665","post","type-post","status-publish","format-standard","has-post-thumbnail","category-bremen","tag-2-bundesliga","tag-bremen","tag-de","tag-deutschland","tag-germany","tag-romano-schmid","tag-schluesselspieler","tag-sommertransferperiode","tag-sv-werder-bremen","tag-vertragsverlaengerung"],"share_on_mastodon":{"url":"https:\/\/pubeurope.com\/@de\/116326010052403318","error":""},"_links":{"self":[{"href":"https:\/\/www.europesays.com\/de\/wp-json\/wp\/v2\/posts\/911665","targetHints":{"allow":["GET"]}}],"collection":[{"href":"https:\/\/www.europesays.com\/de\/wp-json\/wp\/v2\/posts"}],"about":[{"href":"https:\/\/www.europesays.com\/de\/wp-json\/wp\/v2\/types\/post"}],"author":[{"embeddable":true,"href":"https:\/\/www.europesays.com\/de\/wp-json\/wp\/v2\/users\/2"}],"replies":[{"embeddable":true,"href":"https:\/\/www.europesays.com\/de\/wp-json\/wp\/v2\/comments?post=911665"}],"version-history":[{"count":0,"href":"https:\/\/www.europesays.com\/de\/wp-json\/wp\/v2\/posts\/911665\/revisions"}],"wp:featuredmedia":[{"embeddable":true,"href":"https:\/\/www.europesays.com\/de\/wp-json\/wp\/v2\/media\/911666"}],"wp:attachment":[{"href":"https:\/\/www.europesays.com\/de\/wp-json\/wp\/v2\/media?parent=911665"}],"wp:term":[{"taxonomy":"category","embeddable":true,"href":"https:\/\/www.europesays.com\/de\/wp-json\/wp\/v2\/categories?post=911665"},{"taxonomy":"post_tag","embeddable":true,"href":"https:\/\/www.europesays.com\/de\/wp-json\/wp\/v2\/tags?post=911665"}],"curies":[{"name":"wp","href":"https:\/\/api.w.org\/{rel}","templated":true}]}}