{"id":911681,"date":"2026-03-31T22:00:23","date_gmt":"2026-03-31T22:00:23","guid":{"rendered":"https:\/\/www.europesays.com\/de\/911681\/"},"modified":"2026-03-31T22:00:23","modified_gmt":"2026-03-31T22:00:23","slug":"grillsaison-duesseldorf-drei-anlagen-oeffnen","status":"publish","type":"post","link":"https:\/\/www.europesays.com\/de\/911681\/","title":{"rendered":"Grillsaison D\u00fcsseldorf: Drei Anlagen \u00f6ffnen"},"content":{"rendered":"<p class=\"text_ohne_einzug richtext text-em-55 !leading-serif mx-6 desktop:mx-0\"> Die Temperaturen steigen langsam an und die Stadt \u00f6ffnet die Grillpl\u00e4tze in den Freizeitanlagen wieder. Die Angebote in den Freizeitanlagen Ulenbergstra\u00dfe und Niederheider W\u00e4ldchen stehen den D\u00fcsseldorferinnen und D\u00fcsseldorfern ab 1. April zur Verf\u00fcgung. In der Freizeitanlage Heerdt startet die Grillsaison eine Woche sp\u00e4ter, am Mittwoch, 8. April.<\/p>\n","protected":false},"excerpt":{"rendered":"Die Temperaturen steigen langsam an und die Stadt \u00f6ffnet die Grillpl\u00e4tze in den Freizeitanlagen wieder. Die Angebote in&hellip;\n","protected":false},"author":2,"featured_media":911682,"comment_status":"","ping_status":"","sticky":false,"template":"","format":"standard","meta":{"footnotes":"","_share_on_mastodon":"0"},"categories":[1831],"tags":[8017,199879,199878,2164,14723,3364,29,3405,163975,199875,30,36205,36199,46271,25453,75158,97637,1209,199876,199877],"class_list":["post-911681","post","type-post","status-publish","format-standard","has-post-thumbnail","category-duesseldorf","tag-grillen","tag-2ffreizeit","tag-2ffreizeitparks","tag-anlage","tag-anlagen","tag-de","tag-deutschland","tag-duesseldorf","tag-freizeitanlage","tag-freizeitanlagen","tag-germany","tag-grillplatz","tag-grillplaetze","tag-gruppen","tag-heerdt","tag-minigolfanlage","tag-niederheider","tag-nordrhein-westfalen","tag-ulenbergstrasse","tag-waeldchen"],"share_on_mastodon":{"url":"https:\/\/pubeurope.com\/@de\/116326041473709728","error":""},"_links":{"self":[{"href":"https:\/\/www.europesays.com\/de\/wp-json\/wp\/v2\/posts\/911681","targetHints":{"allow":["GET"]}}],"collection":[{"href":"https:\/\/www.europesays.com\/de\/wp-json\/wp\/v2\/posts"}],"about":[{"href":"https:\/\/www.europesays.com\/de\/wp-json\/wp\/v2\/types\/post"}],"author":[{"embeddable":true,"href":"https:\/\/www.europesays.com\/de\/wp-json\/wp\/v2\/users\/2"}],"replies":[{"embeddable":true,"href":"https:\/\/www.europesays.com\/de\/wp-json\/wp\/v2\/comments?post=911681"}],"version-history":[{"count":0,"href":"https:\/\/www.europesays.com\/de\/wp-json\/wp\/v2\/posts\/911681\/revisions"}],"wp:featuredmedia":[{"embeddable":true,"href":"https:\/\/www.europesays.com\/de\/wp-json\/wp\/v2\/media\/911682"}],"wp:attachment":[{"href":"https:\/\/www.europesays.com\/de\/wp-json\/wp\/v2\/media?parent=911681"}],"wp:term":[{"taxonomy":"category","embeddable":true,"href":"https:\/\/www.europesays.com\/de\/wp-json\/wp\/v2\/categories?post=911681"},{"taxonomy":"post_tag","embeddable":true,"href":"https:\/\/www.europesays.com\/de\/wp-json\/wp\/v2\/tags?post=911681"}],"curies":[{"name":"wp","href":"https:\/\/api.w.org\/{rel}","templated":true}]}}