{"id":911808,"date":"2026-03-31T23:10:18","date_gmt":"2026-03-31T23:10:18","guid":{"rendered":"https:\/\/www.europesays.com\/de\/911808\/"},"modified":"2026-03-31T23:10:18","modified_gmt":"2026-03-31T23:10:18","slug":"dynamo-dresden-das-machen-die-verliehenen-profis-sport","status":"publish","type":"post","link":"https:\/\/www.europesays.com\/de\/911808\/","title":{"rendered":"Dynamo Dresden: Das machen die verliehenen Profis | Sport"},"content":{"rendered":"<p><a class=\"skip-content skip-content--link\" href=\"#in-content-skip-link-target-v-0-0\">TTS-Player \u00fcberspringen\u21b5<\/a><a id=\"in-content-skip-link-target-v-0-0\" class=\"skip-content--target-link-hidden skip-content skip-content--target-link\" href=\"#in-content-skip-link-target-v-0-0\">Artikel weiterlesen<\/a><\/p>\n<p><b>Dynamo Dresden ist der Leih-Meister der 2. Bundesliga. Sieben Profis hat der Aufsteiger so von anderen Teams bis Saisonende geholt, sechs an andere Vereine ausgeliehen. Aber wie l\u00e4uft es f\u00fcr die Dresdner in der Ferne? Der BILD-Check.<\/b><\/p>\n<p><b>\u25b6 Robin Mei\u00dfner (26)<\/b>: Der St\u00fcrmer d\u00fcrfte seinen Ortswechsel im vergangenen Sommer nicht bereut haben, schwimmt beim VfL Osnabr\u00fcck f\u00f6rmlich auf einer Erfolgswelle. In bisher 28 Spielen gelangen ihm 12 Tore und acht Vorlagen. Er hat damit ma\u00dfgeblichen Anteil daran, dass der VfL als Drittliga-Tabellenf\u00fchrer vor dem Aufstieg in die 2. Bundesliga steht.<\/p>\n<p>Nach Dresden zur\u00fcckkehren wird Mei\u00dfner aber nicht. Osnabr\u00fcck besitzt eine Kaufoption, wird die auch ziehen. Die festgeschriebene Abl\u00f6sesumme liegt nach BILD-Informationen im <a href=\"https:\/\/www.bild.de\/sport\/fussball\/dynamo-dresden-zweitligist-kassiert-fuer-drittliga-profi-ab-699fe0c8457c5afd864e967c\" class=\"text-link\" rel=\"nofollow noopener\" target=\"_blank\">Aufstiegsfall bei knapp 200.000 Euro<\/a>.<\/p>\n<p>Mehr zum Thema<\/p>\n<p><b>\u25b6 Jonas Oehmichen (22)<\/b>: Auch dem Mittelfeldmann tat die Luftver\u00e4nderung in der Winterpause offensichtlich gut. Bei Alemannia Aachen bl\u00fcht er richtig auf, kommt bis jetzt auf ein Tor und zwei Vorlagen. Seit seinem Wechsel von Ost nach West holte die Alemannia sechs Siege aus acht Spielen. Oehmichen hat damit gro\u00dfen Anteil daran, dass der Klassenerhalt f\u00fcr den in der Winterpause noch stark abstiegsbedrohten Drittligisten jetzt schon im Sack ist. <\/p>\n<p>Oehmichen bl\u00fcht richtig auf<\/p>\n<p>\u201eEs macht Spa\u00df, ich f\u00fchle mich hier wohl. Und wenn dann Siege dazukommen, ist es nat\u00fcrlich umso besser. Dementsprechend ist meine Gef\u00fchlslage gerade rundum positiv\u201c, erkl\u00e4rte Oehmichen in der L\u00e4nderspielpause im Alemannia Livetalk. Stand jetzt kehrt er im Sommer zur\u00fcck zu <a href=\"https:\/\/www.bild.de\/sport\/fussball\/dynamo-dresden\/startseite-dynamo-46789412.bild.html\" class=\"text-link\" rel=\"nofollow noopener\" target=\"_blank\">Dynamo Dresden<\/a>, theoretisch denkbar w\u00e4re aber auch eine Verl\u00e4ngerung der Leihe.<\/p>\n<p><img decoding=\"async\" width=\"992\" height=\"558\" alt=\"Marlon Fa\u00df (r.) traf bisher sieben Mal f\u00fcr die Stuttgarter Kickers\" src=\"https:\/\/www.europesays.com\/de\/wp-content\/uploads\/2026\/03\/286b150e635b278108ef6e03a0b2a25f,a37d2efc.jpeg\"   class=\"landscape\" loading=\"lazy\"\/><\/p>\n<p class=\"fig__caption__text\">Marlon Fa\u00df (r.) traf bisher sieben Mal f\u00fcr die Stuttgarter Kickers<\/p>\n<p>Foto: picture alliance\/Baumann\/Hansi Britsch<\/p>\n<p><b>\u25b6 Marlon Fa\u00df (19)<\/b>: Der Jung-St\u00fcrmer wurde vor der Saison frisch von der TSG Hoffenheim verpflichtet \u2013 und sofort <a href=\"https:\/\/www.bild.de\/sport\/fussball\/dynamo-dresden-an-diesen-klub-soll-neuzugang-fass-ausgeliehen-werden-6866285caa0dfb270f8042d8\" class=\"text-link\" rel=\"nofollow noopener\" target=\"_blank\">zu den Stuttgarter Kickers weiterverliehen<\/a>, um Spielpraxis im M\u00e4nnerbereich zu sammeln. Das Projekt geht bis jetzt auf. In bisher 20 Spielen gelangen dem Neu-Dresdner f\u00fcr den aktuell Sechsten der Regionalliga S\u00fcdwest sieben Tore, dazu kommen drei Assists. Und das trotz vierw\u00f6chiger Zwangspause wegen eines B\u00e4nderrisses im Sprunggelenk. Auch bei ihm w\u00e4re eine Leih-Verl\u00e4ngerung m\u00f6glich.<\/p>\n<p>Noch ohne Tor und Vorlage<\/p>\n<p><b>\u25b6 Dominik Kother (26):<\/b> In der Winterpause zum MSV Duisburg ausgeliehen, lief es bisher nicht wirklich rund f\u00fcr den Mittelfeldmann. Sechs Mal kam er in der 3. Liga zum Einsatz, ein Tor oder eine Vorlage gelangen ihm noch nicht. Trotzdem hat er mit dem Aufsteiger noch alle Chancen, den direkten Durchmarsch in die 2. Bundesliga zu packen. Sollte Dresden die Klasse halten, d\u00fcrfte eine R\u00fcckkehr eher unwahrscheinlich sein.<\/p>\n<p><img decoding=\"async\" width=\"992\" height=\"558\" alt=\"Paul Lehmann (l.) blieb auch in Verl das Verletzungspech treu\" src=\"https:\/\/www.europesays.com\/de\/wp-content\/uploads\/2026\/03\/c7331bb5ed98499b556be84465dcba5c,608c9d85.jpeg\"   class=\"landscape\" loading=\"lazy\"\/><\/p>\n<p class=\"fig__caption__text\">Paul Lehmann (l.) blieb auch in Verl das Verletzungspech treu<\/p>\n<p>Foto: Eibner-Pressefoto<\/p>\n<p><b>\u25b6 Paul Lehmann (21)<\/b>: Der junge Verteidiger soll beim SC Verl vor allem Spielpraxis in der 3. Liga sammeln. Nachdem er zuletzt schon bei Dynamo vom Verletzungspech verfolgt war, setzte ihn auch in der laufenden Serie ein B\u00e4nderriss im Sprunggelenk mehrere Wochen matt. Trotzdem kam der geb\u00fcrtige Dresdner bisher immerhin auf 14 Eins\u00e4tze, allerdings nur vier davon \u00fcber die vollen 90 Minuten. Eine R\u00fcckkehr nach Dresden d\u00fcrfte vor allem von der Ligenzugeh\u00f6rigkeit abh\u00e4ngen.<\/p>\n<p><b>\u25b6 Dennis Duah (22)<\/b>: Der Wechsel des Verteidigers 2024 vom HSV II nach Dresden war ein Flop. Bisher keine Pflichtspiel-Minute gespielt, wurde er in der Hinrunde zu Energie Cottbus ausgeliehen. Weil er sich auch dort nicht durchsetzen konnte, ging es <a href=\"https:\/\/www.bild.de\/sport\/fussball\/fussball-irre-naechster-blitztransfer-zwischen-dynamo-dresden-und-energie-cottbus-696650ad919be1864fce8b71\" class=\"text-link\" rel=\"nofollow noopener\" target=\"_blank\">in der Winterpause zum TSV Havelse<\/a>. F\u00fcr den Drittliga-Vorletzten lief er bisher immerhin sieben Mal auf. Bei Dynamo hat er definitiv keine Zukunft mehr.<\/p>\n","protected":false},"excerpt":{"rendered":"TTS-Player \u00fcberspringen\u21b5Artikel weiterlesen Dynamo Dresden ist der Leih-Meister der 2. Bundesliga. Sieben Profis hat der Aufsteiger so von&hellip;\n","protected":false},"author":2,"featured_media":911809,"comment_status":"","ping_status":"","sticky":false,"template":"","format":"standard","meta":{"footnotes":"","_share_on_mastodon":"0"},"categories":[1835],"tags":[621,995,999,3364,29,2386,3766,347,30,3721,3459,859,9622,803,3460,5832,45,27050,12777,14464],"class_list":["post-911808","post","type-post","status-publish","format-standard","has-post-thumbnail","category-dresden","tag-2-bundesliga","tag-3-liga","tag-alemannia-aachen","tag-de","tag-deutschland","tag-dresden","tag-dynamo-dresden","tag-fussball","tag-germany","tag-msv-duisburg","tag-regionalliga","tag-sachsen","tag-sc-verl","tag-spielertransfer","tag-sport-leuchtturm-leipzig","tag-stuttgarter-kickers","tag-texttospeech","tag-tsv-havelse","tag-vfl-osnabrueck","tag-wintertransfer"],"share_on_mastodon":{"url":"https:\/\/pubeurope.com\/@de\/116326316734027669","error":""},"_links":{"self":[{"href":"https:\/\/www.europesays.com\/de\/wp-json\/wp\/v2\/posts\/911808","targetHints":{"allow":["GET"]}}],"collection":[{"href":"https:\/\/www.europesays.com\/de\/wp-json\/wp\/v2\/posts"}],"about":[{"href":"https:\/\/www.europesays.com\/de\/wp-json\/wp\/v2\/types\/post"}],"author":[{"embeddable":true,"href":"https:\/\/www.europesays.com\/de\/wp-json\/wp\/v2\/users\/2"}],"replies":[{"embeddable":true,"href":"https:\/\/www.europesays.com\/de\/wp-json\/wp\/v2\/comments?post=911808"}],"version-history":[{"count":0,"href":"https:\/\/www.europesays.com\/de\/wp-json\/wp\/v2\/posts\/911808\/revisions"}],"wp:featuredmedia":[{"embeddable":true,"href":"https:\/\/www.europesays.com\/de\/wp-json\/wp\/v2\/media\/911809"}],"wp:attachment":[{"href":"https:\/\/www.europesays.com\/de\/wp-json\/wp\/v2\/media?parent=911808"}],"wp:term":[{"taxonomy":"category","embeddable":true,"href":"https:\/\/www.europesays.com\/de\/wp-json\/wp\/v2\/categories?post=911808"},{"taxonomy":"post_tag","embeddable":true,"href":"https:\/\/www.europesays.com\/de\/wp-json\/wp\/v2\/tags?post=911808"}],"curies":[{"name":"wp","href":"https:\/\/api.w.org\/{rel}","templated":true}]}}