{"id":912015,"date":"2026-04-01T01:09:13","date_gmt":"2026-04-01T01:09:13","guid":{"rendered":"https:\/\/www.europesays.com\/de\/912015\/"},"modified":"2026-04-01T01:09:13","modified_gmt":"2026-04-01T01:09:13","slug":"usa-donald-trump-erlaesst-per-dekret-vorgaben-fuer-briefwahl","status":"publish","type":"post","link":"https:\/\/www.europesays.com\/de\/912015\/","title":{"rendered":"USA: Donald Trump erl\u00e4sst per Dekret Vorgaben f\u00fcr Briefwahl"},"content":{"rendered":"<p class=\"paragraph article__item\">Im Vorfeld der wichtigen <a href=\"https:\/\/www.zeit.de\/thema\/midterm-elections\" target=\"_blank\" rel=\"nofollow noopener\">Zwischenwahlen<\/a> zum US-Kongress im November hat US-Pr\u00e4sident <a class=\"rtr-entity\" href=\"https:\/\/www.zeit.de\/thema\/donald-trump\" rel=\"nofollow noopener\" target=\"_blank\">Donald Trump<\/a> eine Wahlreform per Dekret durchgesetzt. Er unterzeichnete eine Verordnung, die darauf abzielt, die Regeln f\u00fcr die Briefwahl landesweit zu versch\u00e4rfen. Es ist jedoch unklar, ob der US-Pr\u00e4sident \u00fcber die rechtlichen Befugnisse f\u00fcr eine solche Ma\u00dfnahme verf\u00fcgt.\n<\/p>\n<p class=\"paragraph article__item\">Die Verordnung weist seine Regierung an, f\u00fcr jeden Bundesstaat eine Liste der best\u00e4tigten US-B\u00fcrger zu erstellen, die wahlberechtigt sind. Sie schreibt zudem vor, dass Briefwahlunterlagen nur an W\u00e4hler und W\u00e4hlerinnen versandt werden d\u00fcrfen, die auf der genehmigten Briefw\u00e4hlerliste des jeweiligen Bundesstaates stehen. Daf\u00fcr sollen demnach Wahlumschl\u00e4ge mit eindeutigen Tracking-Barcodes genutzt werden.\n<\/p>\n<p class=\"paragraph article__item\">Hintergrund ist die von Trump angestrebte\u00a0<a href=\"https:\/\/www.zeit.de\/politik\/ausland\/2026-03\/donald-trump-wahlgesetz-kritik-osterpause\" target=\"_blank\" rel=\"nofollow noopener\">Wahlreform mit dem Namen Save America Act<\/a>. Sie sieht unter anderem vor, dass US-B\u00fcrger bei der Registrierung f\u00fcr eine Wahl ihre US-amerikanische Staatsb\u00fcrgerschaft nachweisen. Die Demokraten \u200clehnen das Gesetz strikt ab. F\u00fcr eine Verabschiedung im Senat sind 60 der 100 Stimmen erforderlich. Die Republikaner stellen aber nur 53 Senatoren. Das <a href=\"https:\/\/www.zeit.de\/politik\/ausland\/2026-02\/usa-kongresswahlen-regeln-ausweis-republikaner\" target=\"_blank\" rel=\"nofollow noopener\">Repr\u00e4sentantenhaus hatte der Vorlage bereits im Februar zugestimmt<\/a>.<br \/>\nDas nun erlassene Dekret zur Briefwahl ist nicht direkt Teil der Wahlreform, h\u00e4ngt aber politisch mit ihr zusammen.\n<\/p>\n<p>        Trump stellt Briefwahl als Grund f\u00fcr Wahlniederlage 2020 dar        <\/p>\n<p class=\"paragraph article__item\">Der US-Pr\u00e4sident h\u00e4lt seit Jahren an seiner falschen Behauptung fest, seine Wahlniederlage 2020 sei das Ergebnis weitverbreiteten Wahlbetrugs gewesen. Zuletzt hatte er angek\u00fcndigt, er wolle die Briefwahl<br \/>\n&#8222;abschaffen&#8220;. Eine rechtliche Anfechtung des nun unterzeichneten Dekrets<br \/>\n ist so gut wie sicher. Eine endg\u00fcltige Entscheidung k\u00f6nnte letztlich<br \/>\ndem <a href=\"https:\/\/www.zeit.de\/thema\/supreme-court\" target=\"_blank\" rel=\"nofollow noopener\">Obersten Gerichtshof<\/a> der <a href=\"https:\/\/www.zeit.de\/thema\/usa\" target=\"_blank\" rel=\"nofollow noopener\">USA<\/a> \u00fcberlassen bleiben.\n<\/p>\n<p class=\"paragraph article__item\">Es gibt keine Beweise daf\u00fcr, dass eine<br \/>\nBriefwahl weniger sicher ist als eine Stimmabgabe vor Ort im Wahllokal.<br \/>\nIn zahlreichen Staaten wie Deutschland, Gro\u00dfbritannien und Kanada ist<br \/>\nsie Standard. Die M\u00f6glichkeit f\u00fcr eine Briefwahl erm\u00f6glicht nach<br \/>\nEinsch\u00e4tzung von Demokratieorganisationen Millionen Menschen in den USA<br \/>\n die Stimmabgabe, weil sie etwa wegen einer Behinderung ihr Haus nicht<br \/>\nverlassen k\u00f6nnen.\n<\/p>\n<p>                            \u00a9\u00a0Lea Dohle<\/p>\n<p>\n                                        Newsletter<br \/>\n                                        Was jetzt? \u2013 Der t\u00e4gliche Morgen\u00fcberblick<\/p>\n<p class=\"newsletter-signup__text\">Starten Sie mit unserem kurzen Nachrichten-Newsletter in den Tag. Erhalten Sie zudem freitags das digitale Magazin ZEIT am Wochenende.<\/p>\n<p class=\"newsletter-signup__datapolicy\" hidden=\"\">\n            Mit Ihrer Registrierung nehmen Sie die <a href=\"https:\/\/datenschutz.zeit.de\/zon#Newsletter\" target=\"_blank\" rel=\"nofollow noopener\">Datenschutzerkl\u00e4rung<\/a> zur Kenntnis.\n        <\/p>\n<p>    Vielen Dank! Wir haben Ihnen eine E-Mail geschickt.<\/p>\n<p>Pr\u00fcfen Sie Ihr Postfach und best\u00e4tigen Sie das Newsletter-Abonnement.<\/p>\n<p class=\"paragraph article__item\">Im M\u00e4rz des vergangenen Jahres <a href=\"https:\/\/www.zeit.de\/politik\/ausland\/2025-08\/usa-trump-briefwahl-abschaffen-kongresswahl\" target=\"_blank\" rel=\"nofollow noopener\">hatte der<br \/>\nUS-Pr\u00e4sident bereits ein Dekret unterzeichnet, das die Briefwahl<br \/>\neinschr\u00e4nkt<\/a>. Es untersagt den Bundesstaaten unter anderem, nach dem<br \/>\nWahltag eingehende Briefwahlstimmen zu z\u00e4hlen. Die Regeln f\u00fcr Wahlen<br \/>\nfallen in den USA eigentlich in die Zust\u00e4ndigkeit der Bundesstaaten.\n<\/p>\n<p>Mehr zum Thema<\/p>\n<p>            Donald Trump        <\/p>\n<p>                <a href=\"https:\/\/www.zeit.de\/politik\/ausland\/2026-03\/no-kings-proteste-saint-paul-minnesota-ice-abschiebungen\" data-ct-label=\"&quot;No Kings&quot;-Proteste: &quot;W\u00e4hlt Leute, die eure Nachbarn nicht t\u00f6ten&quot;\" data-uuid=\"ca30ff9d-dca7-4b4e-966e-a69569c34223\" rel=\"nofollow noopener\" target=\"_blank\"><\/p>\n<p>        Z+ (abopflichtiger Inhalt);<\/p>\n<p>    &#8222;No Kings&#8220;-Proteste:<br \/>\n                        &#8222;W\u00e4hlt Leute, die eure Nachbarn nicht t\u00f6ten&#8220;<\/p>\n<p>                <\/a><\/p>\n<p>                <a href=\"https:\/\/www.zeit.de\/feuilleton\/2026-03\/no-kings-proteste-usa-donald-trump-politische-linke\" data-ct-label=\"&quot;No Kings&quot;-Proteste in den USA: Die Linke organisiert Demos, die Rechte gewinnt Wahlen. Oder?\" data-uuid=\"1059e499-226e-4186-b86c-b913a77e881a\" rel=\"nofollow noopener\" target=\"_blank\"><\/p>\n<p>                        &#8222;No Kings&#8220;-Proteste in den USA:<br \/>\n                        Die Linke organisiert Demos, die Rechte gewinnt Wahlen. Oder?<\/p>\n<p>                <\/a><\/p>\n<p>                <a href=\"https:\/\/www.zeit.de\/politik\/ausland\/2026-03\/cpac-konferenz-usa-donald-trump-maga\" data-ct-label=\"CPAC: Wird Maga gerade lame?\" data-uuid=\"4ac11d01-67d7-400a-b6e3-3a89a67a97c6\" rel=\"nofollow noopener\" target=\"_blank\"><\/p>\n<p>        Z+ (abopflichtiger Inhalt);<\/p>\n<p>    CPAC:<br \/>\n                        Wird Maga gerade lame?<\/p>\n<p>                <\/a><\/p>\n<p class=\"paragraph article__item\">*** Transparenzhinweis: Wir haben in der \u00dcberschrift den Verweis auf die umstrittene Wahlreform entfernt, weil das Dekret zur Briefwahl nicht Teil davon ist. Im dritten Absatz des Textes haben wir den Zusammenhang erl\u00e4utert. **<\/p>\n","protected":false},"excerpt":{"rendered":"Im Vorfeld der wichtigen Zwischenwahlen zum US-Kongress im November hat US-Pr\u00e4sident Donald Trump eine Wahlreform per Dekret durchgesetzt.&hellip;\n","protected":false},"author":2,"featured_media":912016,"comment_status":"","ping_status":"","sticky":false,"template":"","format":"standard","meta":{"footnotes":"","_share_on_mastodon":"0"},"categories":[3],"tags":[1497,106,13,14,15,16,12,10,8,9,11,64,179425,103,104],"class_list":["post-912015","post","type-post","status-publish","format-standard","has-post-thumbnail","category-welt","tag-dekret","tag-donald-trump","tag-headlines","tag-nachrichten","tag-news","tag-politik","tag-schlagzeilen","tag-top-news","tag-top-meldungen","tag-topmeldungen","tag-topnews","tag-usa","tag-wahlreform","tag-welt","tag-world"],"share_on_mastodon":{"url":"https:\/\/pubeurope.com\/@de\/116326784383661331","error":""},"_links":{"self":[{"href":"https:\/\/www.europesays.com\/de\/wp-json\/wp\/v2\/posts\/912015","targetHints":{"allow":["GET"]}}],"collection":[{"href":"https:\/\/www.europesays.com\/de\/wp-json\/wp\/v2\/posts"}],"about":[{"href":"https:\/\/www.europesays.com\/de\/wp-json\/wp\/v2\/types\/post"}],"author":[{"embeddable":true,"href":"https:\/\/www.europesays.com\/de\/wp-json\/wp\/v2\/users\/2"}],"replies":[{"embeddable":true,"href":"https:\/\/www.europesays.com\/de\/wp-json\/wp\/v2\/comments?post=912015"}],"version-history":[{"count":0,"href":"https:\/\/www.europesays.com\/de\/wp-json\/wp\/v2\/posts\/912015\/revisions"}],"wp:featuredmedia":[{"embeddable":true,"href":"https:\/\/www.europesays.com\/de\/wp-json\/wp\/v2\/media\/912016"}],"wp:attachment":[{"href":"https:\/\/www.europesays.com\/de\/wp-json\/wp\/v2\/media?parent=912015"}],"wp:term":[{"taxonomy":"category","embeddable":true,"href":"https:\/\/www.europesays.com\/de\/wp-json\/wp\/v2\/categories?post=912015"},{"taxonomy":"post_tag","embeddable":true,"href":"https:\/\/www.europesays.com\/de\/wp-json\/wp\/v2\/tags?post=912015"}],"curies":[{"name":"wp","href":"https:\/\/api.w.org\/{rel}","templated":true}]}}