{"id":912366,"date":"2026-04-01T04:29:31","date_gmt":"2026-04-01T04:29:31","guid":{"rendered":"https:\/\/www.europesays.com\/de\/912366\/"},"modified":"2026-04-01T04:29:31","modified_gmt":"2026-04-01T04:29:31","slug":"palaestina-solidaritaet-duisburg-ahmad-othman-siegt-erneut-vor-gericht-gegen-das-land-nrw","status":"publish","type":"post","link":"https:\/\/www.europesays.com\/de\/912366\/","title":{"rendered":"Pal\u00e4stina Solidarit\u00e4t Duisburg: Ahmad Othman siegt erneut vor Gericht gegen das Land NRW"},"content":{"rendered":"<p>Ahmad Othman, Aktivist gegen den V\u00f6lkermord an den Pal\u00e4stinensern, hat auch erfolgreich gegen die zweite gegen ihn ausgesprochene K\u00fcndigung geklagt. Am 26. M\u00e4rz urteilte die Vorsitzende Richterin Dr. Kirchner am Arbeitsgericht Dortmund, \u201edass das Arbeitsverh\u00e4ltnis der Parteien durch die K\u00fcndigung des beklagten Landes vom 11.07.2025 nicht aufgel\u00f6st ist\u201c. Ahmad Othman ist weiterhin Besch\u00e4ftigter des Landes NRW.<\/p>\n<p><img decoding=\"async\" class=\"db relative center\" loading=\"lazy\" src=\"https:\/\/www.europesays.com\/de\/wp-content\/uploads\/2026\/04\/e71c37ef-0974-45b9-acf9-77df6d73a23b.jpeg\" style=\"max-height:100%\"\/>Ahmad vor dem Arbeitsgericht in Dortmund am 26. M\u00e4rz<\/p>\n<p>Ahmad hatte sich in der Pal\u00e4stina Solidarit\u00e4t Duisburg (PSDU) engagiert, die das nordrhein-westf\u00e4lische Innenministerium unter Herbert Reul (CDU) am 16. Mai 2024 verbot. Der junge IT-Fachmann war daraufhin sofort \u2013 im Juni 2024 \u2013 von seinem Arbeitgeber, dem Landesamt f\u00fcr Qualit\u00e4tssicherung und Informationstechnologie der Lehrerausbildung (Laquila) suspendiert worden.<\/p>\n<p>Mitte November erhielt er die K\u00fcndigung zum 31. Dezember 2024. Dagegen klagte er erfolgreich. Im April 2025 stellte das Dortmunder Gericht in erster Instanz die Unwirksamkeit der K\u00fcndigung fest. Daraufhin schob das Land NRW im Juli 2025 eine zweite K\u00fcndigung nach. Eine Berufung gegen die erste K\u00fcndigung zog das Land im Oktober 2025 zur\u00fcck.<\/p>\n<p>Ging es im ersten Prozess v. a. um die angebliche Gefahr, die von Ahmad aufgrund seiner Mitgliedschaft in der PSDU und seiner T\u00e4tigkeit als IT-Angestellter ausging, wurde letzte Woche der eigentliche Grund der Repressionen gegen ihn deutlicher: \u201eSie machen einfach weiter\u201c, wie es Rechtsanwalt Christian Althaus der Kanzlei K\u00fcmmerlein ausdr\u00fcckte. Was er meinte: Ahmad macht weiter auf den V\u00f6lkermord in Pal\u00e4stina durch die israelische Regierung aufmerksam und protestiert weiter \u00f6ffentlich dagegen. \u201eSie halten sich nicht an die Spielregeln\u201c, warf der Anwalt dem Landesbesch\u00e4ftigten vor.<\/p>\n<p>Er distanziere sich \u201enicht von seinen politischen Standpunkten\u201c, verbreite \u201eSymbole von terroristischen Vereinigungen\u201c (gemeint ist das umgedrehte rote Dreieck als Erkennungszeichen der Hamas) sowie die Parole \u201eFrom the river to the sea \u2026\u201c. Sein Auftritt auf einer Pal\u00e4stina-Konferenz in Wien sei \u201estaatsfeindlich\u201c.<\/p>\n<p>In Wien hatte Ahmad berichtet, dass er und seine Familie \u201eurspr\u00fcnglich aus Haifa\u201c stammten. Deshalb warf ihm das Land NRW bei beiden K\u00fcndigungen vor, er sei ein L\u00fcgner, weil er in Syrien geboren sei. Tats\u00e4chlich waren seine Gro\u00dfeltern von den Israelis aus Haifa vertrieben worden und Ahmad hat ein bei der UNWRA registriertes Recht auf R\u00fcckkehr in deren Heimat, das Dorf Balad al-Sheikh bei Haifa.<\/p>\n<p>Die Verteidigung des R\u00fcckkehrrechts der Pal\u00e4stinenser in ihre Heimat, das von der UN-Resolution 194 aus dem Jahr 1948 garantiert wird, war schon beim Verbot der PSDU als \u201eantisemitisch\u201c charakterisiert worden. \u201eEin uneingeschr\u00e4nktes R\u00fcckkehrrecht pal\u00e4stinensischer Fl\u00fcchtlinge und ihrer Nachkommen [\u2026] w\u00fcrde in der praktischen Umsetzung das Ende des israelischen Staates bedeuten\u201c, schrieb 2024 das Innenministerium NRWs.<\/p>\n<p>Anwalt Althaus erkl\u00e4rte, es sei daher \u201edem Land als Arbeitgeber nicht zuzumuten\u201c, Ahmad weiter zu besch\u00e4ftigen.<\/p>\n<p><a href=\"https:\/\/www.mehring-verlag.de\/library\/north-logik-des-zionismus\/00.html\" class=\"db avenir f6 lh-title pa1 br2 tc mw6 mw7-l bg-_black-05 mt3 center\" target=\"_blank\" rel=\"noopener nofollow\"><img decoding=\"async\" class=\"dn db-m\" src=\"https:\/\/www.europesays.com\/de\/wp-content\/uploads\/2025\/04\/2a8c61b3-1110-43b9-9130-23e87328f0a7\"\/><img decoding=\"async\" class=\"db dn-m\" src=\"https:\/\/www.europesays.com\/de\/wp-content\/uploads\/2025\/04\/7333c09d-872e-43c9-bdad-3d94170f0c3e\"\/><\/a><\/p>\n<p>Erneut wird deutlich, dass es sich bei dem Versuch, Ahmad Othman aus dem Job zu dr\u00e4ngen, um bewusste politische Repression handelt. Denn das Gericht sah auch jetzt keinen arbeitsrechtlichen Grund f\u00fcr eine K\u00fcndigung. Mehrmals betonte die Richterin, dass sie nicht das Verbot der PSDU oder die vermeintliche Strafbarkeit einzelner Losungen beurteile. Sie bewerte ausschlie\u00dflich, ob das Verhalten des Kl\u00e4gers eine K\u00fcndigung rechtfertige. Ihr Urteil lautet: Nein!<\/p>\n<p>In beiden Verhandlungen vor dem Arbeitsgericht Dortmund wurde offenkundig, dass Ahmad in Aus\u00fcbung seiner T\u00e4tigkeit im Laquila nie Anlass zu Beschwerden gegeben hatte. Im Gegenteil, das Landesamt war mit seiner Arbeit hochzufrieden.<\/p>\n<p>Sein Anwalt zog vor Gericht eine Parallele zu dem 1972 unter der Bundesregierung Willy Brandts (SPD) von Bund und L\u00e4ndern verabschiedeten \u201eRadikalenerlass\u201c. Damals wurden Lehrer, Eisenbahner, Postboten und viele andere aus dem \u00d6ffentlichen Dienst entfernt bzw. nicht eingestellt, weil sie sich politisch links bet\u00e4tigt hatten.<\/p>\n<p>Sowohl in der ersten als auch in der zweiten K\u00fcndigung hatte das Land NRW keinerlei konkrete Verfehlungen f\u00fcr die K\u00fcndigung genannt, sondern sich einzig auf das Verbot der PSDU durch dasselbe Land NRW gest\u00fctzt.<\/p>\n<p>Die Behauptung im ersten Verfahren, von Ahmad als IT-Fachmann gehe eine Gefahr aus, kam auch kurz im zweiten Prozess zur Sprache. Doch auf Nachfrage der Richterin, ob es daf\u00fcr Anhaltspunkte gebe, musste die Personalerin des Landes einsilbig antworten: \u201eNein.\u201c Ahmad betonte einmal mehr, dass er weder die technischen Zug\u00e4nge, noch den Willen und das Motiv gehabt habe, das Laquila, andere Landesbeh\u00f6rden oder gar das Innenministerium zu hacken, wie das Land ihm unterstelle.<\/p>\n<p>Die erste K\u00fcndigung war schlie\u00dflich an einem Verfahrensfehler gescheitert. Der Personalrat war nicht ordentlich angeh\u00f6rt worden. Doch auch die zweite K\u00fcndigung zeigt, dass das Land NRW glaubt, Besch\u00e4ftigte mit der \u201efalschen politischen Haltung\u201c, Besch\u00e4ftigte, die sich nicht der \u201edeutschen Staatsr\u00e4son\u201c unterwerfen, einfach entlassen zu k\u00f6nnen. Die K\u00fcndigung enthielt weder einen Hinweis auf Fehlverhalten noch einen Vorwurf oder konkreten Sachverhalt.<\/p>\n<p>Bereits als <a href=\"https:\/\/www.wsws.org\/de\/articles\/2024\/07\/22\/padu-j22.html\" rel=\"nofollow noopener\" target=\"_blank\">die <\/a>PSDU verboten wurde, hatte die WSWS festgestellt, dass damit jede Kritik am israelischen V\u00f6lkermord in Gaza und an der Kriegspolitik der Bundesregierung kriminalisiert werden sollte. Das Verbot sei eine \u201eBlaupause f\u00fcr einen Polizeistaat\u201c und kn\u00fcpfe \u201ean die Unterdr\u00fcckungsmethoden des Kaiserreichs und der Nazi-Diktatur an\u201c.<\/p>\n<p>Das Land NRW nutzte jede sich bietende M\u00f6glichkeit, Ahmad unter Druck zu setzen. Nachdem es seine Gehaltszahlungen eingestellt hatte, verh\u00e4ngte die Bundesagentur f\u00fcr Arbeit eine Sperrzeit, in der Ahmad keine finanzielle Unterst\u00fctzung erhielt, weil das Land die erforderliche Arbeitgeberbescheinigung monatelang hinausz\u00f6gerte. Als das Land diese dann nach Aufforderung des Arbeitsrichters schickte, stand darin, Ahmad sei verhaltensbedingt gek\u00fcndigt worden \u2013 was nicht zutraf. Die Agentur hielt dennoch weiterhin die Leistungen zur\u00fcck.<\/p>\n<p><a href=\"https:\/\/www.mehring-verlag.de\/library\/north-30-jahre-krieg\/00.html\" class=\"no-underline pointer\" rel=\"nofollow noopener\" target=\"_blank\"><img decoding=\"async\" class=\"db relative center\" loading=\"lazy\" src=\"https:\/\/www.europesays.com\/de\/wp-content\/uploads\/2025\/04\/19b71883-5de1-401a-8f7f-7226c4b24a37\" style=\"max-height:100%\"\/><\/p>\n<p>David North<\/p>\n<p>30 Jahre Krieg: Amerikas Griff nach der Weltherrschaft 1990\u20132020<\/p>\n<p>Seit dem ersten Golfkrieg 1990\u20131991 f\u00fchren die Vereinigten Staaten ununterbrochen Krieg.\u00a0Gest\u00fctzt auf ein marxistisches Verst\u00e4ndnis der Widerspr\u00fcche des US- und des Weltimperialismus analysiert David North die Milit\u00e4rinterventionen und geopolitischen Krisen der letzten 30 Jahre.<\/p>\n<p><\/a><\/p>\n<p>Nach dem erstinstanzlichen Sieg wurde Ahmad dann bei der Agentur abgemeldet, aber vom Land nicht wieder eingestellt. So blieben nicht nur erneut s\u00e4mtliche Zahlungen an ihn aus, sondern er verlor auch seinen Krankenversicherungsschutz. Erst Ende Juni 2025 musste die Bundesagentur einr\u00e4umen, dass Ahmad zu Unrecht sanktioniert und abgemeldet worden sei. Das Arbeitslosengeld wurde ihm dennoch erst einen Monat sp\u00e4ter wieder ausgezahlt.<\/p>\n<p>Als dann das Urteil des ersten Prozesses rechtskr\u00e4ftig war und er von der Agentur nichts mehr erhielt, z\u00f6gerte das Land seine Gehaltszahlungen \u00fcber vier Monate hinaus. Als diese schlie\u00dflich kamen, musste Ahmad feststellen, dass er falsch in Steuerklasse VI eingestuft worden war. Deshalb schrumpfte seine Nachzahlung zusammen und er sollte sogar Steuern nachzahlen.<\/p>\n<p>Weil der kleine Gerichtssaal nur 18 Zuschauer fasste, berichtete Ahmad nach dem Prozess rund doppelt so vielen Unterst\u00fctzern, die vor dem Gerichtsgeb\u00e4ude warteten, \u00fcber das Urteil und bedankte sich bei ihnen. Als er zum Schluss den Slogan \u201eVon Dortmund bis Gaza \u2013 Yalla Intifada\u201c anstimmte, wurde er von der Polizei aufgegriffen und aus der Versammlung gezerrt, angeblich um seine Personalien aufzunehmen.<\/p>\n<p><img decoding=\"async\" class=\"db relative center\" loading=\"lazy\" src=\"https:\/\/www.europesays.com\/de\/wp-content\/uploads\/2026\/04\/7f0f00a3-341d-4b4b-9588-648225ed5a54.jpeg\" style=\"max-height:100%\"\/>Die Poliztei stellt nach dem Prozess die Personalien Ahmad Othmans fest<\/p>\n<p>Die Beh\u00f6rden versuchen so erfolglos, Ahmad zu zerm\u00fcrben und zu brechen. Er ist einer von vielen, die durch Einsch\u00fcchterung zum Schweigen gebracht werden sollen. Wer sich den imperialistischen Interessen Deutschlands widersetzt, wird kriminalisiert und mundtot gemacht.<\/p>\n<p>Das Vorgehen gegen Ahmad und andere Gegner des Genozids in Pal\u00e4stina sowie der israelischen Regierung zielt darauf ab, jede Opposition gegen die Neuaufteilung der Welt unter den imperialistischen M\u00e4chten zu unterdr\u00fccken. Israel dient dabei den USA und Deutschland als milit\u00e4rischer Br\u00fcckenkopf im rohstoffreichen und geopolitisch zentralen Nahen Osten. Der V\u00f6lkermord an den Pal\u00e4stinensern, der aktuelle Krieg gegen den Iran und der seit Jahren andauernde Stellvertreterkrieg gegen Russland in der Ukraine sind Bestandteil derselben weltweiten Kriegsstrategie.<\/p>\n<p>Die \u00f6konomischen und geopolitischen Interessen Deutschlands sowie die wachsende Ablehnung der Politik der USA, Israels und der Bundesregierung durch die Bev\u00f6lkerung bilden den Hintergrund f\u00fcr die harte Verfolgung von Gegnern des Genozids in Gaza. Diese Repressionen dienen zugleich als Testlauf, um die Unterdr\u00fcckung der allgemeinen Opposition gegen Krieg und sozialen Kahlschlag zu erproben und vorzubereiten.<\/p>\n<p>Der Stopp des V\u00f6lkermords in Gaza, der Kriege im Nahen Osten und in der Ukraine erfordert die Mobilisierung der internationalen Arbeiterklasse in einem vereinten Kampf gegen den Kapitalismus \u2013 die Wurzel von Krieg und Unterdr\u00fcckung. Die Repressionen gegen Kriegs- und V\u00f6lkermordgegner sollen genau das verhindern. Vor diesem Hintergrund ist Ahmads erneuter juristischer Erfolg gegen das Land NRW zu begr\u00fc\u00dfen.<\/p>\n","protected":false},"excerpt":{"rendered":"Ahmad Othman, Aktivist gegen den V\u00f6lkermord an den Pal\u00e4stinensern, hat auch erfolgreich gegen die zweite gegen ihn ausgesprochene&hellip;\n","protected":false},"author":2,"featured_media":912367,"comment_status":"","ping_status":"","sticky":false,"template":"","format":"standard","meta":{"footnotes":"","_share_on_mastodon":"0"},"categories":[1838],"tags":[47600,3364,29,3715,7047,30,1209,2548,49606],"class_list":["post-912366","post","type-post","status-publish","format-standard","has-post-thumbnail","category-duisburg","tag-arbeitsgericht","tag-de","tag-deutschland","tag-duisburg","tag-genozid","tag-germany","tag-nordrhein-westfalen","tag-palaestina","tag-psdu"],"share_on_mastodon":{"url":"https:\/\/pubeurope.com\/@de\/116327571192192050","error":""},"_links":{"self":[{"href":"https:\/\/www.europesays.com\/de\/wp-json\/wp\/v2\/posts\/912366","targetHints":{"allow":["GET"]}}],"collection":[{"href":"https:\/\/www.europesays.com\/de\/wp-json\/wp\/v2\/posts"}],"about":[{"href":"https:\/\/www.europesays.com\/de\/wp-json\/wp\/v2\/types\/post"}],"author":[{"embeddable":true,"href":"https:\/\/www.europesays.com\/de\/wp-json\/wp\/v2\/users\/2"}],"replies":[{"embeddable":true,"href":"https:\/\/www.europesays.com\/de\/wp-json\/wp\/v2\/comments?post=912366"}],"version-history":[{"count":0,"href":"https:\/\/www.europesays.com\/de\/wp-json\/wp\/v2\/posts\/912366\/revisions"}],"wp:featuredmedia":[{"embeddable":true,"href":"https:\/\/www.europesays.com\/de\/wp-json\/wp\/v2\/media\/912367"}],"wp:attachment":[{"href":"https:\/\/www.europesays.com\/de\/wp-json\/wp\/v2\/media?parent=912366"}],"wp:term":[{"taxonomy":"category","embeddable":true,"href":"https:\/\/www.europesays.com\/de\/wp-json\/wp\/v2\/categories?post=912366"},{"taxonomy":"post_tag","embeddable":true,"href":"https:\/\/www.europesays.com\/de\/wp-json\/wp\/v2\/tags?post=912366"}],"curies":[{"name":"wp","href":"https:\/\/api.w.org\/{rel}","templated":true}]}}