{"id":912445,"date":"2026-04-01T05:13:16","date_gmt":"2026-04-01T05:13:16","guid":{"rendered":"https:\/\/www.europesays.com\/de\/912445\/"},"modified":"2026-04-01T05:13:16","modified_gmt":"2026-04-01T05:13:16","slug":"sorge-um-shelly-kittleson-us-journalistin-im-irak-verschleppt-stecken-mullah-schergen-dahinter-politik","status":"publish","type":"post","link":"https:\/\/www.europesays.com\/de\/912445\/","title":{"rendered":"Sorge um Shelly Kittleson: US-Journalistin im Irak verschleppt! Stecken Mullah-Schergen dahinter? | Politik"},"content":{"rendered":"<p><a class=\"skip-content skip-content--link\" href=\"#in-content-skip-link-target-v-0-0\">TTS-Player \u00fcberspringen\u21b5<\/a><a id=\"in-content-skip-link-target-v-0-0\" class=\"skip-content--target-link-hidden skip-content skip-content--target-link\" href=\"#in-content-skip-link-target-v-0-0\">Artikel weiterlesen<\/a><\/p>\n<p>Bagdad \u2013 <b>Es ging ganz schnell. Vor ihrem Hotel in der irakischen Hauptstadt fingen vier M\u00e4nner die amerikanische Nahost-Reporterin Shelly Kittleson (49) ab, zerrten sie gewaltsam in eine silberne Limousine und verschleppten sie. Dahinter sollen die Hisbollah-Brigaden (Miliz \u201eKata&#8217;ib Hisbollah\u201c) stecken, eine von den Mullahs unterst\u00fctzte Terror-Einheit. Zuerst berichtete die britische Zeitung \u201eDaily Mail\u201c dar\u00fcber.<\/b><\/p>\n<p>Das irakische Innenministerium best\u00e4tigte die Entf\u00fchrung der freien Journalistin, die aktuell im Auftrag des britischen Senders \u201eBBC\u201c im Irak war, und leitete sofort eine Fahndung ein. Sicherheitskr\u00e4fte nahmen nach dem Kidnapping vor dem International Palestine Hotel an der Al-Saadoun-Stra\u00dfe die Verfolgung auf. <\/p>\n<p>Ein Entf\u00fchrer-Wagen \u00fcberschlug sich<\/p>\n<p>Dabei wurde ein <a href=\"https:\/\/x.com\/jm_szuba\/status\/2039035637299298734?s=46\" target=\"_blank\" rel=\"nofollow noopener\" class=\"text-link--external text-link\">Fluchtfahrzeug<\/a> der T\u00e4ter gestellt, das sich bei einem Ausweichman\u00f6ver \u00fcberschlug. Ein Verd\u00e4chtiger wurde festgenommen. Kittleson befand sich jedoch nicht in dem Wagen, sondern in einem zweiten Fluchtwagen.<\/p>\n<p><img decoding=\"async\" width=\"992\" height=\"558\" alt=\"Kittleson ist erfahrene Nahost-Reporterin, recherchierte in verschiedenen L\u00e4ndern des Mittleren Osten. Wie in Syrien an den Ruinen von Palmyra\" src=\"https:\/\/www.europesays.com\/de\/wp-content\/uploads\/2026\/04\/8a3b4a12f8f33af27daf40fd538f2d03,1a9c6bfb.jpeg\"   class=\"landscape\" loading=\"lazy\"\/><\/p>\n<p class=\"fig__caption__text\">Kittleson ist erfahrene Nahost-Reporterin, recherchierte in verschiedenen L\u00e4ndern des Mittleren Osten. Wie in Syrien an den Ruinen von Palmyra<\/p>\n<p>Foto: Shelly Kittleson\/Facebook<\/p>\n<p>Die Fahndung konzentriert sich derzeit auf den Osten Bagdads. Laut Polizeiquellen verfolgen Einsatzkr\u00e4fte weiterhin ein weiteres Fahrzeug, in dem sich die Entf\u00fchrer und m\u00f6glicherweise auch ihr Opfer befinden. Kontrollpunkte wurden verst\u00e4rkt, Spezialeinheiten sind im Einsatz.<\/p>\n<p>Kittleson berichtete f\u00fcr internationale Medien \u00fcber den Irak, Afghanistan, Syrien und den <a href=\"https:\/\/www.bild.de\/politik\/ausland-und-internationales\/iran-krieg-wildwest-methoden-im-globalen-poker-um-die-oel-tanker-69cbe9c954f8bff84c5335fe\" class=\"text-link\" rel=\"nofollow noopener\" target=\"_blank\">Nahen Osten,<\/a> hielt sich f\u00fcr Recherchen zu regionalen Spannungen in Bagdad auf. Ist die Reporterin bei ihren Recherchen den Mullahs zu nahe gekommen? Oder ist die Amerikanerin Faustpfand f\u00fcr die iranischen Schergen gegen\u00fcber US-Pr\u00e4sident Trump?<\/p>\n<p> An dieser Stelle findest du Inhalte aus Twitter <\/p>\n<p> Um mit Inhalten aus Twitter und anderen sozialen Netzwerken zu interagieren oder diese darzustellen, brauchen wir deine Zustimmung. <\/p>\n<p> soziale Netzwerke aktivieren  Um eingebettete Inhalte anzuzeigen, ist Ihre jederzeit widerrufliche Einwilligung (\u00fcber den Schalter oder \u00fcber &#8220; <a class=\"embed-placeholder__text-link\" href=\"#\" rel=\"noopener noreferrer\" title=\"Tracking widerrufen\"> Widerruf Tracking und Cookies<\/a> &#8220; am Seitenende) zur Verarbeitung personenbezogener Daten n\u00f6tig.  Dabei k\u00f6nnen Daten in Drittl\u00e4nder wie die USA \u00fcbermittelt werden (Art. 49 Abs. 1 lit. a DSGVO). Mit dem Aktivieren des Inhalts stimmen Sie zu. Weitere Infos finden Sie <a class=\"embed-placeholder__text-link\" href=\"#\" rel=\"noopener noreferrer\" title=\"Zu den Privatsph\u00e4re Einstellungen\"> hier<\/a>. <\/p>\n<p>Offiziell hat sich bislang keine Gruppe zu der Tat bekannt. In irakischen Sicherheitskreisen richtet sich der Verdacht jedoch auf die vom Iran unterst\u00fctzte <a href=\"https:\/\/www.bild.de\/themen\/organisationen\/hisbollah\/politik-nachrichten-news-fotos-videos-20561948.bild.html\" class=\"text-link\" rel=\"nofollow noopener\" target=\"_blank\">Hisbollah<\/a>-Brigaden. Sie agieren unabh\u00e4ngig von der libanesischen Hisbollah, sind aber eng mit den Revolutionsgarden verbunden und wird von den USA als Terrororganisation eingestuft.<\/p>\n<p>Mehr zum Thema<\/p>\n<p><b>Nach Angaben aus Regierungskreisen arbeitet Washington jedoch eng mit den irakischen Beh\u00f6rden zusammen, um die Freilassung der Journalistin zu erreichen. Das US-Au\u00dfenministerium erkl\u00e4rte in einer Stellungnahme: \u201eF\u00fcr die Trump-Regierung hat nichts h\u00f6here Priorit\u00e4t als die Sicherheit der Amerikaner. Wir verfolgen diese Berichte sehr genau.\u201c<\/b><\/p>\n","protected":false},"excerpt":{"rendered":"TTS-Player \u00fcberspringen\u21b5Artikel weiterlesen Bagdad \u2013 Es ging ganz schnell. Vor ihrem Hotel in der irakischen Hauptstadt fingen vier&hellip;\n","protected":false},"author":2,"featured_media":912446,"comment_status":"","ping_status":"","sticky":false,"template":"","format":"standard","meta":{"footnotes":"","_share_on_mastodon":"0"},"categories":[3],"tags":[1018,16080,13,1016,345,36002,14,15,12,138370,45,10,8,9,11,1017,64,103,104],"class_list":["post-912445","post","type-post","status-publish","format-standard","has-post-thumbnail","category-welt","tag-bagdad","tag-bbc","tag-headlines","tag-irak","tag-iran","tag-isis","tag-nachrichten","tag-news","tag-schlagzeilen","tag-team-first","tag-texttospeech","tag-top-news","tag-top-meldungen","tag-topmeldungen","tag-topnews","tag-trump-donald","tag-usa","tag-welt","tag-world"],"share_on_mastodon":{"url":"https:\/\/pubeurope.com\/@de\/116327744049411102","error":""},"_links":{"self":[{"href":"https:\/\/www.europesays.com\/de\/wp-json\/wp\/v2\/posts\/912445","targetHints":{"allow":["GET"]}}],"collection":[{"href":"https:\/\/www.europesays.com\/de\/wp-json\/wp\/v2\/posts"}],"about":[{"href":"https:\/\/www.europesays.com\/de\/wp-json\/wp\/v2\/types\/post"}],"author":[{"embeddable":true,"href":"https:\/\/www.europesays.com\/de\/wp-json\/wp\/v2\/users\/2"}],"replies":[{"embeddable":true,"href":"https:\/\/www.europesays.com\/de\/wp-json\/wp\/v2\/comments?post=912445"}],"version-history":[{"count":0,"href":"https:\/\/www.europesays.com\/de\/wp-json\/wp\/v2\/posts\/912445\/revisions"}],"wp:featuredmedia":[{"embeddable":true,"href":"https:\/\/www.europesays.com\/de\/wp-json\/wp\/v2\/media\/912446"}],"wp:attachment":[{"href":"https:\/\/www.europesays.com\/de\/wp-json\/wp\/v2\/media?parent=912445"}],"wp:term":[{"taxonomy":"category","embeddable":true,"href":"https:\/\/www.europesays.com\/de\/wp-json\/wp\/v2\/categories?post=912445"},{"taxonomy":"post_tag","embeddable":true,"href":"https:\/\/www.europesays.com\/de\/wp-json\/wp\/v2\/tags?post=912445"}],"curies":[{"name":"wp","href":"https:\/\/api.w.org\/{rel}","templated":true}]}}