{"id":912604,"date":"2026-04-01T06:51:15","date_gmt":"2026-04-01T06:51:15","guid":{"rendered":"https:\/\/www.europesays.com\/de\/912604\/"},"modified":"2026-04-01T06:51:15","modified_gmt":"2026-04-01T06:51:15","slug":"borussia-moenchengladbach-haris-tabakovic-schiesst-italien-raus-sport","status":"publish","type":"post","link":"https:\/\/www.europesays.com\/de\/912604\/","title":{"rendered":"Borussia M\u00f6nchengladbach: Haris Tabakovic schie\u00dft Italien raus | Sport"},"content":{"rendered":"<p><a class=\"skip-content skip-content--link\" href=\"#in-content-skip-link-target-v-0-0\">TTS-Player \u00fcberspringen\u21b5<\/a><a id=\"in-content-skip-link-target-v-0-0\" class=\"skip-content--target-link-hidden skip-content skip-content--target-link\" href=\"#in-content-skip-link-target-v-0-0\">Artikel weiterlesen<\/a><\/p>\n<p><b>Nach dem Spiel war nur noch Party angesagt! Haris Tabakovic (31) schaffte mit Bosnien-Herzegowina die Fu\u00dfball-Sensation \u2013 und setzte sich im Play-off-Finale mit 5:2 im Elfmeterschie\u00dfen gegen den gro\u00dfen Favoriten Italien durch. Und es war ausgerechnet Gladbach-St\u00fcrmer Tabakovic, der ma\u00dfgeblich dazu beitrug, dass Bosnien zum zweiten Mal nach 2014 bei einer WM dabei ist \u2013 und Italien zum dritten Mal in Folge nicht an einer Weltmeisterschaft teilnehmen darf.<\/b><\/p>\n<p><img decoding=\"async\" width=\"992\" height=\"558\" alt=\"Tabakovic (Nummer 23) stochert den Ball zum Ausgleich ins italienische Netz\" src=\"https:\/\/www.europesays.com\/de\/wp-content\/uploads\/2026\/04\/25c11c1a048145490bfea3c2c554389c,32c0a3f2.jpeg\"   class=\"landscape\" loading=\"lazy\"\/><\/p>\n<p class=\"fig__caption__text\">Tabakovic (Nummer 23) stochert den Ball zum Ausgleich ins italienische Netz<\/p>\n<p>Foto: AP<\/p>\n<p>Wie schon im Halbfinale letzten Donnerstag in Wales, als Bosnien ebenfalls nach Verl\u00e4ngerung und Elfer-Krimi gewonnen hatte, musste Tabakovic aber wieder lange auf seinen Einsatz warten \u2013 um dann erneut zum Bosnien-Retter zu werden. Dieses Mal durfte Borussias Top-Torj\u00e4ger (bereits elf Saisontore) erst nach 71 Minuten ran. Und wurde wieder zum Tor-Joker: In der 79. Minute stocherte er den Ball nach einer Vorlage von Routinier Edin Dzeko (40) an Italien-Keeper Gianluigi Donnarumma vorbei zum 1:1 ins Netz, erm\u00f6glichte so erst die Verl\u00e4ngerung. Im Elfmeterschie\u00dfen verwandelte dann Tabakovic wie schon in Wales ganz cool seinen Elfer zum Bosnien-Sieg \u2013 danach war in Zenica nur noch Party angesagt.<\/p>\n<p>Vor den Play-offs hatte der Fohlen-St\u00fcrmer zu BILD gesagt: \u201eDie WM-Teilnahme ist ein gro\u00dfer Traum f\u00fcr mich. Ich glaube, es gibt bei uns auch einige im fortgeschrittenen Alter, die vielleicht nie wieder die Chance haben werden, an einer WM teilnehmen zu k\u00f6nnen.\u201c Auch Tabakovic selbst, der nun w\u00e4hrend der Weltmeisterschaft in den USA, Kanada und Mexiko am 20. Juni seinen 32. Geburtstag feiern kann. Gladbach hofft, dass Tabakovic den WM-Schwung mit in den <a href=\"https:\/\/www.bild.de\/sport\/fussball\/bundesliga\/bundesliga-startseite-52368768.bild.html\" class=\"text-link\" rel=\"nofollow noopener\" target=\"_blank\">Bundesliga<\/a>-Endspurt nimmt \u2013 und schon Samstag (15.30 Uhr, Sky) im Borussia-Park gegen Heidenheim weiter ballert. <a href=\"https:\/\/www.bild.de\/sport\/fussball\/borussia-moenchengladbach\/startseite-borussia-moenchengladbach-31074418.bild.html\" class=\"text-link\" rel=\"nofollow noopener\" target=\"_blank\">Borussia<\/a>-Coach Eugen Polanski (40): \u201eIm besten Fall geht es mit ihm f\u00fcr uns einfach genauso weiter \u2013 dass er einfach Tore schie\u00dft und wichtig f\u00fcr uns ist.\u201c<\/p>\n","protected":false},"excerpt":{"rendered":"TTS-Player \u00fcberspringen\u21b5Artikel weiterlesen Nach dem Spiel war nur noch Party angesagt! Haris Tabakovic (31) schaffte mit Bosnien-Herzegowina die&hellip;\n","protected":false},"author":2,"featured_media":912605,"comment_status":"","ping_status":"","sticky":false,"template":"","format":"standard","meta":{"footnotes":"","_share_on_mastodon":"0"},"categories":[1849],"tags":[815,3364,29,538,548,663,3934,347,38029,30,13,4455,14,15,1209,12,819,114292,45],"class_list":["post-912604","post","type-post","status-publish","format-standard","has-post-thumbnail","category-moenchengladbach","tag-borussia-moenchengladbach","tag-de","tag-deutschland","tag-erste-bundesliga","tag-eu","tag-europa","tag-europe","tag-fussball","tag-fussball-wm-2026","tag-germany","tag-headlines","tag-moenchengladbach","tag-nachrichten","tag-news","tag-nordrhein-westfalen","tag-schlagzeilen","tag-sport-leuchtturm-essen","tag-tabakovic-haris","tag-texttospeech"],"share_on_mastodon":{"url":"https:\/\/pubeurope.com\/@de\/116328129351329382","error":""},"_links":{"self":[{"href":"https:\/\/www.europesays.com\/de\/wp-json\/wp\/v2\/posts\/912604","targetHints":{"allow":["GET"]}}],"collection":[{"href":"https:\/\/www.europesays.com\/de\/wp-json\/wp\/v2\/posts"}],"about":[{"href":"https:\/\/www.europesays.com\/de\/wp-json\/wp\/v2\/types\/post"}],"author":[{"embeddable":true,"href":"https:\/\/www.europesays.com\/de\/wp-json\/wp\/v2\/users\/2"}],"replies":[{"embeddable":true,"href":"https:\/\/www.europesays.com\/de\/wp-json\/wp\/v2\/comments?post=912604"}],"version-history":[{"count":0,"href":"https:\/\/www.europesays.com\/de\/wp-json\/wp\/v2\/posts\/912604\/revisions"}],"wp:featuredmedia":[{"embeddable":true,"href":"https:\/\/www.europesays.com\/de\/wp-json\/wp\/v2\/media\/912605"}],"wp:attachment":[{"href":"https:\/\/www.europesays.com\/de\/wp-json\/wp\/v2\/media?parent=912604"}],"wp:term":[{"taxonomy":"category","embeddable":true,"href":"https:\/\/www.europesays.com\/de\/wp-json\/wp\/v2\/categories?post=912604"},{"taxonomy":"post_tag","embeddable":true,"href":"https:\/\/www.europesays.com\/de\/wp-json\/wp\/v2\/tags?post=912604"}],"curies":[{"name":"wp","href":"https:\/\/api.w.org\/{rel}","templated":true}]}}