{"id":912666,"date":"2026-04-01T07:25:14","date_gmt":"2026-04-01T07:25:14","guid":{"rendered":"https:\/\/www.europesays.com\/de\/912666\/"},"modified":"2026-04-01T07:25:14","modified_gmt":"2026-04-01T07:25:14","slug":"dresden-buergerstiftung-erhaelt-guetesiegel-2026-2028","status":"publish","type":"post","link":"https:\/\/www.europesays.com\/de\/912666\/","title":{"rendered":"Dresden: B\u00fcrgerstiftung erh\u00e4lt G\u00fctesiegel 2026\u20132028"},"content":{"rendered":"<p>Die B\u00fcrgerstiftung Dresden ist erneut mit dem bundesweiten G\u00fctesiegel des Bundesverbands Deutscher Stiftungen ausgezeichnet worden und darf dieses f\u00fcr die Jahre 2026 bis 2028 f\u00fchren.<\/p>\n<p>Das seit 2003 vergebene Siegel best\u00e4tigt, dass die Stiftung die zehn grundlegenden Merkmale einer B\u00fcrgerstiftung erf\u00fcllt \u2013 als anerkannter Standard f\u00fcr Transparenz, Gemeinwohlorientierung und b\u00fcrgerschaftliches Engagement. Die <a href=\"https:\/\/buergerstiftung-dresden.de\/\" target=\"_blank\" rel=\"nofollow noopener\">B\u00fcrgerstiftung Dresden<\/a> z\u00e4hlt zu den fr\u00fchen Tr\u00e4gern des G\u00fctesiegels und war zudem an der Entwicklung der zehn Qualit\u00e4tsmerkmale beteiligt. <\/p>\n<p>&#8222;Die zehn Merkmale, die als Ma\u00dfstab des G\u00fctesiegels gelten, wurden zu Beginn der Bewegung in Dresden im Rahmen eines Arbeitskreises im Konferenzsaal der B\u00fcrgerstiftung Dresden entwickelt und ma\u00dfgeblich pr\u00e4zisiert&#8220;, berichtet Katrin Sachs, gesch\u00e4ftsf\u00fchrendes Vorstandsmitglied der B\u00fcrgerstiftung Dresden.<\/p>\n<p>Die Urkunde wurde am 27. Februar 2026 beim Regionaltreffen der \u00f6stlichen Bundesl\u00e4nder des B\u00fcndnisses der B\u00fcrgerstiftungen Deutschlands in Berlin \u00fcberreicht und von Winfried Ripp (Vorstand) sowie Gabriele Fleischer (Unterst\u00fctzung der Gesch\u00e4ftsf\u00fchrung) entgegengenommen. (AJ)<\/p>\n","protected":false},"excerpt":{"rendered":"Die B\u00fcrgerstiftung Dresden ist erneut mit dem bundesweiten G\u00fctesiegel des Bundesverbands Deutscher Stiftungen ausgezeichnet worden und darf dieses&hellip;\n","protected":false},"author":2,"featured_media":912667,"comment_status":"","ping_status":"","sticky":false,"template":"","format":"standard","meta":{"footnotes":"","_share_on_mastodon":"0"},"categories":[1835],"tags":[193766,137383,106332,3364,29,2386,5393,200063,199273,14967,30,859],"class_list":["post-912666","post","type-post","status-publish","format-standard","has-post-thumbnail","category-dresden","tag-brgerschaftliches-engagement","tag-brgerstiftung","tag-bundesverband","tag-de","tag-deutschland","tag-dresden","tag-ehrenamt","tag-ehrenamt-dresden","tag-ehrenamt-sachsen","tag-engagement","tag-germany","tag-sachsen"],"share_on_mastodon":{"url":"https:\/\/pubeurope.com\/@de\/116328263117164987","error":""},"_links":{"self":[{"href":"https:\/\/www.europesays.com\/de\/wp-json\/wp\/v2\/posts\/912666","targetHints":{"allow":["GET"]}}],"collection":[{"href":"https:\/\/www.europesays.com\/de\/wp-json\/wp\/v2\/posts"}],"about":[{"href":"https:\/\/www.europesays.com\/de\/wp-json\/wp\/v2\/types\/post"}],"author":[{"embeddable":true,"href":"https:\/\/www.europesays.com\/de\/wp-json\/wp\/v2\/users\/2"}],"replies":[{"embeddable":true,"href":"https:\/\/www.europesays.com\/de\/wp-json\/wp\/v2\/comments?post=912666"}],"version-history":[{"count":0,"href":"https:\/\/www.europesays.com\/de\/wp-json\/wp\/v2\/posts\/912666\/revisions"}],"wp:featuredmedia":[{"embeddable":true,"href":"https:\/\/www.europesays.com\/de\/wp-json\/wp\/v2\/media\/912667"}],"wp:attachment":[{"href":"https:\/\/www.europesays.com\/de\/wp-json\/wp\/v2\/media?parent=912666"}],"wp:term":[{"taxonomy":"category","embeddable":true,"href":"https:\/\/www.europesays.com\/de\/wp-json\/wp\/v2\/categories?post=912666"},{"taxonomy":"post_tag","embeddable":true,"href":"https:\/\/www.europesays.com\/de\/wp-json\/wp\/v2\/tags?post=912666"}],"curies":[{"name":"wp","href":"https:\/\/api.w.org\/{rel}","templated":true}]}}