{"id":912707,"date":"2026-04-01T07:47:24","date_gmt":"2026-04-01T07:47:24","guid":{"rendered":"https:\/\/www.europesays.com\/de\/912707\/"},"modified":"2026-04-01T07:47:24","modified_gmt":"2026-04-01T07:47:24","slug":"kriminalitaet-streit-in-shisha-bar-zwei-verletzte-bei-schuessen-in-berlin","status":"publish","type":"post","link":"https:\/\/www.europesays.com\/de\/912707\/","title":{"rendered":"Kriminalit\u00e4t: Streit in Shisha-Bar: Zwei Verletzte bei Sch\u00fcssen in Berlin"},"content":{"rendered":"<p class=\"paragraph article__item\">Zwei <a class=\"rtr-entity\" href=\"https:\/\/www.zeit.de\/thema\/maenner\" rel=\"nofollow noopener\" target=\"_blank\">M\u00e4nner<\/a> sind in Berlin-Moabit durch Sch\u00fcsse und Stiche verletzt und anschlie\u00dfend festgenommen worden. Zuvor war es in der Nacht zu einem Streit \u00abzwischen mehreren Personen\u00bb in einer Shisha-Bar in der Rathenower Stra\u00dfe gekommen, wie ein Polizeisprecher sagte. Die beiden M\u00e4nner trugen Schuss- und Stichverletzungen an Armen und Beinen davon. Welcher Mann, welche Verletzungen erlitt, war zun\u00e4chst nicht bekannt. Sie kamen zur Behandlung in ein Krankenhaus und wurden danach beide festgenommen.\u00a0\n<\/p>\n<p>Aktuelles<\/p>\n<p>                <a href=\"https:\/\/www.zeit.de\/gesellschaft\/deutschland\/2026-03\/thueringen-fretterode-angriff-journalisten-rechtsextreme-polizei\" data-ct-label=\"Th\u00fcringen: Tatverd\u00e4chtige nach Angriff auf Journalisten festgenommen\" data-uuid=\"fd667093-7ea5-4393-8111-3e42b934c7fa\" rel=\"nofollow noopener\" target=\"_blank\"><\/p>\n<p>                        Th\u00fcringen:<br \/>\n                        Tatverd\u00e4chtige nach Angriff auf Journalisten festgenommen<\/p>\n<p>                <\/a><\/p>\n<p>                <a href=\"https:\/\/www.zeit.de\/gesellschaft\/zeitgeschehen\/2026-03\/crans-montana-schweiz-verbot-pyrotechnik-drinnen\" data-ct-label=\"Feuer in Crans-Montana: Schweiz verbietet Pyrotechnik in \u00f6ffentlich zug\u00e4nglichen R\u00e4umen\" data-uuid=\"4467f03d-23d4-40e9-b0c1-a198b8980dbb\" rel=\"nofollow noopener\" target=\"_blank\"><\/p>\n<p>                        Feuer in Crans-Montana:<br \/>\n                        Schweiz verbietet Pyrotechnik in \u00f6ffentlich zug\u00e4nglichen R\u00e4umen<\/p>\n<p>                <\/a><\/p>\n<p>                <a href=\"https:\/\/www.zeit.de\/gesellschaft\/zeitgeschehen\/2026-03\/rotterdam-synagoge-anschlag-sprengsatz-feuer\" data-ct-label=\"Rotterdam: Vier M\u00e4nner nach Explosion vor Synagoge in Rotterdam festgenommen\" data-uuid=\"0e8acb94-4f16-456f-846a-58559cf059b1\" rel=\"nofollow noopener\" target=\"_blank\"><\/p>\n<p>                        Rotterdam:<br \/>\n                        Vier M\u00e4nner nach Explosion vor Synagoge in Rotterdam festgenommen<\/p>\n<p>                <\/a><\/p>\n<p class=\"paragraph article__item\">Beide M\u00e4nner befinden sich derzeit in Polizeigewahrsam, sagte der Sprecher. Zum genauen Hergang gab es zun\u00e4chst noch keine Informationen. Zuvor hatte die \u00abBerliner Morgenpost\u00bb berichtet.\u00a0\n<\/p>\n<p>        Immer wieder Sch\u00fcsse in Berlin        <\/p>\n<p class=\"paragraph article__item\">Der Vorfall reiht sich in eine Serie von Sch\u00fcssen auf den Stra\u00dfen <a class=\"rtr-entity\" href=\"https:\/\/www.zeit.de\/thema\/berlin\" rel=\"nofollow noopener\" target=\"_blank\">Berlins<\/a> ein. Erst gestern waren in einem Lokal in Neuk\u00f6lln Einschussl\u00f6cher festgestellt worden. \u00c4hnliches passierte am Wochenende, ebenfalls in Neuk\u00f6lln. In der Hermannstra\u00dfe hatten Unbekannte auf die Scheiben einer Gastst\u00e4tte geschossen.\u00a0\n<\/p>\n<p class=\"paragraph article__item\">Auch gab es zuletzt immer wieder Verletzungen durch Sch\u00fcsse. In Sch\u00f6neberg wurde vor etwas mehr als einer Woche etwa ein 38-J\u00e4hriger angeschossen. Er war im Unterk\u00f6rper verletzt worden. Drei Verd\u00e4chtige wurden daraufhin im hessischen Darmstadt festgenommen.\n<\/p>\n<p class=\"paragraph article__item\">\u00a9 dpa-infocom, dpa:260401-930-893792\/1<\/p>\n","protected":false},"excerpt":{"rendered":"Zwei M\u00e4nner sind in Berlin-Moabit durch Sch\u00fcsse und Stiche verletzt und anschlie\u00dfend festgenommen worden. Zuvor war es in&hellip;\n","protected":false},"author":2,"featured_media":912708,"comment_status":"","ping_status":"","sticky":false,"template":"","format":"standard","meta":{"footnotes":"","_share_on_mastodon":"0"},"categories":[1825],"tags":[1941,1939,296,1937,2292,29,30,1584,1980,1940,15,1938,200066],"class_list":["post-912707","post","type-post","status-publish","format-standard","has-post-thumbnail","category-berlin","tag-aktuelle-nachrichten-aus-berlin","tag-aktuelle-news-aus-berlin","tag-berlin","tag-berlin-news","tag-berlin-moabit","tag-deutschland","tag-germany","tag-kriminalitaet","tag-mann","tag-nachrichten-aus-berlin","tag-news","tag-news-aus-berlin","tag-rathenower-strasse"],"share_on_mastodon":{"url":"https:\/\/pubeurope.com\/@de\/116328349763574843","error":""},"_links":{"self":[{"href":"https:\/\/www.europesays.com\/de\/wp-json\/wp\/v2\/posts\/912707","targetHints":{"allow":["GET"]}}],"collection":[{"href":"https:\/\/www.europesays.com\/de\/wp-json\/wp\/v2\/posts"}],"about":[{"href":"https:\/\/www.europesays.com\/de\/wp-json\/wp\/v2\/types\/post"}],"author":[{"embeddable":true,"href":"https:\/\/www.europesays.com\/de\/wp-json\/wp\/v2\/users\/2"}],"replies":[{"embeddable":true,"href":"https:\/\/www.europesays.com\/de\/wp-json\/wp\/v2\/comments?post=912707"}],"version-history":[{"count":0,"href":"https:\/\/www.europesays.com\/de\/wp-json\/wp\/v2\/posts\/912707\/revisions"}],"wp:featuredmedia":[{"embeddable":true,"href":"https:\/\/www.europesays.com\/de\/wp-json\/wp\/v2\/media\/912708"}],"wp:attachment":[{"href":"https:\/\/www.europesays.com\/de\/wp-json\/wp\/v2\/media?parent=912707"}],"wp:term":[{"taxonomy":"category","embeddable":true,"href":"https:\/\/www.europesays.com\/de\/wp-json\/wp\/v2\/categories?post=912707"},{"taxonomy":"post_tag","embeddable":true,"href":"https:\/\/www.europesays.com\/de\/wp-json\/wp\/v2\/tags?post=912707"}],"curies":[{"name":"wp","href":"https:\/\/api.w.org\/{rel}","templated":true}]}}