{"id":912793,"date":"2026-04-01T08:38:14","date_gmt":"2026-04-01T08:38:14","guid":{"rendered":"https:\/\/www.europesays.com\/de\/912793\/"},"modified":"2026-04-01T08:38:14","modified_gmt":"2026-04-01T08:38:14","slug":"prozess-um-mord-in-voerde-zeuge-aus-moers-bringt-richter-in-rage","status":"publish","type":"post","link":"https:\/\/www.europesays.com\/de\/912793\/","title":{"rendered":"Prozess um Mord in Voerde, Zeuge aus Moers bringt Richter in Rage"},"content":{"rendered":"<p class=\"text_ohne_einzug richtext text-em-55 !leading-serif mx-6 desktop:mx-0\">Wie lange bleibt ein Mensch handlungsf\u00e4hig, wenn sein Herz durchtrennt wurde? Um diese Frage ging es diesmal im Prozess um den mutma\u00dflichen Auftragsmord an einer 52-J\u00e4hrigen in <a href=\"https:\/\/rp-online.de\/thema\/voerde\/\" rel=\"nofollow noopener\" target=\"_blank\">Voerde<\/a> vor der 5. Gro\u00dfen Strafkammer des Landgerichtes <a href=\"https:\/\/rp-online.de\/thema\/duisburg\/\" rel=\"nofollow noopener\" target=\"_blank\">Duisburg<\/a>. Am letzten Prozesstag vor Ostern trat unter anderem eine Expertin f\u00fcr Blutspurenanalyse in den Zeugenstand, deren Aussage die Brutalit\u00e4t der Tat noch einmal vor Augen f\u00fchrte.<\/p>\n","protected":false},"excerpt":{"rendered":"Wie lange bleibt ein Mensch handlungsf\u00e4hig, wenn sein Herz durchtrennt wurde? Um diese Frage ging es diesmal im&hellip;\n","protected":false},"author":2,"featured_media":912794,"comment_status":"","ping_status":"","sticky":false,"template":"","format":"standard","meta":{"footnotes":"","_share_on_mastodon":"0"},"categories":[1838],"tags":[3364,29,3715,30,2183,1209,1269,64332],"class_list":["post-912793","post","type-post","status-publish","format-standard","has-post-thumbnail","category-duisburg","tag-de","tag-deutschland","tag-duisburg","tag-germany","tag-mord","tag-nordrhein-westfalen","tag-prozess","tag-voerde"],"share_on_mastodon":{"url":"https:\/\/pubeurope.com\/@de\/116328550059678007","error":""},"_links":{"self":[{"href":"https:\/\/www.europesays.com\/de\/wp-json\/wp\/v2\/posts\/912793","targetHints":{"allow":["GET"]}}],"collection":[{"href":"https:\/\/www.europesays.com\/de\/wp-json\/wp\/v2\/posts"}],"about":[{"href":"https:\/\/www.europesays.com\/de\/wp-json\/wp\/v2\/types\/post"}],"author":[{"embeddable":true,"href":"https:\/\/www.europesays.com\/de\/wp-json\/wp\/v2\/users\/2"}],"replies":[{"embeddable":true,"href":"https:\/\/www.europesays.com\/de\/wp-json\/wp\/v2\/comments?post=912793"}],"version-history":[{"count":0,"href":"https:\/\/www.europesays.com\/de\/wp-json\/wp\/v2\/posts\/912793\/revisions"}],"wp:featuredmedia":[{"embeddable":true,"href":"https:\/\/www.europesays.com\/de\/wp-json\/wp\/v2\/media\/912794"}],"wp:attachment":[{"href":"https:\/\/www.europesays.com\/de\/wp-json\/wp\/v2\/media?parent=912793"}],"wp:term":[{"taxonomy":"category","embeddable":true,"href":"https:\/\/www.europesays.com\/de\/wp-json\/wp\/v2\/categories?post=912793"},{"taxonomy":"post_tag","embeddable":true,"href":"https:\/\/www.europesays.com\/de\/wp-json\/wp\/v2\/tags?post=912793"}],"curies":[{"name":"wp","href":"https:\/\/api.w.org\/{rel}","templated":true}]}}