{"id":913057,"date":"2026-04-01T11:00:15","date_gmt":"2026-04-01T11:00:15","guid":{"rendered":"https:\/\/www.europesays.com\/de\/913057\/"},"modified":"2026-04-01T11:00:15","modified_gmt":"2026-04-01T11:00:15","slug":"bielefeld-mindener-nach-mehreren-einbruechen-vor-gericht","status":"publish","type":"post","link":"https:\/\/www.europesays.com\/de\/913057\/","title":{"rendered":"Bielefeld: Mindener nach mehreren Einbr\u00fcchen vor Gericht"},"content":{"rendered":"<p>Mehrere Einbr\u00fcche sollen auf sein Konto gehen. Deswegen muss sich ein 45-j\u00e4hriger Mindener ab heute vor dem Bielefelder Landgericht verantworten.<\/p>\n<p>Vorwurf der Staatsanwaltschaft<\/p>\n<p>Die Staatsanwaltschaft spricht von vier Taten. Der Mann soll in Wohnungen und eine Garage eingestiegen sein und Sachen geklaut haben. Der Wert der Beute liegt laut Anklage bei mehr als 9.000 Euro.<\/p>\n","protected":false},"excerpt":{"rendered":"Mehrere Einbr\u00fcche sollen auf sein Konto gehen. Deswegen muss sich ein 45-j\u00e4hriger Mindener ab heute vor dem Bielefelder&hellip;\n","protected":false},"author":2,"featured_media":913058,"comment_status":"","ping_status":"","sticky":false,"template":"","format":"standard","meta":{"footnotes":"","_share_on_mastodon":"0"},"categories":[1841],"tags":[1999,1605,200113,3364,29,1686,2819,30,165060,1209],"class_list":["post-913057","post","type-post","status-publish","format-standard","has-post-thumbnail","category-bielefeld","tag-anklage","tag-bielefeld","tag-bielefelder-landgericht","tag-de","tag-deutschland","tag-diebstahl","tag-einbruch","tag-germany","tag-mindener","tag-nordrhein-westfalen"],"share_on_mastodon":{"url":"","error":""},"_links":{"self":[{"href":"https:\/\/www.europesays.com\/de\/wp-json\/wp\/v2\/posts\/913057","targetHints":{"allow":["GET"]}}],"collection":[{"href":"https:\/\/www.europesays.com\/de\/wp-json\/wp\/v2\/posts"}],"about":[{"href":"https:\/\/www.europesays.com\/de\/wp-json\/wp\/v2\/types\/post"}],"author":[{"embeddable":true,"href":"https:\/\/www.europesays.com\/de\/wp-json\/wp\/v2\/users\/2"}],"replies":[{"embeddable":true,"href":"https:\/\/www.europesays.com\/de\/wp-json\/wp\/v2\/comments?post=913057"}],"version-history":[{"count":0,"href":"https:\/\/www.europesays.com\/de\/wp-json\/wp\/v2\/posts\/913057\/revisions"}],"wp:featuredmedia":[{"embeddable":true,"href":"https:\/\/www.europesays.com\/de\/wp-json\/wp\/v2\/media\/913058"}],"wp:attachment":[{"href":"https:\/\/www.europesays.com\/de\/wp-json\/wp\/v2\/media?parent=913057"}],"wp:term":[{"taxonomy":"category","embeddable":true,"href":"https:\/\/www.europesays.com\/de\/wp-json\/wp\/v2\/categories?post=913057"},{"taxonomy":"post_tag","embeddable":true,"href":"https:\/\/www.europesays.com\/de\/wp-json\/wp\/v2\/tags?post=913057"}],"curies":[{"name":"wp","href":"https:\/\/api.w.org\/{rel}","templated":true}]}}