{"id":913098,"date":"2026-04-01T11:22:25","date_gmt":"2026-04-01T11:22:25","guid":{"rendered":"https:\/\/www.europesays.com\/de\/913098\/"},"modified":"2026-04-01T11:22:25","modified_gmt":"2026-04-01T11:22:25","slug":"hannover-messe-in-einer-neuen-zeit","status":"publish","type":"post","link":"https:\/\/www.europesays.com\/de\/913098\/","title":{"rendered":"Hannover Messe: In einer neuen Zeit"},"content":{"rendered":"<p>                    Rund 3500 Aussteller werden zur <a href=\"https:\/\/www.hannovermesse.de\/de\/\" rel=\"nofollow noopener\" target=\"_blank\">Hannover Messe<\/a> vom 20. bis 24. April erwartet. KI wird sich sich wie ein roter Faden durch die Veranstaltung ziehen. Partnerland ist Brasilien.\u00a0<\/p>\n<p>Wo sonst, wenn nicht bei der Hannover Messe, sollte die Entwicklung der K\u00fcnstlichen Intelligenz in der Industrie an einem Ort, zu einer Zeit zu besichtigen sein? Hannover war das Zentrum der Industrie 4.0 \u2013 KI schreibt das gewisserma\u00dfen nahtlos fort. \u201eDie Hannover Messe ist die zentrale Plattform f\u00fcr KI in der Industrie. Sie ist weltweit die einzige Messe, die die Themen Automatisierung, Digitalisierung und KI in der industriellen Anwendung so umfassend abbildet.\u201c Sagt Dr. Jochen K\u00f6ckler, Vorstandschef der Deutschen Messe AG. K\u00fcnstliche Intelligenz ist eindeutig der rote Faden, wenn vom 20. bis zum 24. April rund 3500 ausstellende Unternehmen und Institutionen nach Hannover kommen. Mit dieser Zahl rechnete die Deutsche Messe auch noch im M\u00e4rz: Auswirkungen des Konflikts im Nahen Osten auf Aussteller- oder Besucherzahlen seien nicht zu erwarten, hie\u00df es. In einem anderen Punkt scheint die Geopolitik die Bedeutung der Hannover Messe eher noch zu st\u00e4rken. Krisenherde, Zollpolitik: Die Industrieschau sieht seit langem auch politische Gipfeltreffen. In diesem Jahr haben sich im Vorfeld neben dem Premierenbesuch von Friedrich Merz als Bundeskanzler f\u00fcnf Kabinettsmitglieder, unter anderem Verteidigungsminister Boris Pistorius und drei EU-Kommissare angesagt. Es d\u00fcrfte einiges zu besprechen geben in diesen Zeiten.<\/p>\n<p>Noch in einem weiteren Aspekt spiegeln sich die Entwicklungen der vergangenen Jahre in Hannover: Neu ist der Defense Production Park in Halle 26, mit rund 50 Ausstellern ausgebucht. Die Planungen daf\u00fcr begannen schon im vergangenen Jahr und sind eine Art Vorgriff auf die Premiere der neuen Messe Defence &amp; Security Equipment International Germany, kurz DSEI, vom 9. bis zum 12. M\u00e4rz. Unternehmen der Verteidigungsindustrie stehen vor \u00e4hnlichen Herausforderungen wie andere Industriezweige \u2013 m\u00fcssen jedoch in der Zeitenwende ihre Kapazit\u00e4ten in k\u00fcrzester Zeit deutlich ausweiten. Wie dies gelingt, steht im Fokus des neuen Ausstellungsthemas. Und bei der DSEI 2027 ist nach Angaben der Deutschen Messe die H\u00e4lfte der Ausstellungsfl\u00e4che bereits vergeben. Unternehmen wie Rheinmetall, Hensoldt und Diehl Defense werden wohl dabei sein.\u00a0<\/p>\n<p>Zur\u00fcck zur KI: Globaler Wettbewerb, steigender Kostendruck und die rasante Dynamik technologischer Innovationen stellten die produzierende Industrie vor die gr\u00f6\u00dfte Transformationsaufgabe ihrer Geschichte: K\u00fcnstliche Intelligenz wird, so Messechef K\u00f6ckler, zum zentralen Innovations- und Wachstumstreiber \u2013 durch Analyse der Produktionsdaten in Echtzeit, optimierte Prozesse und der intelligenten, adaptiven Steuerung von Produktionsabl\u00e4ufen. Au\u00dferdem er\u00f6ffne sie Unternehmen neue datengetriebene Gesch\u00e4ftsmodelle und zus\u00e4tzliche Wertsch\u00f6pfungspotenziale. K\u00f6ckler: \u201eWer heute mutig in KI, Automatisierung und digitale Systeme investiert, schafft die Grundlage f\u00fcr Effizienzspr\u00fcnge, Resilienz und nachhaltige Wettbewerbsf\u00e4higkeit.\u201c In diesem Jahr wird in Hannover erstmals Physical AI \u2013 also KI-Systeme, die unmittelbar mit der physischen Welt interagieren, etwa in Maschinen, Anlagen oder Robotern &#8211; eine zentrale Rolle spielen.\u00a0<\/p>\n<p><a href=\"https:\/\/assets.coco-online.de\/89141772027146-Xm6twpSN\/hallenplan-hannover-messe-2026-001_large_w.jpg\" data-lightbox=\"1775042543\" rel=\"nofollow noopener\" target=\"_blank\"><img loading=\"lazy\" decoding=\"async\" style=\"aspect-ratio:768\/543;\" src=\"https:\/\/www.europesays.com\/de\/wp-content\/uploads\/2026\/04\/hallenplan-hannover-messe-2026-001_medium_w.jpg\" alt=\"Hallenplan der Hannover Messe 2026 mit \u00dcbersicht der Hallen und Themenschwerpunkte\" title=\"Hallenplan Hannover Messe 2026 \u2013 \u00dcbersicht der Messehallen und Themenbereiche\" data-media-id=\"279879\" width=\"768\" height=\"543\"\/><\/a>Hallenplan der Hannover Messe 2026.<\/p>\n<p>Die Hannover Messe startet in diesem Jahr mit neuem Hallenlayout. Sie ist jetzt auf das westliche Gel\u00e4nde konzentriert. Das erm\u00f6gliche aufgrund der Hallengr\u00f6\u00dfe und -anordnung eine optimierte Planung der Themen, hei\u00dft es. F\u00fcr den Besucher bedeute dies, dass er zusammenh\u00e4ngende Themenbereiche schneller erfassen und sich im allgemeinen besser orientieren kann. Zu den Ausstellern z\u00e4hlen auch in diesem Jahr internationale Tech-Unternehmen wie AWS, Microsoft, SAP, Schneider Electric oder Siemens sowie mittelst\u00e4ndisch gepr\u00e4gte Technologief\u00fchrer wie Beckhoff, Festo, Harting, ifm, Lapp, Phoenix Contact, Rittal, Schaeffler oder SEW. Forschungsinstitute wie Fraunhofer oder das Karlsruher Institut f\u00fcr Technologie (KIT) stehen f\u00fcr Forschung und Technolgietransfer. Mehr als 200 Start-ups aus unterschiedlichen Technologiefeldern zeigen ihre L\u00f6sungen. Neu auf der Ausstellerliste stehen beispielsweise Rockwell Automation, Agile Robots, DMG Mori, Bosch Connected Industry, Schwarz Digits, Jumo, Denso, Wandelbots und German Edge Cloud. Was zeigt, so die Messe, wie stark insbesondere die Themen Robotik, Automatisierung und KI ineinandergriffen.<\/p>\n<p>In diesem Jahr wird es auch neue Formate zum praxisnahen Austausch \u00fcber Herausforderungen und L\u00f6sungen geben. Auf einer neuen \u201eCenter Stage\u201c diskutieren f\u00fchrende K\u00f6pfe aus Industrie, Politik und Forschung \u00fcber L\u00f6sungsans\u00e4tze f\u00fcr die Zukunft der Industrie. Zu den Sprecherinnen und Sprechern z\u00e4hlen etwa Siemens-Vorstand Cedrik Neike, die Zukunftsforscherin Amy Webb, Accenture-Cefin Julie Sweet, Bundesdigitalminister Karsten Wildberger oder Rheinmetall-Chef Armin Papperger.\u00a0<\/p>\n<p>Vor dem Hintergrund der geopolitischen Lage gewinnt das Messegastland Brasilien \u2013 und mit ihm ganz S\u00fcdamerika \u2013 als Handelsund Industriepartner weiter an Bedeutung. Allein das Tauziehen um das Mercosur-Abkommen hat das gezeigt. Brasilien, Mitglied im Mercosur, kommt mit rund 150 Ausstellern nach Hannover, zehn Mal mehr als im vergangenen Jahr. Niedersachsen exportierte im vergangenen Jahr Waren f\u00fcr rund 660 Mio. Euro nach Brasilien, importierte f\u00fcr gut 900 Mio. Euro. Das liegt unter den sonst \u00fcblichen Zahlen, die jeweils \u00fcber 100 Mio. Euro h\u00f6her liegen. Das sagt IHK-Experte Tilman Brunner. Die niedrigeren Werte seien dem insgesamt schwachen Au\u00dfenhandel 2025 geschuldet. Bei den Exporten \u2013 vor allem Maschinen, Metalle oder chemisches Erzeugnisse \u2013 lag Brasilien damit auf Rang 28, zwischen Indien und Kanada. Mit Luiz In\u00e1cio Lula da Silva kommt der Pr\u00e4sident eines wichtigen nieders\u00e4chsischen Handelspartners zur Messeer\u00f6ffnung nach Hannover.\u00a0<\/p>\n<p><a href=\"https:\/\/www.hannovermesse.de\/files\/files\/001\/media\/bilder\/fuer-besucher\/hallenplan\/hallenplan-2026.png\" rel=\"nofollow noopener\" target=\"_blank\">Hallenplan Hannover Messe<\/a><\/p>\n<p><strong>Kostenlose Tickets f\u00fcr Mitgliedsunternehmen \u00a0<\/strong><br \/>F\u00fcr die Hannover Messe k\u00f6nnen Mitgliedsunternehmen der IHK Hannover kostenlose Tickets bekommen &#8211; <a href=\"https:\/\/www.ihk.de\/hannover\/hauptnavigation\/international\/aktuell-international\/hannover-messe-2026-kostenlose-tickets-7007010\" rel=\"nofollow noopener\" target=\"_blank\">mehr Informationen<\/a>. \u00a0<\/p>\n<p><strong>Die IHK auf der Messe<\/strong><br \/>Auch die IHK Hannover ist auf der Messe pr\u00e4sent &#8211; in Halle 4, Stand 11.\u00a0<\/p>\n<p>\u00a0<\/p>\n<p>\u00a0<\/p>\n","protected":false},"excerpt":{"rendered":"Rund 3500 Aussteller werden zur Hannover Messe vom 20. bis 24. April erwartet. KI wird sich sich wie&hellip;\n","protected":false},"author":2,"featured_media":913099,"comment_status":"","ping_status":"","sticky":false,"template":"","format":"standard","meta":{"footnotes":"","_share_on_mastodon":"0"},"categories":[1836],"tags":[5697,3364,200117,29,200116,30,46,3846,671,1411,52,740],"class_list":["post-913098","post","type-post","status-publish","format-standard","has-post-thumbnail","category-hannover","tag-brasilien","tag-de","tag-defense-production-park","tag-deutschland","tag-dr-jochen-koeckler","tag-germany","tag-hannover","tag-hannover-messe","tag-ki","tag-niedersachsen","tag-partnerland","tag-rheinmetall"],"share_on_mastodon":{"url":"https:\/\/pubeurope.com\/@de\/116329195082209765","error":""},"_links":{"self":[{"href":"https:\/\/www.europesays.com\/de\/wp-json\/wp\/v2\/posts\/913098","targetHints":{"allow":["GET"]}}],"collection":[{"href":"https:\/\/www.europesays.com\/de\/wp-json\/wp\/v2\/posts"}],"about":[{"href":"https:\/\/www.europesays.com\/de\/wp-json\/wp\/v2\/types\/post"}],"author":[{"embeddable":true,"href":"https:\/\/www.europesays.com\/de\/wp-json\/wp\/v2\/users\/2"}],"replies":[{"embeddable":true,"href":"https:\/\/www.europesays.com\/de\/wp-json\/wp\/v2\/comments?post=913098"}],"version-history":[{"count":0,"href":"https:\/\/www.europesays.com\/de\/wp-json\/wp\/v2\/posts\/913098\/revisions"}],"wp:featuredmedia":[{"embeddable":true,"href":"https:\/\/www.europesays.com\/de\/wp-json\/wp\/v2\/media\/913099"}],"wp:attachment":[{"href":"https:\/\/www.europesays.com\/de\/wp-json\/wp\/v2\/media?parent=913098"}],"wp:term":[{"taxonomy":"category","embeddable":true,"href":"https:\/\/www.europesays.com\/de\/wp-json\/wp\/v2\/categories?post=913098"},{"taxonomy":"post_tag","embeddable":true,"href":"https:\/\/www.europesays.com\/de\/wp-json\/wp\/v2\/tags?post=913098"}],"curies":[{"name":"wp","href":"https:\/\/api.w.org\/{rel}","templated":true}]}}