{"id":913127,"date":"2026-04-01T11:39:20","date_gmt":"2026-04-01T11:39:20","guid":{"rendered":"https:\/\/www.europesays.com\/de\/913127\/"},"modified":"2026-04-01T11:39:20","modified_gmt":"2026-04-01T11:39:20","slug":"wann-wird-terminal-3-eroeffnet-das-sind-die-auswirkungen-fuer-reisende","status":"publish","type":"post","link":"https:\/\/www.europesays.com\/de\/913127\/","title":{"rendered":"Wann wird Terminal 3 er\u00f6ffnet? Das sind die Auswirkungen f\u00fcr Reisende"},"content":{"rendered":"<p class=\"mb-6 text-xs md:text-m lg:text-l font-serif group-[.font-sans]:font-sans \">\n    Der Frankfurter Flughafen ist aufgrund seines hohen Passagieraufkommens der <a href=\"https:\/\/www.mainpost.de\/panorama\/kennen-sie-die-groessten-flughaefen-deutschlands-102576503\" target=\"_self\" class=\"underline \" rel=\"nofollow noopener\">gr\u00f6\u00dfte Flughafen Deutschlands<\/a>, informiert das <a href=\"https:\/\/www.destatis.de\/Europa\/DE\/Thema\/Verkehr\/Flughaefen_Tabelle.html\" rel=\"nofollow noopener\" target=\"_blank\" class=\"underline \">Statistische Bundesamt<\/a> (Destatis). Mit 61,5 Millionen bef\u00f6rderten Passagieren im Jahr 2024 liegt er weit vor dem Flughafen M\u00fcnchen und belegt Platz 4 im <a href=\"https:\/\/www.mainpost.de\/panorama\/rekorde-das-sind-die-zehn-groessten-flughaefen-der-welt-102792890\" target=\"_self\" class=\"underline \" rel=\"nofollow noopener\">Ranking der gr\u00f6\u00dften Flugh\u00e4fen<\/a> der EU \u2013 nach Paris-Charles de Gaulle, Amsterdam Schiphol und Madrid-Barajas.\n  <\/p>\n<p class=\"mb-6 text-xs md:text-m lg:text-l font-serif group-[.font-sans]:font-sans \">\n    Doch das langfristige Wachstum des Flugverkehrs ist mit den bisher betriebenen Terminals 1 und 2 in <a href=\"https:\/\/www.mainpost.de\/orte\/mp-frankfurt\" target=\"_self\" class=\"underline \" rel=\"nofollow noopener\">Frankfurt<\/a> nur begrenzt zu stemmen, beantwortet der Flughafenbetreiber <a href=\"https:\/\/www.fraport.com\/de\/geschaeftsfelder\/bau\/terminal-3.html\" rel=\"nofollow noopener\" target=\"_blank\" class=\"underline \">Fraport<\/a> die Frage, warum ein weiteres Terminal gebaut wurde. Das neue Terminal 3 ist demnach ein wichtiger Bestandteil f\u00fcr die Zukunft des Frankfurt Airport. Im Oktober 2015 fand der Spatenstich des Neubaus im S\u00fcden des Flughafens Frankfurt statt. Aber wann genau soll das neue Terminal in Betrieb gehen?\n  <\/p>\n<p>            Flughafen Frankfurt: Wann wird Terminal 3 er\u00f6ffnet?<\/p>\n<p class=\"mb-6 text-xs md:text-m lg:text-l font-serif group-[.font-sans]:font-sans \">\n    Wie die Deutsche Presse-Agentur (dpa) berichtet, werden bereits seit Januar 2026 die allt\u00e4glichen Betriebsabl\u00e4ufe am neuen Flughafen-Terminal in Frankfurt getestet. Bis zur Er\u00f6ffnung werden rund 8000 Komparsen und Besch\u00e4ftigte der Beh\u00f6rden, <a href=\"https:\/\/www.mainpost.de\/geld-leben\/gehalt\/gehalt-flugbegleiter-wie-viel-verdient-man-102586920\" target=\"_self\" class=\"underline \" rel=\"nofollow noopener\">Airlines und weiterer Dienstleister<\/a> die verschiedensten Prozesse ausprobieren: von Einreise \u00fcber Check-in und Gep\u00e4ckaufgabe bis hin zur <a href=\"https:\/\/www.mainpost.de\/reise\/tuerkei-urlaub-braucht-man-einen-reisepass-oder-reicht-der-personalausweis-113395174\" target=\"_self\" class=\"underline \" rel=\"nofollow noopener\">Passkontrolle<\/a> und neuen Personenbahn.\n  <\/p>\n<p>    Fakten rund um das neue Terminal 3<\/p>\n<ul rel=\"\" class=\"[&amp;&gt;li]:relative list-none  [&amp;&gt;li]:pl-[1.2em] [&amp;&gt;li]:marker:text-[0] [&amp;&gt;li]:relative [&amp;&gt;li]:before:absolute [&amp;&gt;li]:before:w-3 [&amp;&gt;li]:before:h-3 [&amp;&gt;li]:before:bg-brand [&amp;&gt;li]:before:left-0 [&amp;&gt;li]:before:top-[8px] [&amp;&gt;li]:before:rounded-full  my-5\">\n<li class=\" mb-3 text-xs md:text-m lg:text-l\">Laut <a href=\"https:\/\/terminal3.frankfurt-airport.com\/terminal-3-im-blick\/facts-und-figures\" rel=\"nofollow noopener\" target=\"_blank\" class=\"underline \">Frankfurt Airport<\/a> hat das neue Terminal 3 eine Grundfl\u00e4che von 176.000 Quadratmetern. Das entspricht rund 25 Fu\u00dfballfeldern.<\/li>\n<li class=\" mb-3 text-xs md:text-m lg:text-l\">Alle Ober- und Untergeschosse zusammen haben eine Gesamtfl\u00e4che von 403.000 Quadratmetern.<\/li>\n<li class=\" mb-3 text-xs md:text-m lg:text-l\">Der erste Bauabschnitt mit dem Terminal-Hauptgeb\u00e4ude und den Flugsteigen H und J ist 2015 gestartet. Der zweite Bauabschnitt, bestehend aus Flugsteig G, wurde bereits im April 2022 baulich fertiggestellt. Flugsteig K als dritter Bauabschnitt kann nach Bedarf realisiert werden.<\/li>\n<li class=\" mb-3 text-xs md:text-m lg:text-l\">Die drei Flugsteige H, J und G verf\u00fcgen \u00fcber eine Kapazit\u00e4t von bis zu 19 Millionen Reisenden im Jahr.<\/li>\n<\/ul>\n<p class=\"mb-6 text-xs md:text-m lg:text-l font-serif group-[.font-sans]:font-sans \">\n    Und ab wann genau ist das neue Terminal 3 startklar? Wie Fraport auf seiner <a href=\"https:\/\/www.fraport.com\/de\/geschaeftsfelder\/bau\/terminal-3.html\" rel=\"nofollow noopener\" target=\"_blank\" class=\"underline \">Webseite<\/a> informiert, soll das Terminal am <strong class=\"font-bold\">23. April 2026<\/strong> in Betrieb gehen, dann sollen die ersten <a href=\"https:\/\/www.mainpost.de\/geld-leben\/gehalt\/gehalt-piloten-wie-viel-verdient-man-13-3-26-102579652\" target=\"_self\" class=\"underline \" rel=\"nofollow noopener\">Flieger<\/a> abheben. Alle beh\u00f6rdlichen Abnahmen wurden demnach bereits erfolgreich abgeschlossen. Derzeit laufen noch die letzten Ausstattungsarbeiten und Testl\u00e4ufe mit Testpassagieren. Am 22. April 2026 findet die feierliche Er\u00f6ffnung des Terminal 3 statt.\n  <\/p>\n<p class=\"mb-6 text-xs md:text-m lg:text-l font-serif group-[.font-sans]:font-sans \">\n    Fraport-Vorstandsvorsitzender Stefan Schulte best\u00e4tigte im Gespr\u00e4ch beim <a href=\"https:\/\/www.faz.net\/video\/fraport-chef-stefan-schulte-auf-dem-faz-kongress-200679957.html\" rel=\"nofollow noopener\" target=\"_blank\" class=\"underline \">F.A.Z.-Kongress<\/a> am 27. M\u00e4rz 2026, dass das neue Terminal des Frankfurter Flughafens im Zeit- und Kostenplan in Betrieb gehen soll. Bereits vor der offiziellen Inbetriebnahme gibt es zudem laut <a href=\"https:\/\/www.fraport.com\/de\/newsroom\/pressemitteilungen\/2026\/q1\/grosse-terminal-3-eroeffnungsfest.html\" rel=\"nofollow noopener\" target=\"_blank\" class=\"underline \">Fraport<\/a> ein Er\u00f6ffnungsfest unter dem Titel \u201eReady for Take-off\u201c am 11. und 12. April 2026. Bis zu 30.000 G\u00e4ste werden erwartet, die einen ersten Blick auf die Neuheiten des Flughafens werfen k\u00f6nnen \u2013 die Tickets f\u00fcr das Event waren bereits nach wenigen Tagen ausverkauft, informiert <a href=\"https:\/\/www.ffh.de\/aktionen\/ffh-aktionen\/460253-ready-for-take-off-das-grosse-terminal-3-event.html\" rel=\"nofollow noopener\" target=\"_blank\" class=\"underline \">Hit Radio FFH<\/a>.\n  <\/p>\n<p>            Flughafen Frankfurt: Wie kommen Reisende zum neuen Terminal 3?<\/p>\n<p class=\"mb-6 text-xs md:text-m lg:text-l font-serif group-[.font-sans]:font-sans \">\n    <strong class=\"font-bold\">Mit dem <a href=\"https:\/\/www.ka-news.de\/auto\" target=\"_self\" class=\"underline \" rel=\"nofollow noopener\">Auto<\/a>:<\/strong>\n  <\/p>\n<p class=\"mb-6 text-xs md:text-m lg:text-l font-serif group-[.font-sans]:font-sans \">\n    Laut Frankfurt Airport wird Terminal 3 gut mit dem Auto erreichbar sein, da es an das bestehende Verkehrsnetz angebunden sein wird. Daf\u00fcr wurde die Teilanschlussstelle Zeppelinheim auf der A5\u00a0erweitert. Zudem entsteht eine neue \u00f6ffentliche Stra\u00dfe, die parallel zur A5 verl\u00e4uft und den\u00a0s\u00fcdlichen Bereich mit dem Hugo-Eckener-Ring und Gateway Gardens verbindet. Ein neues <a href=\"https:\/\/www.mainpost.de\/franken\/parken-in-wuerzburg-mit-live-daten-freie-parkplaetze-jetzt-in-der-innenstadt-finden-180326-112824823\" target=\"_self\" class=\"underline \" rel=\"nofollow noopener\">Parkhaus<\/a> gegen\u00fcber dem Terminal 3 bietet auf acht Etagen Platz f\u00fcr 8500 Pkw. E-Ladestationen sollen in einzelnen Bereichen zur Verf\u00fcgung stehen.\n  <\/p>\n<p class=\"mb-6 text-xs md:text-m lg:text-l font-serif group-[.font-sans]:font-sans \">\n    <strong class=\"font-bold\">Mit der Bahn:<\/strong>\n  <\/p>\n<p class=\"mb-6 text-xs md:text-m lg:text-l font-serif group-[.font-sans]:font-sans \">\n    Reisende, die mit \u00f6ffentlichen Verkehrsmitteln unterwegs sind, k\u00f6nnen nach der Ankunft am Regional- oder Fernbahnhof des Flughafens die Weiterfahrt mit der flughafeninternen Bahn antreten. Im Februar 2026 wurde ein neuer Zubringer-Zug am Frankfurter Flughafen in Betrieb genommen, wie die dpa berichtete: die vollautomatische, fahrerlose Sky Line-Bahn, die zus\u00e4tzlich zur alten Sky Line-Bahn zur Verf\u00fcgung steht.\n  <\/p>\n<p class=\"mb-6 text-xs md:text-m lg:text-l font-serif group-[.font-sans]:font-sans \">\n    Seitdem k\u00f6nnen Passagiere in wenigen Minuten vom Terminal 1 (T1) zu Terminal\u00a02 (T2) fahren \u2013 und k\u00fcnftig auch zu Terminal 3 (T3). Die Fahrt f\u00fcr die Strecke von 5,6 Kilometern von T1 zum neuen T3 soll knapp acht Minuten dauern. An beiden Terminals gibt es demnach Bahnh\u00f6fe:\n  <\/p>\n<ul rel=\"\" class=\"[&amp;&gt;li]:relative list-none  [&amp;&gt;li]:pl-[1.2em] [&amp;&gt;li]:marker:text-[0] [&amp;&gt;li]:relative [&amp;&gt;li]:before:absolute [&amp;&gt;li]:before:w-3 [&amp;&gt;li]:before:h-3 [&amp;&gt;li]:before:bg-brand [&amp;&gt;li]:before:left-0 [&amp;&gt;li]:before:top-[8px] [&amp;&gt;li]:before:rounded-full  my-5\">\n<li class=\" mb-3 text-xs md:text-m lg:text-l\">Die Station am T1 liegt aufgest\u00e4ndert auf Stahlstreben im \u00dcbergangsbereich zwischen Terminal, Regional- und Fernbahnhof.<\/li>\n<li class=\" mb-3 text-xs md:text-m lg:text-l\">Am T3 befindet sich die Station zwischen Parkhaus und Terminalgeb\u00e4ude.<\/li>\n<\/ul>\n<p class=\"mb-6 text-xs md:text-m lg:text-l font-serif group-[.font-sans]:font-sans \">\n    Die Bahnen sollen im Zwei-Minuten-Takt verkehren. In jeden Wagen passen 130 Fahrg\u00e4ste. Laut dpa ist die Fahrt kostenlos \u2013 auch wenn man nur als Besucher am Flughafen ist.\n  <\/p>\n<p class=\"mb-6 text-xs md:text-m lg:text-l font-serif group-[.font-sans]:font-sans \">\n    Zudem plant die <a href=\"https:\/\/www.schienenanbindung-terminal3.de\/home.html\" rel=\"nofollow noopener\" target=\"_blank\" class=\"underline \">Deutsche Bahn<\/a> eine Direkt-Anbindung inklusive neuer Station unter dem neuen Terminal 3. Damit sollen Reisende k\u00fcnftig das Terminal 3 direkt vom Frankfurter Hauptbahnhof aus n\u00f6rdlicher Richtung erreichen k\u00f6nnen, ohne Umstieg am Regionalbahnhof. Aus s\u00fcdlicher Richtung kommend, soll der Flughafen k\u00fcnftig ebenfalls direkt erreicht werden. Der bislang notwendige Umstieg an der Haltestelle Frankfurt am Main Stadion k\u00f6nne somit k\u00fcnftig entfallen. Wann das Bahnprojekt abgeschlossen sein wird, ist derzeit nicht bekannt.\n  <\/p>\n<p class=\"mb-6 text-xs md:text-m lg:text-l font-serif group-[.font-sans]:font-sans \">\n    <strong class=\"font-bold\">Mit dem Bus:<\/strong>\n  <\/p>\n<p class=\"mb-6 text-xs md:text-m lg:text-l font-serif group-[.font-sans]:font-sans \">\n    Der Busbahnhof liegt laut Frankfurt Airport auf der Ankunftsebene und bietet einen kurzen, barrierefreien Zugang zu Terminal 3. Ab April 2026 gibt es Anschl\u00fcsse nach Darmstadt, Frankfurt, Walldorf und Gro\u00df-Gerau. Fernbusreisende sollen ab Terminal 1 der Beschilderung \u201eTerminal 3 G, H, J\u201c folgen.\n  <\/p>\n<p>            Neues Terminal 3 am Flughafen Frankfurt: Welche Airlines ziehen um?<\/p>\n<p class=\"mb-6 text-xs md:text-m lg:text-l font-serif group-[.font-sans]:font-sans \">\n    Laut dpa und Fraport sollen bis zum Sommer 2026 die 57 <a href=\"https:\/\/www.mainpost.de\/bayern\/fluggesellschaften-im-test-2025-die-besten-und-schlechtesten-airlines-ab-bayern-110620023\" target=\"_self\" class=\"underline \" rel=\"nofollow noopener\">Fluggesellschaften<\/a> aus dem sanierungsbed\u00fcrftigen Terminal 2 in vier Wellen in das Terminal 3 umziehen. Nach der Fertigstellung des neuen Terminals soll im Anschluss das Terminal 2 in den Ruhemodus versetzt und generalsaniert werden, berichtet das Online-Portal <a href=\"https:\/\/reisetopia.de\/news\/terminal-3-flughafen-frankfurt-planmaessig-2026\/\" rel=\"nofollow noopener\" target=\"_blank\" class=\"underline \">reisetopia.de<\/a>.\n  <\/p>\n<p class=\"mb-6 text-xs md:text-m lg:text-l font-serif group-[.font-sans]:font-sans \">\n    Vom Umzug betroffen sind laut Fraport vor allem Airlines der Allianzen um British Airways und Air France-KLM sowie die arabischen Anbieter Etihad und Emirates. Die Gesellschaften des <a href=\"https:\/\/www.mainpost.de\/panorama\/flughafen-frankfurt-lufthansa-jumbo-ueberrascht-mit-ungewoehnlichem-flugmanoever-14-3-26-113710497\" target=\"_self\" class=\"underline \" rel=\"nofollow noopener\">Lufthansa-B\u00fcndnisses<\/a> Star Alliance bleiben weiterhin im Terminal 1. Condor wird im Sommer 2027 von T1 in das neue T3 umziehen, wie die Fluggesellschaft und Fraport\u00a0gemeinsam in einer <a href=\"https:\/\/www.fraport.com\/de\/newsroom\/pressemitteilungen\/2026\/q1\/2027-condor-zieht-ins-t3.html\" rel=\"nofollow noopener\" target=\"_blank\" class=\"underline \">Pressemitteilung<\/a> bekanntgaben.\n  <\/p>\n<p class=\"mb-6 text-xs md:text-m lg:text-l font-serif group-[.font-sans]:font-sans \">\n    Flugg\u00e4ste werden gebeten, sich vor Antritt ihrer Reise zu informieren, <a href=\"https:\/\/www.mainpost.de\/panorama\/flughafen-frankfurt-zwei-neue-direktverbindungen-diese-staedte-werden-bald-angeflogen-23-3-26-113782112\" target=\"_self\" class=\"underline \" rel=\"nofollow noopener\">von oder an welchem Terminal ihr Flug startet<\/a> oder landet. Die aktuellsten Informationen finden sich laut <a href=\"https:\/\/www.frankfurt-airport.com\/de\/fluege-und-airlines\/terminal-3.html\" rel=\"nofollow noopener\" target=\"_blank\" class=\"underline \">Frankfurt Airport<\/a> \u00fcber die\u00a0<a href=\"https:\/\/www.frankfurt-airport.com\/de\/fluege-und-airlines\/abfluege.html\" rel=\"nofollow noopener\" target=\"_blank\" class=\"underline \">Flugsuche<\/a>\u00a0oder in der\u00a0\u00dcbersicht <a href=\"https:\/\/www.frankfurt-airport.com\/de\/fluege-und-airlines\/airlines-a-z.html\" rel=\"nofollow noopener\" target=\"_blank\" class=\"underline \">Airlines A \u2013 Z<\/a>.\u00a0Kurzfristige \u00c4nderungen sind m\u00f6glich.\u00a0Nach aktuellem Stand starten diese Airlines ab den folgenden Daten von Terminal 3.\n  <\/p>\n<p class=\"mb-6 text-xs md:text-m lg:text-l font-serif group-[.font-sans]:font-sans \">\n    <strong class=\"font-bold\">Ab Donnerstag, 23. April 2026:<\/strong>\n  <\/p>\n<ul rel=\"\" class=\"[&amp;&gt;li]:relative list-none  [&amp;&gt;li]:pl-[1.2em] [&amp;&gt;li]:marker:text-[0] [&amp;&gt;li]:relative [&amp;&gt;li]:before:absolute [&amp;&gt;li]:before:w-3 [&amp;&gt;li]:before:h-3 [&amp;&gt;li]:before:bg-brand [&amp;&gt;li]:before:left-0 [&amp;&gt;li]:before:top-[8px] [&amp;&gt;li]:before:rounded-full  my-5\">\n<li class=\" mb-3 text-xs md:text-m lg:text-l\">Cathay Pacific<\/li>\n<li class=\" mb-3 text-xs md:text-m lg:text-l\">China Airlines<\/li>\n<li class=\" mb-3 text-xs md:text-m lg:text-l\">China Eastern Airlines<\/li>\n<li class=\" mb-3 text-xs md:text-m lg:text-l\">China Southern Airlines<\/li>\n<li class=\" mb-3 text-xs md:text-m lg:text-l\">Emirates<\/li>\n<li class=\" mb-3 text-xs md:text-m lg:text-l\">Etihad Airways<\/li>\n<li class=\" mb-3 text-xs md:text-m lg:text-l\">Gulf Air<\/li>\n<li class=\" mb-3 text-xs md:text-m lg:text-l\">Korean Air<\/li>\n<li class=\" mb-3 text-xs md:text-m lg:text-l\">Kuwait Airways<\/li>\n<li class=\" mb-3 text-xs md:text-m lg:text-l\">Oman Air<\/li>\n<li class=\" mb-3 text-xs md:text-m lg:text-l\">Qatar Airways<\/li>\n<li class=\" mb-3 text-xs md:text-m lg:text-l\">Saudia<\/li>\n<li class=\" mb-3 text-xs md:text-m lg:text-l\">T\u2018Way Air<\/li>\n<\/ul>\n<p class=\"mb-6 text-xs md:text-m lg:text-l font-serif group-[.font-sans]:font-sans \">\n    <strong class=\"font-bold\">Ab Dienstag, 5. Mai 2026:<\/strong>\n  <\/p>\n<ul rel=\"\" class=\"[&amp;&gt;li]:relative list-none  [&amp;&gt;li]:pl-[1.2em] [&amp;&gt;li]:marker:text-[0] [&amp;&gt;li]:relative [&amp;&gt;li]:before:absolute [&amp;&gt;li]:before:w-3 [&amp;&gt;li]:before:h-3 [&amp;&gt;li]:before:bg-brand [&amp;&gt;li]:before:left-0 [&amp;&gt;li]:before:top-[8px] [&amp;&gt;li]:before:rounded-full  my-5\">\n<li class=\" mb-3 text-xs md:text-m lg:text-l\">Air Alg\u00e9rie<\/li>\n<li class=\" mb-3 text-xs md:text-m lg:text-l\">Air Astana<\/li>\n<li class=\" mb-3 text-xs md:text-m lg:text-l\">Air Cairo<\/li>\n<li class=\" mb-3 text-xs md:text-m lg:text-l\">Air Montenegro<\/li>\n<li class=\" mb-3 text-xs md:text-m lg:text-l\">Air Serbia<\/li>\n<li class=\" mb-3 text-xs md:text-m lg:text-l\">Centrum Air<\/li>\n<li class=\" mb-3 text-xs md:text-m lg:text-l\">FlyErbil<\/li>\n<li class=\" mb-3 text-xs md:text-m lg:text-l\">MEA Middle East Airlines<\/li>\n<li class=\" mb-3 text-xs md:text-m lg:text-l\">Nesma Airlines<\/li>\n<li class=\" mb-3 text-xs md:text-m lg:text-l\">Nouvelair<\/li>\n<li class=\" mb-3 text-xs md:text-m lg:text-l\">Plus Ultra Lineas Aereas<\/li>\n<li class=\" mb-3 text-xs md:text-m lg:text-l\">Qanot Sharq<\/li>\n<li class=\" mb-3 text-xs md:text-m lg:text-l\">Royal Air Maroc<\/li>\n<li class=\" mb-3 text-xs md:text-m lg:text-l\">Royal Jordanian Airlines<\/li>\n<li class=\" mb-3 text-xs md:text-m lg:text-l\">SkyUp Airlines\u00a0\u00a0<\/li>\n<li class=\" mb-3 text-xs md:text-m lg:text-l\">Tunisair<\/li>\n<li class=\" mb-3 text-xs md:text-m lg:text-l\">Turkmenistan Airlines\u00a0\u00a0<\/li>\n<li class=\" mb-3 text-xs md:text-m lg:text-l\">Uzbekistan Airways<\/li>\n<\/ul>\n<p class=\"mb-6 text-xs md:text-m lg:text-l font-serif group-[.font-sans]:font-sans \">\n    <strong class=\"font-bold\">Ab Dienstag, 19. Mai 2026:<\/strong>\n  <\/p>\n<ul rel=\"\" class=\"[&amp;&gt;li]:relative list-none  [&amp;&gt;li]:pl-[1.2em] [&amp;&gt;li]:marker:text-[0] [&amp;&gt;li]:relative [&amp;&gt;li]:before:absolute [&amp;&gt;li]:before:w-3 [&amp;&gt;li]:before:h-3 [&amp;&gt;li]:before:bg-brand [&amp;&gt;li]:before:left-0 [&amp;&gt;li]:before:top-[8px] [&amp;&gt;li]:before:rounded-full  my-5\">\n<li class=\" mb-3 text-xs md:text-m lg:text-l\">Aer Lingus<\/li>\n<li class=\" mb-3 text-xs md:text-m lg:text-l\">American Airlines<\/li>\n<li class=\" mb-3 text-xs md:text-m lg:text-l\">British Airways<\/li>\n<li class=\" mb-3 text-xs md:text-m lg:text-l\">Delta Air Lines<\/li>\n<li class=\" mb-3 text-xs md:text-m lg:text-l\">Freebird Airlines<\/li>\n<li class=\" mb-3 text-xs md:text-m lg:text-l\">HiSky<\/li>\n<li class=\" mb-3 text-xs md:text-m lg:text-l\">JAL Japan Airlines<\/li>\n<li class=\" mb-3 text-xs md:text-m lg:text-l\">MIAT Mongolian Airlines<\/li>\n<li class=\" mb-3 text-xs md:text-m lg:text-l\">Pegasus Airlines<\/li>\n<li class=\" mb-3 text-xs md:text-m lg:text-l\">SriLankan Airlines<\/li>\n<li class=\" mb-3 text-xs md:text-m lg:text-l\">TUI fly<\/li>\n<li class=\" mb-3 text-xs md:text-m lg:text-l\">Vietnam Airlines<\/li>\n<\/ul>\n<p class=\"mb-6 text-xs md:text-m lg:text-l font-serif group-[.font-sans]:font-sans \">\n    <strong class=\"font-bold\">Ab Dienstag, 9. Juni 2026:<\/strong>\n  <\/p>\n<ul rel=\"\" class=\"[&amp;&gt;li]:relative list-none  [&amp;&gt;li]:pl-[1.2em] [&amp;&gt;li]:marker:text-[0] [&amp;&gt;li]:relative [&amp;&gt;li]:before:absolute [&amp;&gt;li]:before:w-3 [&amp;&gt;li]:before:h-3 [&amp;&gt;li]:before:bg-brand [&amp;&gt;li]:before:left-0 [&amp;&gt;li]:before:top-[8px] [&amp;&gt;li]:before:rounded-full  my-5\">\n<li class=\" mb-3 text-xs md:text-m lg:text-l\">Air Europa<\/li>\n<li class=\" mb-3 text-xs md:text-m lg:text-l\">Air France<\/li>\n<li class=\" mb-3 text-xs md:text-m lg:text-l\">Bulgaria Air<\/li>\n<li class=\" mb-3 text-xs md:text-m lg:text-l\">easyJet<\/li>\n<li class=\" mb-3 text-xs md:text-m lg:text-l\">Finnair<\/li>\n<li class=\" mb-3 text-xs md:text-m lg:text-l\">Fly One<\/li>\n<li class=\" mb-3 text-xs md:text-m lg:text-l\">Iberia<\/li>\n<li class=\" mb-3 text-xs md:text-m lg:text-l\">Icelandair<\/li>\n<li class=\" mb-3 text-xs md:text-m lg:text-l\">KLM Royal Dutch Airlines<\/li>\n<li class=\" mb-3 text-xs md:text-m lg:text-l\">SAS Scandinavian Airlines<\/li>\n<li class=\" mb-3 text-xs md:text-m lg:text-l\">SATA Azores Airlines<\/li>\n<li class=\" mb-3 text-xs md:text-m lg:text-l\">SKY Express\u00a0\u00a0<\/li>\n<li class=\" mb-3 text-xs md:text-m lg:text-l\">TAROM<\/li>\n<\/ul>\n<p class=\"mb-6 text-xs md:text-m lg:text-l font-serif group-[.font-sans]:font-sans \">\n    Im weiteren Jahresverlauf sollen noch die Fluggesellschaften Air Anka, Corendon Airlines, Nile Air und Star East Airlines folgen.\n  <\/p>\n<p class=\"mb-6 text-xs md:text-m lg:text-l font-serif group-[.font-sans]:font-sans \">\n    \u00dcbrigens: Auf schlechte \u201eScherze\u201c am Flughafen sollten Reisende verzichten. So k\u00f6nnen durch scherzhaft gemeinte <a href=\"https:\/\/www.mainpost.de\/panorama\/flughafen-frankfurt-schlechter-scherz-fuehrte-zu-sperrungen-22-3-26-113761526\" target=\"_self\" class=\"underline \" rel=\"nofollow noopener\">Behauptungen wie, dass sich im Gep\u00e4ck eine Bombe bef\u00e4nde, Sicherheitseins\u00e4tze ausgel\u00f6st<\/a> werden und Passagieren ernste Konsequenzen drohen.\n  <\/p>\n<ul data-module-id=\"DragDropModule\" class=\"flex flex-wrap justify-start group-[.no-bookmarks]:hidden\">\n<li class=\"mb-3 mr-3\">\n    Maria Wendel<\/p>\n<p>      Icon Haken im Kreis gesetzt<\/p>\n<p>      Icon Plus im Kreis<\/p>\n<\/li>\n<li class=\"mb-3 mr-3\">\n    Flughafen Frankfurt<\/p>\n<p>      Icon Haken im Kreis gesetzt<\/p>\n<p>      Icon Plus im Kreis<\/p>\n<\/li>\n<li class=\"mb-3 mr-3\">\n    Frankfurt<\/p>\n<p>      Icon Haken im Kreis gesetzt<\/p>\n<p>      Icon Plus im Kreis<\/p>\n<\/li>\n<\/ul>\n","protected":false},"excerpt":{"rendered":"Der Frankfurter Flughafen ist aufgrund seines hohen Passagieraufkommens der gr\u00f6\u00dfte Flughafen Deutschlands, informiert das Statistische Bundesamt (Destatis). Mit&hellip;\n","protected":false},"author":2,"featured_media":913128,"comment_status":"","ping_status":"","sticky":false,"template":"","format":"standard","meta":{"footnotes":"","_share_on_mastodon":"0"},"categories":[1829],"tags":[513,29,3089,10647,2050,2051,8351,30,2052,4562,135099,874,26355],"class_list":["post-913127","post","type-post","status-publish","format-standard","has-post-thumbnail","category-frankfurt-am-main","tag-auto","tag-deutschland","tag-flughafen-frankfurt","tag-flughafen-muenchen","tag-frankfurt","tag-frankfurt-am-main","tag-fraport","tag-germany","tag-hessen","tag-reise","tag-starttermin","tag-statistisches-bundesamt","tag-terminal"],"share_on_mastodon":{"url":"https:\/\/pubeurope.com\/@de\/116329261800138644","error":""},"_links":{"self":[{"href":"https:\/\/www.europesays.com\/de\/wp-json\/wp\/v2\/posts\/913127","targetHints":{"allow":["GET"]}}],"collection":[{"href":"https:\/\/www.europesays.com\/de\/wp-json\/wp\/v2\/posts"}],"about":[{"href":"https:\/\/www.europesays.com\/de\/wp-json\/wp\/v2\/types\/post"}],"author":[{"embeddable":true,"href":"https:\/\/www.europesays.com\/de\/wp-json\/wp\/v2\/users\/2"}],"replies":[{"embeddable":true,"href":"https:\/\/www.europesays.com\/de\/wp-json\/wp\/v2\/comments?post=913127"}],"version-history":[{"count":0,"href":"https:\/\/www.europesays.com\/de\/wp-json\/wp\/v2\/posts\/913127\/revisions"}],"wp:featuredmedia":[{"embeddable":true,"href":"https:\/\/www.europesays.com\/de\/wp-json\/wp\/v2\/media\/913128"}],"wp:attachment":[{"href":"https:\/\/www.europesays.com\/de\/wp-json\/wp\/v2\/media?parent=913127"}],"wp:term":[{"taxonomy":"category","embeddable":true,"href":"https:\/\/www.europesays.com\/de\/wp-json\/wp\/v2\/categories?post=913127"},{"taxonomy":"post_tag","embeddable":true,"href":"https:\/\/www.europesays.com\/de\/wp-json\/wp\/v2\/tags?post=913127"}],"curies":[{"name":"wp","href":"https:\/\/api.w.org\/{rel}","templated":true}]}}