{"id":913295,"date":"2026-04-01T13:11:15","date_gmt":"2026-04-01T13:11:15","guid":{"rendered":"https:\/\/www.europesays.com\/de\/913295\/"},"modified":"2026-04-01T13:11:15","modified_gmt":"2026-04-01T13:11:15","slug":"berlin-nba-bekommt-milliardenangebote-fuer-europa-clubs","status":"publish","type":"post","link":"https:\/\/www.europesays.com\/de\/913295\/","title":{"rendered":"Berlin | NBA bekommt Milliardenangebote f\u00fcr Europa-Clubs"},"content":{"rendered":"<p>Berlin (dpa) &#8211; Die nordamerikanische Basketball-Liga NBA hat nach dpa-Informationen f\u00fcr das Startrecht in ihrem geplanten Europa-Ableger Angebote in Milliardenh\u00f6he erhalten. F\u00fcr das Recht, eines der fest eingeplanten Teams zu stellen, habe es mehrere Angebote im Bereich von 500 Millionen bis 1 Milliarde Dollar (rund 860 Millionen Euro) gegeben, darunter auch einige Angebote, die \u00fcber der Milliarden-Dollar-Marke liegen, hie\u00df es aus Kreisen, die mit dem Vorgang vertraut sind.\u00a0<\/p>\n<p>Um welche Standorte es dabei geht, wurde zun\u00e4chst nicht bekannt. Aus Deutschland gelten Alba Berlin und Bayern M\u00fcnchen als aussichtsreiche Kandidaten.<\/p>\n<p>Mark Tatum, stellvertretender Commissioner der NBA, sagte der dpa: \u00abDas Ausma\u00df des Engagements und die H\u00f6he der Gebote spiegeln das Vertrauen des Marktes in unser vorgeschlagenes Modell sowie das enorme, noch unerschlossene Potenzial des europ\u00e4ischen Basketballs wider.\u00bb Man werde die Gebote nun eingehender pr\u00fcfen und die Partner in die engere Wahl nehmen, \u00abdie unsere Vision und unser Engagement f\u00fcr die Beschleunigung des Wachstums dieses Sports auf dem gesamten Kontinent teilen.\u00bb Details kommentierte Tatum nicht.<\/p>\n<p>NBA Europe will in die gro\u00dfen Metropolen<\/p>\n<p>Die NBA will den Europa-Ableger gemeinsam mit dem Weltverband Fiba 2027 an den Start bringen. Bis zu zw\u00f6lf feste Startpl\u00e4tze soll es geben. Dazu kommen vier Teams, die sich sportlich f\u00fcr die Teilnahme qualifizieren. Die Liga dr\u00e4ngt in europ\u00e4ische Metropolen wie London, Paris oder Rom. Nicht \u00fcberall gibt es schon Proficlubs, die f\u00fcr einen solchen Startplatz infrage kommen.<\/p>\n<p>Nach dpa-Informationen gibt es mehr als 120 interessierte Investoren, darunter existierende Teams. Auch Clubs, die aktuell noch in der privatwirtschaftlich organisierten Euroleague spielen, geh\u00f6ren dazu. Nachdem die Fronten zwischen der Euroleague und den Organisatoren des neuen Projekts lange verh\u00e4rtet waren, soll es nun wieder Gespr\u00e4che \u00fcber eine m\u00f6gliche Kooperation geben. Die Teilnehmer und den genauen Starttermin will die NBA nach und nach verk\u00fcnden. Das Portal \u00abThe Athletic\u00bb zitierte eine weitere Quelle, die noch \u00abwochenlange z\u00e4he Verhandlungen\u00bb erwartet.<\/p>\n","protected":false},"excerpt":{"rendered":"Berlin (dpa) &#8211; Die nordamerikanische Basketball-Liga NBA hat nach dpa-Informationen f\u00fcr das Startrecht in ihrem geplanten Europa-Ableger Angebote&hellip;\n","protected":false},"author":2,"featured_media":913296,"comment_status":"","ping_status":"","sticky":false,"template":"","format":"standard","meta":{"footnotes":"","_share_on_mastodon":"0"},"categories":[1825],"tags":[2471,2493,772,923,296,29,663,101737,30,111575,64],"class_list":["post-913295","post","type-post","status-publish","format-standard","has-post-thumbnail","category-berlin","tag-alba-berlin","tag-basketball","tag-bayern","tag-bayern-muenchen","tag-berlin","tag-deutschland","tag-europa","tag-fiba","tag-germany","tag-nba-europe","tag-usa"],"share_on_mastodon":{"url":"https:\/\/pubeurope.com\/@de\/116329623654980276","error":""},"_links":{"self":[{"href":"https:\/\/www.europesays.com\/de\/wp-json\/wp\/v2\/posts\/913295","targetHints":{"allow":["GET"]}}],"collection":[{"href":"https:\/\/www.europesays.com\/de\/wp-json\/wp\/v2\/posts"}],"about":[{"href":"https:\/\/www.europesays.com\/de\/wp-json\/wp\/v2\/types\/post"}],"author":[{"embeddable":true,"href":"https:\/\/www.europesays.com\/de\/wp-json\/wp\/v2\/users\/2"}],"replies":[{"embeddable":true,"href":"https:\/\/www.europesays.com\/de\/wp-json\/wp\/v2\/comments?post=913295"}],"version-history":[{"count":0,"href":"https:\/\/www.europesays.com\/de\/wp-json\/wp\/v2\/posts\/913295\/revisions"}],"wp:featuredmedia":[{"embeddable":true,"href":"https:\/\/www.europesays.com\/de\/wp-json\/wp\/v2\/media\/913296"}],"wp:attachment":[{"href":"https:\/\/www.europesays.com\/de\/wp-json\/wp\/v2\/media?parent=913295"}],"wp:term":[{"taxonomy":"category","embeddable":true,"href":"https:\/\/www.europesays.com\/de\/wp-json\/wp\/v2\/categories?post=913295"},{"taxonomy":"post_tag","embeddable":true,"href":"https:\/\/www.europesays.com\/de\/wp-json\/wp\/v2\/tags?post=913295"}],"curies":[{"name":"wp","href":"https:\/\/api.w.org\/{rel}","templated":true}]}}