{"id":913404,"date":"2026-04-01T14:11:16","date_gmt":"2026-04-01T14:11:16","guid":{"rendered":"https:\/\/www.europesays.com\/de\/913404\/"},"modified":"2026-04-01T14:11:16","modified_gmt":"2026-04-01T14:11:16","slug":"lothar-matthaeus-deutliche-ansage-an-dortmund-und-schlotterbeck-fussball","status":"publish","type":"post","link":"https:\/\/www.europesays.com\/de\/913404\/","title":{"rendered":"Lothar Matth\u00e4us: Deutliche Ansage an Dortmund und Schlotterbeck! | Fu\u00dfball"},"content":{"rendered":"<p><a class=\"skip-content skip-content--link\" href=\"#in-content-skip-link-target-v-0-0\">TTS-Player \u00fcberspringen\u21b5<\/a><a id=\"in-content-skip-link-target-v-0-0\" class=\"skip-content--target-link-hidden skip-content skip-content--target-link\" href=\"#in-content-skip-link-target-v-0-0\">Artikel weiterlesen<\/a><\/p>\n<p><b>Deutliche Worte von Lothar Matth\u00e4us (65)! Der Fu\u00dfball-Experte sagt, dass es im Vertrags-Poker zwischen Borussia Dortmund und Abwehr-Star Nico Schlotterbeck (26) Zeit f\u00fcr eine Entscheidung wird \u2013 damit sich die Ungewissheit f\u00fcr den BVB nicht bis zum Saisonende zieht. Gegen\u00fcber <\/b><a href=\"https:\/\/sport.sky.de\/fussball\/artikel\/lothar-matthaeus-ueber-nico-schlotterbeck-den-bvb-und-das-dfb-team\/13526506\/34372\" target=\"_blank\" rel=\"nofollow noopener\" class=\"text-link--external text-link\"><b>Sky Sport<\/b><\/a><b> sagte der Rekordnationalspieler: \u201eEs ist an der Zeit, eine Deadline zu setzen.\u201c<\/b><\/p>\n<p>Der Vertrag des deutschen Nationalspielers l\u00e4uft bis 2027, seit Monaten k\u00e4mpfen die Schwarz-Gelben um eine Verl\u00e4ngerung des Kontraktes. Schlotterbeck, der von mehreren europ\u00e4ischen Top-Klubs umworben wird, u.a. von Real Madrid, h\u00e4lt sich seine Zukunft derzeit offen. <\/p>\n<p><img decoding=\"async\" width=\"992\" height=\"558\" alt=\"F\u00fcr welchen Klub spielt Nico Schlotterbeck in der kommenden Saison?\" src=\"https:\/\/www.europesays.com\/de\/wp-content\/uploads\/2026\/04\/0444f85d3e544c4e9f51409e246b951c,333daa17.jpeg\"   class=\"landscape\" loading=\"lazy\"\/><\/p>\n<p class=\"fig__caption__text\">F\u00fcr welchen Klub spielt Nico Schlotterbeck in der kommenden Saison? <\/p>\n<p>Foto: picture alliance\/Jb-sportfoto<\/p>\n<p>Matth\u00e4us weiter: \u201eSchlotterbeck ist wichtig, man will aber keinen Druck aufbauen, das hat Kehl psychologisch gut gemacht, aber jetzt ist es an der Zeit, eine Entscheidung zu treffen.\u201c<\/p>\n<p>Der Abwehrspieler hatte bisher mit Sebastian Kehl verhandelt, allerdings hatte sich Dortmund k\u00fcrzlich von seinem Sportdirektor getrennt. Nachfolger ist Ole Book (40). Matth\u00e4us: \u201eIch verstehe Schlotterbeck, weil sich in <a href=\"https:\/\/sportbild.bild.de\/bundesliga\/vereine\/borussia-dortmund\/home-33283690.sport.html\" class=\"text-link\" rel=\"nofollow noopener\" target=\"_blank\">Dortmund<\/a> im sportlichen Bereich au\u00dferhalb des Platzes etwas getan hat.\u201c Und weiter: \u201eSchlotterbeck will sehen, wie die Entscheidungstr\u00e4ger, Ole Book und Lars Ricken, zu ihm stehen. Daher kann ich seine Aussagen nachvollziehen.\u201c<\/p>\n<p>Schlotterbeck dementierte Einigung mit dem BVB<\/p>\n<p>Schlotterbeck hatte k\u00fcrzlich einer Sky-Meldung, wonach eine Einigung mit dem BVB bevorstehe, energisch widersprochen: \u201eIch sage ganz ehrlich, ich muss klar dementieren. So weit sind wir leider nicht. Ich bin sehr \u00fcberrascht \u00fcber die Berichterstattung, dass die Unterschrift kurz bevorsteht.\u201c Und weiter: \u201eIch h\u00e4tte wahrscheinlich eine Entscheidung in den n\u00e4chsten Wochen getroffen. Ich habe lange mit Sebastian verhandelt, Sebastian ist jetzt nicht mehr da.\u201c <\/p>\n<p>BVB-Boss Lars Ricken (49) hatte Verst\u00e4ndnis gezeigt, sagte gegen\u00fcber der dpa: \u201eNicos Aussagen sind nachvollziehbar. Wir haben weder einen Durchbruch noch eine Einigung best\u00e4tigt, daher hat uns eher die j\u00fcngste Berichterstattung \u00fcberrascht.\u201c<\/p>\n","protected":false},"excerpt":{"rendered":"TTS-Player \u00fcberspringen\u21b5Artikel weiterlesen Deutliche Worte von Lothar Matth\u00e4us (65)! Der Fu\u00dfball-Experte sagt, dass es im Vertrags-Poker zwischen Borussia&hellip;\n","protected":false},"author":2,"featured_media":913405,"comment_status":"","ping_status":"","sticky":false,"template":"","format":"standard","meta":{"footnotes":"","_share_on_mastodon":"0"},"categories":[1833],"tags":[888,3364,29,217,538,30,9208,28747,1209,3349,12984,11220,803,45,1261],"class_list":["post-913404","post","type-post","status-publish","format-standard","has-post-thumbnail","category-dortmund","tag-borussia-dortmund","tag-de","tag-deutschland","tag-dortmund","tag-erste-bundesliga","tag-germany","tag-kehl-sebastian","tag-matthaeus-lothar","tag-nordrhein-westfalen","tag-real-madrid","tag-ricken-lars","tag-schlotterbeck-nico","tag-spielertransfer","tag-texttospeech","tag-toralarm-top-news"],"share_on_mastodon":{"url":"https:\/\/pubeurope.com\/@de\/116329859466940819","error":""},"_links":{"self":[{"href":"https:\/\/www.europesays.com\/de\/wp-json\/wp\/v2\/posts\/913404","targetHints":{"allow":["GET"]}}],"collection":[{"href":"https:\/\/www.europesays.com\/de\/wp-json\/wp\/v2\/posts"}],"about":[{"href":"https:\/\/www.europesays.com\/de\/wp-json\/wp\/v2\/types\/post"}],"author":[{"embeddable":true,"href":"https:\/\/www.europesays.com\/de\/wp-json\/wp\/v2\/users\/2"}],"replies":[{"embeddable":true,"href":"https:\/\/www.europesays.com\/de\/wp-json\/wp\/v2\/comments?post=913404"}],"version-history":[{"count":0,"href":"https:\/\/www.europesays.com\/de\/wp-json\/wp\/v2\/posts\/913404\/revisions"}],"wp:featuredmedia":[{"embeddable":true,"href":"https:\/\/www.europesays.com\/de\/wp-json\/wp\/v2\/media\/913405"}],"wp:attachment":[{"href":"https:\/\/www.europesays.com\/de\/wp-json\/wp\/v2\/media?parent=913404"}],"wp:term":[{"taxonomy":"category","embeddable":true,"href":"https:\/\/www.europesays.com\/de\/wp-json\/wp\/v2\/categories?post=913404"},{"taxonomy":"post_tag","embeddable":true,"href":"https:\/\/www.europesays.com\/de\/wp-json\/wp\/v2\/tags?post=913404"}],"curies":[{"name":"wp","href":"https:\/\/api.w.org\/{rel}","templated":true}]}}