{"id":913666,"date":"2026-04-01T16:32:15","date_gmt":"2026-04-01T16:32:15","guid":{"rendered":"https:\/\/www.europesays.com\/de\/913666\/"},"modified":"2026-04-01T16:32:15","modified_gmt":"2026-04-01T16:32:15","slug":"basketball-alba-berlin-pokert-um-die-startplaetze-der-nba-europe-sport","status":"publish","type":"post","link":"https:\/\/www.europesays.com\/de\/913666\/","title":{"rendered":"Basketball: Alba Berlin pokert um die Startpl\u00e4tze der NBA Europe | Sport"},"content":{"rendered":"<p><b>Milliarden-Poker um Startpl\u00e4tze in der NBA Europe &#8211; und Alba Berlin mittendrin! Der <\/b><a href=\"https:\/\/sportbild.bild.de\/sportmix\/basketball\/basketball\/home-44119656.sport.html\" rel=\"noopener nofollow\" class=\"text-link--external text-link\" target=\"_blank\"><b>Basketball<\/b><\/a><b>-Wahnsinn aus den USA schwappt nach Europa und pl\u00f6tzlich geht es um unfassbare Summen. F\u00fcr Startpl\u00e4tze in der geplanten NBA Europe sollen laut dpa bereits Gebote in H\u00f6he von bis zu einer Milliarde Dollar (rund 860 Millionen Euro) eingegangen sein. Alba ist mit im Rennen, eines der fest eingeplanten Teams zu stellen. Was die Albatrosse f\u00fcr den Startplatz geboten haben, ist nicht bekannt.<\/b><\/p>\n<p>Die neue Liga, in Zusammenarbeit mit dem Weltverband Fiba, soll 2027 starten. Mit bis zu zw\u00f6lf festen Teams plus vier sportlich qualifizierten Teilnehmern. Gespielt werden soll in den gro\u00dfen Metropolen wie Paris, London, Rom und eben Berlin.<\/p>\n<p>NBA-Vize Mark Tatum (56) zu dem Poker um die Startpl\u00e4tze: \u201eDie H\u00f6he der Gebote spiegelt das Vertrauen des Marktes in unser vorgeschlagenes Modell sowie das enorme, noch unerschlossene Potenzial des europ\u00e4ischen Basketballs wider.\u201c Die NBA werde die Gebote nun eingehender pr\u00fcfen.<\/p>\n<p>Bereits am 31. M\u00e4rz musste Alba seine Bewerbung einreichen, um \u00fcberhaupt im Rennen zu bleiben. Der Schritt scheint getan. Um die Chancen zu erh\u00f6hen, treibt Gesch\u00e4ftsf\u00fchrer Marco Baldi (63) ein weiteres Mega-Projekt voran: <a href=\"https:\/\/www.bild.de\/sport\/mehr-sport\/so-plant-alba-berlin-die-neue-super-arena-fuer-die-nba-europe-69c64a24bcbf6a73533c139b\" class=\"text-link\" rel=\"nofollow noopener\" target=\"_blank\">eine neue Super-Arena in Adlershof<\/a>!<\/p>\n<p>Berlin will in die NBA Europe<\/p>\n<p>Dort sollen k\u00fcnftig bis zu 20.000 Fans Platz finden, rund 200 Events pro Jahr steigen. Klarer Plan: Basketball soll die Nummer eins sein. Nicht wie zuletzt in der Uber Arena, wo Alba oft nur zweite Geige spielte. Baldi: \u201eWir wollen die Mehrheit an der Arena haben. Erst Konzerte und dann irgendwann Basketball? Das wird es bei uns nicht geben!\u201c<\/p>\n<p>Problem: Bis zum m\u00f6glichen NBA-Start 2027 wird die neue Halle noch lange nicht fertig sein. Geplante Er\u00f6ffnung ist erst zur Saison 2031\/32. Hei\u00dft: Alba m\u00fcsste erst mal improvisieren oder zun\u00e4chst weiter in der Uber Arena auflaufen.<\/p>\n<p>Trotzdem ist die Richtung klar: Berlin will in die NBA Europe und die n\u00e4chsten Wochen entscheiden, ob der Traum vom Milliarden-Basketball wahr wird.<\/p>\n","protected":false},"excerpt":{"rendered":"Milliarden-Poker um Startpl\u00e4tze in der NBA Europe &#8211; und Alba Berlin mittendrin! Der Basketball-Wahnsinn aus den USA schwappt&hellip;\n","protected":false},"author":2,"featured_media":913667,"comment_status":"","ping_status":"","sticky":false,"template":"","format":"standard","meta":{"footnotes":"","_share_on_mastodon":"0"},"categories":[3933],"tags":[331,332,2471,5844,2493,2472,548,663,158,3934,3935,13,14,15918,15,12,806,45],"class_list":["post-913666","post","type-post","status-publish","format-standard","has-post-thumbnail","category-eu","tag-aktuelle-nachrichten","tag-aktuelle-news","tag-alba-berlin","tag-baldi-marco","tag-basketball","tag-bbl","tag-eu","tag-europa","tag-europaeische-union","tag-europe","tag-european-union","tag-headlines","tag-nachrichten","tag-nba","tag-news","tag-schlagzeilen","tag-sport-leuchtturm-berlin","tag-texttospeech"],"share_on_mastodon":{"url":"https:\/\/pubeurope.com\/@de\/116330414116101272","error":""},"_links":{"self":[{"href":"https:\/\/www.europesays.com\/de\/wp-json\/wp\/v2\/posts\/913666","targetHints":{"allow":["GET"]}}],"collection":[{"href":"https:\/\/www.europesays.com\/de\/wp-json\/wp\/v2\/posts"}],"about":[{"href":"https:\/\/www.europesays.com\/de\/wp-json\/wp\/v2\/types\/post"}],"author":[{"embeddable":true,"href":"https:\/\/www.europesays.com\/de\/wp-json\/wp\/v2\/users\/2"}],"replies":[{"embeddable":true,"href":"https:\/\/www.europesays.com\/de\/wp-json\/wp\/v2\/comments?post=913666"}],"version-history":[{"count":0,"href":"https:\/\/www.europesays.com\/de\/wp-json\/wp\/v2\/posts\/913666\/revisions"}],"wp:featuredmedia":[{"embeddable":true,"href":"https:\/\/www.europesays.com\/de\/wp-json\/wp\/v2\/media\/913667"}],"wp:attachment":[{"href":"https:\/\/www.europesays.com\/de\/wp-json\/wp\/v2\/media?parent=913666"}],"wp:term":[{"taxonomy":"category","embeddable":true,"href":"https:\/\/www.europesays.com\/de\/wp-json\/wp\/v2\/categories?post=913666"},{"taxonomy":"post_tag","embeddable":true,"href":"https:\/\/www.europesays.com\/de\/wp-json\/wp\/v2\/tags?post=913666"}],"curies":[{"name":"wp","href":"https:\/\/api.w.org\/{rel}","templated":true}]}}