{"id":913880,"date":"2026-04-01T18:32:15","date_gmt":"2026-04-01T18:32:15","guid":{"rendered":"https:\/\/www.europesays.com\/de\/913880\/"},"modified":"2026-04-01T18:32:15","modified_gmt":"2026-04-01T18:32:15","slug":"mabb-entscheidet-ueber-ukw-frequenzen-in-berlin-und-brandenburg","status":"publish","type":"post","link":"https:\/\/www.europesays.com\/de\/913880\/","title":{"rendered":"mabb entscheidet \u00fcber UKW-Frequenzen in Berlin und Brandenburg"},"content":{"rendered":"<p>\t\t\t\t\t\t\t<img loading=\"lazy\" width=\"720\" height=\"340\" src=\"https:\/\/www.europesays.com\/de\/wp-content\/uploads\/2026\/04\/logo_mabb.png\" class=\"attachment-full size-full wp-post-image\" alt=\"\" decoding=\"async\"  \/><\/p>\n<p>mabb<\/p>\n<p class=\"wp-block-paragraph\">Der Medienrat der mabb hat im Rahmen eines aktuellen Umlaufbeschlusses eine wichtige Entscheidung f\u00fcr die Radiolandschaft in der Hauptstadtregion getroffen. Ab dem 1. Juli 2026 erh\u00e4lt die <strong>radio B2 GmbH<\/strong> die unbefristete Zulassung zur Veranstaltung ihres H\u00f6rfunkprogramms <strong>Schlager Radio<\/strong>. Damit verbunden ist die Zuweisung zahlreicher UKW-Frequenzen f\u00fcr einen Zeitraum von vorerst sieben Jahren.<\/p>\n<p>Details zur Frequenzzuweisung und zum Wettbewerb<\/p>\n<p class=\"wp-block-paragraph\">Die Entscheidung umfasst insgesamt sieben Senderstandorte, die eine weitreichende Abdeckung in Berlin und Brandenburg sicherstellen. Dazu geh\u00f6ren die reichweitenstarke Frequenz <strong>106,0 MHz<\/strong> am Berliner Alexanderplatz sowie Standorte in Potsdam, Cottbus, Brandenburg an der Havel, Frankfurt (Oder), Eberswalde und F\u00fcrstenwalde. Im Rahmen der zugrunde liegenden Ausschreibung vom 10. Oktober 2025 konnte sich die radio B2 GmbH gegen die Mitbewerber Audiotainment S\u00fcdwest GmbH &amp; Co. KG und Skyline Medien GmbH durchsetzen, deren Antr\u00e4ge im Zuge des Beschlusses abgelehnt wurden.<\/p>\n<p>Auflagen zur Regionalisierung<\/p>\n<p class=\"wp-block-paragraph\">Die Zuweisung der Frequenzen ist an eine klare inhaltliche Bedingung gekn\u00fcpft. Der Veranstalter ist verpflichtet, das Programm an Werktagen in der Zeit von <strong>14:30 Uhr bis 17:30 Uhr<\/strong> regional auseinanderzuschalten. In diesem Zeitraum m\u00fcssen f\u00fcr die vier definierten Regionen Berlin, Brandenburg-West, Lausitz und Brandenburg-Ost jeweils eigene Regionalnachrichten sowie spezifische Wetter- und Verkehrsinformationen ausgestrahlt werden.<\/p>\n<p>Vorbehalt der Digitalisierung<\/p>\n<p class=\"wp-block-paragraph\">Trotz der festgesetzten Laufzeit von sieben Jahren enth\u00e4lt der Beschluss eine Klausel zur technologischen Entwicklung. Die Zuweisungsdauer kann verk\u00fcrzt werden, falls eine ausreichende Erm\u00e4chtigungsgrundlage im Hinblick auf das staatsvertragliche Ziel der Digitalisierung der terrestrischen \u00dcbertragung vorliegt. Damit h\u00e4lt sich die Regulierungsbeh\u00f6rde die Option offen, die UKW-Verbreitung zugunsten digitaler \u00dcbertragungswege anzupassen, sofern die rechtlichen Rahmenbedingungen dies erfordern. Das Verfahren wurde offiziell am 13. M\u00e4rz 2026 abgeschlossen.<\/p>\n","protected":false},"excerpt":{"rendered":"mabb Der Medienrat der mabb hat im Rahmen eines aktuellen Umlaufbeschlusses eine wichtige Entscheidung f\u00fcr die Radiolandschaft in&hellip;\n","protected":false},"author":2,"featured_media":913881,"comment_status":"","ping_status":"","sticky":false,"template":"","format":"standard","meta":{"footnotes":"","_share_on_mastodon":"0"},"categories":[1816],"tags":[1960,1958,1959,1957,1956,200230,1890,29,30,200231,85586,119136,86373],"class_list":["post-913880","post","type-post","status-publish","format-standard","has-post-thumbnail","category-brandenburg","tag-aktuelle-nachrichten-aus-berlin-und-brandenburg","tag-aktuelle-nachrichten-aus-brandenburg","tag-aktuelle-news-aus-berlin-und-brandenburg","tag-aktuelle-news-aus-brandenburg","tag-berlin-und-brandenburg","tag-bigfm","tag-brandenburg","tag-deutschland","tag-germany","tag-jam-fm","tag-mabb","tag-schlager-radio","tag-ukw-news"],"share_on_mastodon":{"url":"https:\/\/pubeurope.com\/@de\/116330885811794196","error":""},"_links":{"self":[{"href":"https:\/\/www.europesays.com\/de\/wp-json\/wp\/v2\/posts\/913880","targetHints":{"allow":["GET"]}}],"collection":[{"href":"https:\/\/www.europesays.com\/de\/wp-json\/wp\/v2\/posts"}],"about":[{"href":"https:\/\/www.europesays.com\/de\/wp-json\/wp\/v2\/types\/post"}],"author":[{"embeddable":true,"href":"https:\/\/www.europesays.com\/de\/wp-json\/wp\/v2\/users\/2"}],"replies":[{"embeddable":true,"href":"https:\/\/www.europesays.com\/de\/wp-json\/wp\/v2\/comments?post=913880"}],"version-history":[{"count":0,"href":"https:\/\/www.europesays.com\/de\/wp-json\/wp\/v2\/posts\/913880\/revisions"}],"wp:featuredmedia":[{"embeddable":true,"href":"https:\/\/www.europesays.com\/de\/wp-json\/wp\/v2\/media\/913881"}],"wp:attachment":[{"href":"https:\/\/www.europesays.com\/de\/wp-json\/wp\/v2\/media?parent=913880"}],"wp:term":[{"taxonomy":"category","embeddable":true,"href":"https:\/\/www.europesays.com\/de\/wp-json\/wp\/v2\/categories?post=913880"},{"taxonomy":"post_tag","embeddable":true,"href":"https:\/\/www.europesays.com\/de\/wp-json\/wp\/v2\/tags?post=913880"}],"curies":[{"name":"wp","href":"https:\/\/api.w.org\/{rel}","templated":true}]}}