{"id":913995,"date":"2026-04-01T19:37:24","date_gmt":"2026-04-01T19:37:24","guid":{"rendered":"https:\/\/www.europesays.com\/de\/913995\/"},"modified":"2026-04-01T19:37:24","modified_gmt":"2026-04-01T19:37:24","slug":"entstehungsgeschichte-schulbesuche-omas-gegen-rechts-essen","status":"publish","type":"post","link":"https:\/\/www.europesays.com\/de\/913995\/","title":{"rendered":"Entstehungsgeschichte, Schulbesuche | OMAS GEGEN RECHTS Essen"},"content":{"rendered":"<p class=\"card__subtitle\"> Sendung der lokalen B\u00fcrgerinitiative &#8222;OMAS GEGEN RECHTS&#8220; aus Essen <\/p>\n<p>Die B\u00fcrgerinitiative &#8222;OMAS GEGEN RECHTS&#8220; wurde 2017 in \u00d6sterreich gegr\u00fcndet. Mittlerweile gibt es auch deutschlandweit viele \u00f6rtliche Gruppen, darunter auch in Essen. In ihrer ersten Sendung zeichnen die &#8222;OMAS GEGEN RECHTS Essen&#8220; daher die Entstehungsgeschichte der Initiative nach: Gr\u00fcnderin Monika Salzer verr\u00e4t, warum sie die &#8222;OMAS&#8220; 2017 ins Leben gerufen hat. Ulrike Albrecht und Claudia Wormland erkl\u00e4ren, warum sie die Essener &#8222;OMAS&#8220; gegr\u00fcndet haben. Au\u00dferdem gibt Britta Bremer Einblicke in die Schulbesuche der &#8222;OMAS GEGEN RECHTS Essen&#8220;.<\/p>\n","protected":false},"excerpt":{"rendered":"Sendung der lokalen B\u00fcrgerinitiative &#8222;OMAS GEGEN RECHTS&#8220; aus Essen Die B\u00fcrgerinitiative &#8222;OMAS GEGEN RECHTS&#8220; wurde 2017 in \u00d6sterreich&hellip;\n","protected":false},"author":2,"featured_media":913996,"comment_status":"","ping_status":"","sticky":false,"template":"","format":"standard","meta":{"footnotes":"","_share_on_mastodon":"0"},"categories":[1834],"tags":[17432,3364,29,2136,3688,30,6821,4060,1209,90568,1433,16,966],"class_list":["post-913995","post","type-post","status-publish","format-standard","has-post-thumbnail","category-essen","tag-austausch","tag-de","tag-deutschland","tag-entwicklung","tag-essen","tag-germany","tag-initiative","tag-lokal","tag-nordrhein-westfalen","tag-oma","tag-oesterreich","tag-politik","tag-schule"],"share_on_mastodon":{"url":"https:\/\/pubeurope.com\/@de\/116331141492494462","error":""},"_links":{"self":[{"href":"https:\/\/www.europesays.com\/de\/wp-json\/wp\/v2\/posts\/913995","targetHints":{"allow":["GET"]}}],"collection":[{"href":"https:\/\/www.europesays.com\/de\/wp-json\/wp\/v2\/posts"}],"about":[{"href":"https:\/\/www.europesays.com\/de\/wp-json\/wp\/v2\/types\/post"}],"author":[{"embeddable":true,"href":"https:\/\/www.europesays.com\/de\/wp-json\/wp\/v2\/users\/2"}],"replies":[{"embeddable":true,"href":"https:\/\/www.europesays.com\/de\/wp-json\/wp\/v2\/comments?post=913995"}],"version-history":[{"count":0,"href":"https:\/\/www.europesays.com\/de\/wp-json\/wp\/v2\/posts\/913995\/revisions"}],"wp:featuredmedia":[{"embeddable":true,"href":"https:\/\/www.europesays.com\/de\/wp-json\/wp\/v2\/media\/913996"}],"wp:attachment":[{"href":"https:\/\/www.europesays.com\/de\/wp-json\/wp\/v2\/media?parent=913995"}],"wp:term":[{"taxonomy":"category","embeddable":true,"href":"https:\/\/www.europesays.com\/de\/wp-json\/wp\/v2\/categories?post=913995"},{"taxonomy":"post_tag","embeddable":true,"href":"https:\/\/www.europesays.com\/de\/wp-json\/wp\/v2\/tags?post=913995"}],"curies":[{"name":"wp","href":"https:\/\/api.w.org\/{rel}","templated":true}]}}