{"id":914043,"date":"2026-04-01T20:13:22","date_gmt":"2026-04-01T20:13:22","guid":{"rendered":"https:\/\/www.europesays.com\/de\/914043\/"},"modified":"2026-04-01T20:13:22","modified_gmt":"2026-04-01T20:13:22","slug":"meeresbiologe-thilo-maack-buckelwal-timmy-leidet-ganz-extrem-regional","status":"publish","type":"post","link":"https:\/\/www.europesays.com\/de\/914043\/","title":{"rendered":"Meeresbiologe Thilo Maack: \u201eBuckelwal Timmy leidet ganz extrem\u201c | Regional"},"content":{"rendered":"<p><a class=\"skip-content skip-content--link\" href=\"#in-content-skip-link-target-v-0-0\">TTS-Player \u00fcberspringen\u21b5<\/a><a id=\"in-content-skip-link-target-v-0-0\" class=\"skip-content--target-link-hidden skip-content skip-content--target-link\" href=\"#in-content-skip-link-target-v-0-0\">Artikel weiterlesen<\/a><\/p>\n<p>Wismar (Mecklenburg-Vorpommern) \u2013 <b>Es gibt keine Hoffnung mehr: Buckelwal Timmy, der seit dem 3. M\u00e4rz durch die Ostsee irrt, wird es nicht schaffen. Experten sind sich einig, dass der Meeress\u00e4uger vor der Insel Poel sterben wird. Das Gebiet wurde abgesperrt, um den Wal in Ruhe zu lassen. Er ist mittlerweile zu schwach und zu krank, um zu \u00fcberleben.<\/b> <\/p>\n<p>BILD sprach mit dem Meeresbiologen Thilo Maack von <a href=\"https:\/\/www.bild.de\/themen\/organisationen\/greenpeace\/organisationen-news-fotos-videos-19443488.bild.html\" class=\"text-link\" rel=\"nofollow noopener\" target=\"_blank\">Greenpeace<\/a> \u00fcber den Meeress\u00e4uger, der so sehr die Herzen der Deutschen r\u00fchrt. <\/p>\n<p><img decoding=\"async\" width=\"992\" height=\"558\" alt=\"Thilo Maack von der Umweltschutzorganisation Greenpeace\" src=\"https:\/\/www.europesays.com\/de\/wp-content\/uploads\/2026\/04\/733345be2b7801b4430822eaf8d36fea,45eb05e9.jpeg\"   class=\"landscape\" loading=\"lazy\"\/><\/p>\n<p class=\"fig__caption__text\">Thilo Maack von der Umweltschutzorganisation Greenpeace<\/p>\n<p>Foto: Stefan Sauer\/dpa<\/p>\n<p>Wie schmerzhaft ist sein Todeskampf?<\/p>\n<p>Als Timmy vor der deutschen K\u00fcste in der <a href=\"https:\/\/www.bild.de\/regional\/ostsee\/home-O1xq8oqQGpREURRHzcKl\" class=\"text-link\" rel=\"nofollow noopener\" target=\"_blank\">Ostsee<\/a> auftauchte, war sein K\u00f6rper von einem Stellnetz umschlungen, auch in seinem Maul steckten Schn\u00fcre fest. Trotzdem sei der Wal auch jetzt noch in einem einigerma\u00dfen guten Ern\u00e4hrungszustand und habe noch Reserven, was sein Sterben aber verl\u00e4ngern k\u00f6nnte. Der Wal-Experte sagt, das sei \u201eganz, ganz schwer abzusch\u00e4tzen\u201c. Thilo Maack: \u201eEs kann einige Tage, aber auch noch viel l\u00e4nger dauern.\u201c<\/p>\n<p>Wie schmerzhaft ist sein Leiden? Schon fr\u00fch berichtete das Deutsche Meeresmuseum Stralsund von deutlichem Stress; <a href=\"https:\/\/www.bild.de\/regional\/ostsee\/live-ticker-die-grosse-wal-rettung-vom-timmendorfer-strand-69c25182ffcdb2ce7075be7e\" class=\"text-link\" rel=\"nofollow noopener\" target=\"_blank\">BILD-Reporter beschrieben schlechte Haut<\/a>, Schw\u00e4che und stark reduzierte Reaktionen. Fachleute sagen au\u00dferdem, dass bei Strandungen auch Druck auf Organe, Kreislauf- und Atemprobleme, Hitzestress und schwere innere Sch\u00e4den auftreten k\u00f6nnen.<\/p>\n<p><img decoding=\"async\" width=\"992\" height=\"558\" alt=\"Teile von der Haut des Meeress\u00e4ugers l\u00f6sen sich ab\" src=\"https:\/\/www.europesays.com\/de\/wp-content\/uploads\/2026\/04\/f6d354d61a919dd9a083d4c2f77b0aad,5814995b.jpeg\"   class=\"landscape\" loading=\"lazy\"\/><\/p>\n<p class=\"fig__caption__text\">Teile von der Haut des Meeress\u00e4ugers l\u00f6sen sich ab<\/p>\n<p>Foto: Daniel M\u00fcller\/Greenpeace Germany\/dpa<\/p>\n<p>Der Wal empfinde Schmerz, so Maack weiter. Der Biologe: \u201eIch w\u00fcrde allerdings davon absehen, das in einer Art und Weise zu vermenschlichen. Um ehrlich zu sein: Das <a href=\"https:\/\/www.bild.de\/themen\/specials\/tiere\/news-fotos-videos-alles-zum-thema-17019684.bild.html\" class=\"text-link\" rel=\"nofollow noopener\" target=\"_blank\">Tier<\/a> leidet ganz extrem. Ja, es geht ihm \u00fcberhaupt nicht gut. Aber wir m\u00fcssen im Hinterkopf behalten, dass es ein Wildtier ist.\u201c<\/p>\n<p>K\u00f6nnen wir Timmy nicht erl\u00f6sen?<\/p>\n<p>Theoretisch ist Euthanasie bei Meeress\u00e4ugern grunds\u00e4tzlich ein Instrument. In diesem konkreten Fall schlossen viele Experten gegen\u00fcber BILD <a href=\"https:\/\/www.bild.de\/news\/inland\/furchtbares-drama-um-den-ostsee-wal-erloest-timmy-endlich-von-seinem-leid-69c9161d80d7a94f32d322c5\" class=\"text-link\" rel=\"nofollow noopener\" target=\"_blank\">Sterbehilfe<\/a> kategorisch aus, weil die Risiken, ihn noch st\u00e4rker leiden zu lassen, zu hoch seien. <\/p>\n<p>So fand der BILD-Reporter Wal Timmy: \u201eIch sah am Horizont eine gro\u00dfe Font\u00e4ne\u201c<a class=\"anchor video-teaser__anchor\" href=\"https:\/\/www.bild.de\/news\/so-fand-der-bild-wal-timmy-ich-sah-am-horizont-eine-grosse-fontaene-69cbb32254836f652f889e5e\" rel=\"nofollow noopener\" target=\"_blank\"><img decoding=\"async\" width=\"992\" height=\"558\" alt=\"So fand der BILD Wal Timmy: \u201eIch sah am Horizont eine gro\u00dfe Font\u00e4ne\u201c \" src=\"https:\/\/www.europesays.com\/de\/wp-content\/uploads\/2026\/04\/f5ac168cd0a27556785f42d3e70bde6a,ee6d0358.jpeg\"   class=\"landscape teaser__image\" loading=\"lazy\"\/><\/a><\/p>\n<p>Quelle: BILD, News531.03.2026<\/p>\n<p>Die T\u00f6tung gro\u00dfer Wale im <a href=\"https:\/\/www.bild.de\/themen\/orte\/meere-aktuellen-news-und-infos-cKDVZqItALT4fGAyavFM\" class=\"text-link\" rel=\"nofollow noopener\" target=\"_blank\">Meer<\/a> sei, so die Forscher, technisch extrem schwierig, gef\u00e4hrlich und nicht automatisch schnell oder schonend. Biologe Maack dazu: \u201eWir haben auch wiederum mit Experten der Tier\u00e4rztin diskutiert, ob Euthanasie infrage kommt, und das wird kategorisch ausgeschlossen.\u201c<\/p>\n<p>Was passiert nach dem Tod mit dem Wal?<\/p>\n<p>Laut Mecklenburg-Vorpommerns Umweltminister Dr. Till Backhaus soll der tote Wal nach Stralsund ins Meeresmuseum gebracht werden, damit die Todesursache wissenschaftlich untersucht wird. Backhaus sagte ausdr\u00fccklich, es gehe nicht darum, noch ein weiteres Walskelett auszustellen, sondern um die Untersuchung. <\/p>\n<p>Mehr zum Thema<\/p>\n<p>Thilo Maack: \u201eDer \u00fcbliche Vorgang ist vom Deutschen Meereskundemuseum koordiniert. Und sicher ist, dass der <a href=\"https:\/\/www.bild.de\/news\/inland\/rettungskrimi-in-der-ostsee-warum-der-wal-millionen-menschen-fasziniert-69c676a348647f66a742bfdc\" class=\"text-link\" rel=\"nofollow noopener\" target=\"_blank\">Wal<\/a> da nicht liegen bleiben wird.\u201c<\/p>\n","protected":false},"excerpt":{"rendered":"TTS-Player \u00fcberspringen\u21b5Artikel weiterlesen Wismar (Mecklenburg-Vorpommern) \u2013 Es gibt keine Hoffnung mehr: Buckelwal Timmy, der seit dem 3. M\u00e4rz&hellip;\n","protected":false},"author":2,"featured_media":914044,"comment_status":"","ping_status":"","sticky":false,"template":"","format":"standard","meta":{"footnotes":"","_share_on_mastodon":"0"},"categories":[1773],"tags":[5199,40482,181674,29,214,2464,30,14367,73129,2852,15095,92981,15368,471,1780,51704,45,1886,3533,215,16202],"class_list":["post-914043","post","type-post","status-publish","format-standard","has-post-thumbnail","category-serien","tag-biologie","tag-buckelwal","tag-deep-news","tag-deutschland","tag-entertainment","tag-gefahr","tag-germany","tag-meer","tag-meerestiere","tag-ostsee","tag-rettung","tag-saeugetiere","tag-schmerzen","tag-serien","tag-series","tag-sterbehilfe","tag-texttospeech","tag-tiere","tag-todesfall","tag-unterhaltung","tag-wale"],"share_on_mastodon":{"url":"https:\/\/pubeurope.com\/@de\/116331282866147578","error":""},"_links":{"self":[{"href":"https:\/\/www.europesays.com\/de\/wp-json\/wp\/v2\/posts\/914043","targetHints":{"allow":["GET"]}}],"collection":[{"href":"https:\/\/www.europesays.com\/de\/wp-json\/wp\/v2\/posts"}],"about":[{"href":"https:\/\/www.europesays.com\/de\/wp-json\/wp\/v2\/types\/post"}],"author":[{"embeddable":true,"href":"https:\/\/www.europesays.com\/de\/wp-json\/wp\/v2\/users\/2"}],"replies":[{"embeddable":true,"href":"https:\/\/www.europesays.com\/de\/wp-json\/wp\/v2\/comments?post=914043"}],"version-history":[{"count":0,"href":"https:\/\/www.europesays.com\/de\/wp-json\/wp\/v2\/posts\/914043\/revisions"}],"wp:featuredmedia":[{"embeddable":true,"href":"https:\/\/www.europesays.com\/de\/wp-json\/wp\/v2\/media\/914044"}],"wp:attachment":[{"href":"https:\/\/www.europesays.com\/de\/wp-json\/wp\/v2\/media?parent=914043"}],"wp:term":[{"taxonomy":"category","embeddable":true,"href":"https:\/\/www.europesays.com\/de\/wp-json\/wp\/v2\/categories?post=914043"},{"taxonomy":"post_tag","embeddable":true,"href":"https:\/\/www.europesays.com\/de\/wp-json\/wp\/v2\/tags?post=914043"}],"curies":[{"name":"wp","href":"https:\/\/api.w.org\/{rel}","templated":true}]}}