{"id":914226,"date":"2026-04-01T22:07:15","date_gmt":"2026-04-01T22:07:15","guid":{"rendered":"https:\/\/www.europesays.com\/de\/914226\/"},"modified":"2026-04-01T22:07:15","modified_gmt":"2026-04-01T22:07:15","slug":"cdu-stadtratsfraktion-unterstuetzt-ausweitung-des-ganztagsschulangebotes","status":"publish","type":"post","link":"https:\/\/www.europesays.com\/de\/914226\/","title":{"rendered":"CDU-Stadtratsfraktion unterst\u00fctzt Ausweitung des Ganztagsschulangebotes"},"content":{"rendered":"<p><img loading=\"lazy\" decoding=\"async\" src=\"https:\/\/www.europesays.com\/de\/wp-content\/uploads\/2026\/04\/Beiner.jpg\" alt=\"Beiner\" width=\"900\" height=\"674\" class=\"alignnone size-full wp-image-632278\"  \/>Ludwigshafen \/ Metropolregion Rhein-Neckar. Als eine gute Nachricht und einen Startschuss f\u00fcr weitere Ganztagsschulen in<br \/>Ludwigshafen wertet der schulpolitische Sprecher der CDU-Stadtratsfraktion, Fraktionsvize Daniel Beiner, die anstehenden Errichtungen von Ganztagsschulen an den Grundschulen Luitpoldschule und Niederfeldschule, die in der j\u00fcngsten<br \/>Sitzung des Schultr\u00e4gerausschusses vorgestellt und positiv abgestimmt wurden.<\/p>\n<p>\u201eUnser erster Dank geht an die beiden Schulgemeinschaften, an die Kollegien, die Elternschaft und die Schulleitungen f\u00fcr ihre Bereitschaft, sich der Aufgabe Ganztagsschule zu stellen, nicht zuletzt auch den vielen Sch\u00fclerinnen und Sch\u00fclern,<br \/>die dieses Angebot wahrnehmen\u201c, so Beiner. Ebenso danke die CDU den Mitarbeiterinnen und Mitarbeitern der Verwaltung um den Schuldezernenten Lars Pletscher und den Bereichsleiter Schulen, Stefan Wei\u00dfmann.<\/p>\n<p>Beiner weiter: \u201eUnser Anliegen war es immer, das Ganztagsangebot an unseren Schulen auszubauen, dabei jedoch auf ein Einvernehmen und Mitnehmen der Schulen zu setzen. Ich habe den Eindruck, dass dies dank vieler Gespr\u00e4che der<br \/>Verwaltung bei diesen beiden Schulen gut funktionierte und w\u00fcnsche der Luitpoldschule und der Niederfeldschule bei der Umsetzung viel Erfolg.\u201c<\/p>\n<p>\u201eF\u00fcr eine gute Bildung in unserer Stadtgesellschaft stellen Ganztagsschulen eine wichtige p\u00e4dagogische S\u00e4ule dar. Es geht dabei nicht nur um Unterrichtsinhalte, sondern auch um F\u00f6rderung, um soziales, kulturelles und sportliches Lernen,<br \/>nicht zuletzt auch um Spracherwerb und -pflege. Aus Elternsicht hilft das Angebot im Sinne einer besseren Vereinbarkeit von Familie und Beruf, auch aus haushaltspolitischer Sicht sind Ganztagsschulen ein Gewinn f\u00fcr die Stadt\u201c, so Beiner zum<br \/>Wert von Ganztagsschulen.<\/p>\n<p>Aus den Antragsentw\u00fcrfen sei zu entnehmen und zu begr\u00fc\u00dfen, dass qualitative Verbesserungen an den Schulgeb\u00e4uden und Schulh\u00f6fen vorgenommen w\u00fcrden.<br \/>Ein entsprechendes Raumangebot sei f\u00fcr einen ad\u00e4quaten Ganztagsbetrieb essenziell.<br \/>\u201eWir hoffen, dass die bauliche Umsetzung gut und z\u00fcgig gelingt, sodass im Schuljahr 2027\/2028 der Betrieb wie geplant starten kann. Zwei Positivbeispiele, weitere Gespr\u00e4chs- und Hilfsangebote seitens der Verwaltung und ein wohlwollen-<br \/>des Begleiten durch eine neue Landesregierung f\u00fchren hoffentlich zu einigen Nachahmern. F\u00fcr Ludwigshafen w\u00e4re das wichtig!\u201c, so Beiner abschlie\u00dfend. <\/p>\n<p>Quelle CDU Ludwigshafen <\/p>\n<p class=\"post-modified-info\">Zuletzt aktualisiert am 1. April 2026, 19:14<\/p>\n","protected":false},"excerpt":{"rendered":"Ludwigshafen \/ Metropolregion Rhein-Neckar. Als eine gute Nachricht und einen Startschuss f\u00fcr weitere Ganztagsschulen inLudwigshafen wertet der schulpolitische&hellip;\n","protected":false},"author":2,"featured_media":914227,"comment_status":"","ping_status":"","sticky":false,"template":"","format":"standard","meta":{"footnotes":"","_share_on_mastodon":"0"},"categories":[1845],"tags":[14068,4568,5114,1634,630,752,31,196799,63764,3364,29,548,663,3934,6586,30,4484,13,25476,2096,25488,25489,61987,14,14480,15,9221,5206,28951,12,11184,24234,3041,40142,200291,1106,17075,200292],"class_list":["post-914226","post","type-post","status-publish","format-standard","has-post-thumbnail","category-mannheim","tag-lernen","tag-schulen","tag-angebot","tag-baden-wuerttemberg","tag-beruf","tag-bildung","tag-cdu","tag-cdu-ludwigshafen","tag-dank","tag-de","tag-deutschland","tag-eu","tag-europa","tag-europe","tag-forderung","tag-germany","tag-grundschulen","tag-headlines","tag-ludwigshafen","tag-mannheim","tag-metropolregion","tag-metropolregion-rhein-neckar","tag-mitarbeiterinnen","tag-nachrichten","tag-neckar","tag-news","tag-pflege","tag-rhein","tag-rhein-neckar","tag-schlagzeilen","tag-schuelerinnen","tag-sitzung","tag-stadt","tag-stadtgesellschaft","tag-stefan-weissmann","tag-umsetzung","tag-verwaltung","tag-weissmann"],"share_on_mastodon":{"url":"","error":"Validation failed: Text character limit of 500 exceeded"},"_links":{"self":[{"href":"https:\/\/www.europesays.com\/de\/wp-json\/wp\/v2\/posts\/914226","targetHints":{"allow":["GET"]}}],"collection":[{"href":"https:\/\/www.europesays.com\/de\/wp-json\/wp\/v2\/posts"}],"about":[{"href":"https:\/\/www.europesays.com\/de\/wp-json\/wp\/v2\/types\/post"}],"author":[{"embeddable":true,"href":"https:\/\/www.europesays.com\/de\/wp-json\/wp\/v2\/users\/2"}],"replies":[{"embeddable":true,"href":"https:\/\/www.europesays.com\/de\/wp-json\/wp\/v2\/comments?post=914226"}],"version-history":[{"count":0,"href":"https:\/\/www.europesays.com\/de\/wp-json\/wp\/v2\/posts\/914226\/revisions"}],"wp:featuredmedia":[{"embeddable":true,"href":"https:\/\/www.europesays.com\/de\/wp-json\/wp\/v2\/media\/914227"}],"wp:attachment":[{"href":"https:\/\/www.europesays.com\/de\/wp-json\/wp\/v2\/media?parent=914226"}],"wp:term":[{"taxonomy":"category","embeddable":true,"href":"https:\/\/www.europesays.com\/de\/wp-json\/wp\/v2\/categories?post=914226"},{"taxonomy":"post_tag","embeddable":true,"href":"https:\/\/www.europesays.com\/de\/wp-json\/wp\/v2\/tags?post=914226"}],"curies":[{"name":"wp","href":"https:\/\/api.w.org\/{rel}","templated":true}]}}