{"id":914245,"date":"2026-04-01T22:18:17","date_gmt":"2026-04-01T22:18:17","guid":{"rendered":"https:\/\/www.europesays.com\/de\/914245\/"},"modified":"2026-04-01T22:18:17","modified_gmt":"2026-04-01T22:18:17","slug":"russland-und-armenien-putin-warnt-armenien-vor-eu-beitritt","status":"publish","type":"post","link":"https:\/\/www.europesays.com\/de\/914245\/","title":{"rendered":"Russland und Armenien: Putin warnt Armenien vor EU-Beitritt"},"content":{"rendered":"<p class=\"paragraph article__item\">Der russische Pr\u00e4sident Wladimir <a href=\"https:\/\/www.zeit.de\/2026\/14\/angst-russland-repression-propaganda-wladimir-putin\" target=\"_blank\" rel=\"nofollow noopener\">Putin<\/a><br \/>\n hat <a class=\"rtr-entity\" href=\"https:\/\/www.zeit.de\/thema\/armenien\" rel=\"nofollow noopener\" target=\"_blank\">Armenien<\/a> mit einem Ausschluss aus einem von Russland angef\u00fchrten<br \/>\nWirtschaftsb\u00fcndnis gedroht. Armenien k\u00f6nne nicht gleichzeitig Teil der<br \/>\nEU und der <a href=\"https:\/\/www.zeit.de\/politik\/ausland\/2015-01\/russland-eurasische-wirtschaftsunion-armenien-kasachstan\" target=\"_blank\" rel=\"nofollow noopener\">Eurasischen Wirtschaftsunion<\/a> sein, sagte Putin. Er \u00e4u\u00dferte sich zu Beginn von Gespr\u00e4chen mit dem armenischen Ministerpr\u00e4sidenten Nikol Paschinjan in Moskau.<\/p>\n<p class=\"paragraph article__item\">Paschinjan strebt den EU-Beitritt seines Landes an. Armenien bem\u00fcht sich zugleich auch um engere <a href=\"https:\/\/www.zeit.de\/politik\/ausland\/2026-02\/armenien-usa-abkommen-atom-einfluss-energie-russland-gxe\" target=\"_blank\" rel=\"nofollow noopener\">Beziehungen zu den USA<\/a>. <\/p>\n<p class=\"paragraph article__item\">Paschinjan sagte, er verstehe, dass Armenien nicht gleichzeitig<br \/>\n beiden Staatenb\u00fcndnissen angeh\u00f6ren k\u00f6nne. Doch momentan k\u00f6nne es seine<br \/>\nMitgliedschaft in der Eurasischen Wirtschaftsunion mit dem Ausbau der<br \/>\nZusammenarbeit mit der <a class=\"rtr-entity\" href=\"https:\/\/www.zeit.de\/thema\/europaeische-union\" rel=\"nofollow noopener\" target=\"_blank\">EU<\/a> verbinden. &#8222;Die Beziehungen zu <a href=\"https:\/\/www.zeit.de\/politik\/ausland\/2026-03\/ukraine-russland-drohnen-angriff-tote-gxe\" target=\"_blank\" rel=\"nofollow noopener\">Russland<\/a> sind<br \/>\nsehr tief und wichtig f\u00fcr uns&#8220;, sagte er.\u00a0Putin<br \/>\n verwies unter anderem darauf, dass Armenien derzeit russisches Erdgas zu einem<br \/>\nwesentlich niedrigeren Preis im Vergleich zu den europ\u00e4ischen Preisen<br \/>\nbekomme.\n<\/p>\n<p class=\"paragraph article__item\">Zur Eurasischen Wirtschaftsunion geh\u00f6ren auch<br \/>\n<a href=\"https:\/\/www.zeit.de\/politik\/ausland\/2026-03\/belarus-usa-gefangene-abkommen-sanktionen\" target=\"_blank\" rel=\"nofollow noopener\">Belarus<\/a>, Kasachstan und Kirgistan. Es handelt sich dabei um einen<br \/>\nBinnenmarkt f\u00fcr den uneingeschr\u00e4nkten Verkehr von Waren und<br \/>\nArbeitskr\u00e4ften.<\/p>\n","protected":false},"excerpt":{"rendered":"Der russische Pr\u00e4sident Wladimir Putin hat Armenien mit einem Ausschluss aus einem von Russland angef\u00fchrten Wirtschaftsb\u00fcndnis gedroht. Armenien&hellip;\n","protected":false},"author":2,"featured_media":914246,"comment_status":"","ping_status":"","sticky":false,"template":"","format":"standard","meta":{"footnotes":"","_share_on_mastodon":"0"},"categories":[4013],"tags":[331,332,4541,71381,158,13,61206,14,15,147872,16,4043,4044,850,307,200293,12,200294,306],"class_list":["post-914245","post","type-post","status-publish","format-standard","has-post-thumbnail","category-russland","tag-aktuelle-nachrichten","tag-aktuelle-news","tag-armenien","tag-eurasische-wirtschaftsunion","tag-europaeische-union","tag-headlines","tag-konsequenz","tag-nachrichten","tag-news","tag-nikol-paschinjan","tag-politik","tag-russia","tag-russian-federation","tag-russische-foederation","tag-russland","tag-russland-und-armenien","tag-schlagzeilen","tag-wirtschaftsbuendnis","tag-wladimir-putin"],"share_on_mastodon":{"url":"https:\/\/pubeurope.com\/@de\/116331774271591902","error":""},"_links":{"self":[{"href":"https:\/\/www.europesays.com\/de\/wp-json\/wp\/v2\/posts\/914245","targetHints":{"allow":["GET"]}}],"collection":[{"href":"https:\/\/www.europesays.com\/de\/wp-json\/wp\/v2\/posts"}],"about":[{"href":"https:\/\/www.europesays.com\/de\/wp-json\/wp\/v2\/types\/post"}],"author":[{"embeddable":true,"href":"https:\/\/www.europesays.com\/de\/wp-json\/wp\/v2\/users\/2"}],"replies":[{"embeddable":true,"href":"https:\/\/www.europesays.com\/de\/wp-json\/wp\/v2\/comments?post=914245"}],"version-history":[{"count":0,"href":"https:\/\/www.europesays.com\/de\/wp-json\/wp\/v2\/posts\/914245\/revisions"}],"wp:featuredmedia":[{"embeddable":true,"href":"https:\/\/www.europesays.com\/de\/wp-json\/wp\/v2\/media\/914246"}],"wp:attachment":[{"href":"https:\/\/www.europesays.com\/de\/wp-json\/wp\/v2\/media?parent=914245"}],"wp:term":[{"taxonomy":"category","embeddable":true,"href":"https:\/\/www.europesays.com\/de\/wp-json\/wp\/v2\/categories?post=914245"},{"taxonomy":"post_tag","embeddable":true,"href":"https:\/\/www.europesays.com\/de\/wp-json\/wp\/v2\/tags?post=914245"}],"curies":[{"name":"wp","href":"https:\/\/api.w.org\/{rel}","templated":true}]}}