{"id":914359,"date":"2026-04-01T23:23:19","date_gmt":"2026-04-01T23:23:19","guid":{"rendered":"https:\/\/www.europesays.com\/de\/914359\/"},"modified":"2026-04-01T23:23:19","modified_gmt":"2026-04-01T23:23:19","slug":"bbl-auswaertsmisere-der-niners-chemnitz-haelt-an-syntainics-mbc-bricht-in-ulm-ein","status":"publish","type":"post","link":"https:\/\/www.europesays.com\/de\/914359\/","title":{"rendered":"BBL: Ausw\u00e4rtsmisere der Niners Chemnitz h\u00e4lt an \u2013 Syntainics MBC bricht in Ulm ein"},"content":{"rendered":"<p class=\"text\">\nDie Niners erwischten mit 9:2 den deutlich besseren Start, profitierten dabei jedoch auch von einem fahrigen Auftritt der Gastgeber, die sich in den ersten vier Minuten vier Ballverluste leisteten. In der Folge lie\u00dfen sich die Chemnitzer von der Nervosit\u00e4t anstecken und lagen zur Pause mit sieben Z\u00e4hlern zur\u00fcck. Nach dem Wechsel steigerte Chemnitz seine Trefferquote aus der Distanz, offenbarte jedoch gro\u00dfe Probleme unter dem Korb und gestattete den Ludwigsburgern immer wieder zweite Wurfchancen. Mit einem 9:0-Lauf setzten sich die Gastgeber Ende des dritten Viertels auf 71:55 ab. Zwar k\u00e4mpften sich die Niners in der Schlussphase noch einmal auf sieben Punkte heran, doch eine Wende gelang ihnen nicht mehr.\n<\/p>\n<p>Wei\u00dfenfels verliert v\u00f6llig den Faden<\/p>\n<p class=\"text\">\nDer Syntainics MBC hat nach zuletzt drei BBL-Siegen in Serie ausw\u00e4rts bei ratiopharm Ulm eine deutliche Niederlage kassiert. Die Sachsen-Anhalter unterlagen mit 81:104 (41:50). Dabei hatte die Partie f\u00fcr die G\u00e4ste zun\u00e4chst vielversprechend begonnen: Die Wei\u00dfenfelser fanden fr\u00fch ihren Rhythmus und lagen nach einem Korbleger von Spencer Reaves zwischenzeitlich mit sieben Punkten in F\u00fchrung (8.\/22:15). Bis Mitte des zweiten Viertels behaupteten sie die Oberhand \u2013 doch der Dreier von Kapit\u00e4n Charles Callison (16.\/36:35) sollte die letzte F\u00fchrung des MBC bleiben.\n<\/p>\n<p class=\"text\">\nIm Anschluss riss der Faden: Das Team von Milenko Bogicevic fand offensiv kaum noch L\u00f6sungen, w\u00e4hrend Ulm konsequent davonzog. Zwischenzeitlich betrug der R\u00fcckstand sogar 28 Punkte (33.\/61:89). Beste Werfer der G\u00e4ste waren Reaves (18 Punkte) und Jure Planinic (17). In der Tabelle betr\u00e4gt der Vorsprung des MBC auf die Abstiegszone aktuell sechs Punkte.<\/p>\n","protected":false},"excerpt":{"rendered":"Die Niners erwischten mit 9:2 den deutlich besseren Start, profitierten dabei jedoch auch von einem fahrigen Auftritt der&hellip;\n","protected":false},"author":2,"featured_media":914360,"comment_status":"","ping_status":"","sticky":false,"template":"","format":"standard","meta":{"footnotes":"","_share_on_mastodon":"0"},"categories":[1851],"tags":[2493,2472,299,2770,3364,29,548,663,3934,30,13,16849,81,9953,189415,14,15,29634,22639,40888,29635,859,12,3499,3498,22640,32357],"class_list":["post-914359","post","type-post","status-publish","format-standard","has-post-thumbnail","category-chemnitz","tag-basketball","tag-bbl","tag-bundesliga","tag-chemnitz","tag-de","tag-deutschland","tag-eu","tag-europa","tag-europe","tag-germany","tag-headlines","tag-mbc","tag-mdr","tag-mhp-riesen-ludwigsburg","tag-milenko-bogicevic","tag-nachrichten","tag-news","tag-niners","tag-niners-chemnitz","tag-ratiopharm-ulm","tag-rodrigo-pastore","tag-sachsen","tag-schlagzeilen","tag-spio","tag-sport-im-osten","tag-syntainics-mbc","tag-weissenfels"],"share_on_mastodon":{"url":"https:\/\/pubeurope.com\/@de\/116332030099067456","error":""},"_links":{"self":[{"href":"https:\/\/www.europesays.com\/de\/wp-json\/wp\/v2\/posts\/914359","targetHints":{"allow":["GET"]}}],"collection":[{"href":"https:\/\/www.europesays.com\/de\/wp-json\/wp\/v2\/posts"}],"about":[{"href":"https:\/\/www.europesays.com\/de\/wp-json\/wp\/v2\/types\/post"}],"author":[{"embeddable":true,"href":"https:\/\/www.europesays.com\/de\/wp-json\/wp\/v2\/users\/2"}],"replies":[{"embeddable":true,"href":"https:\/\/www.europesays.com\/de\/wp-json\/wp\/v2\/comments?post=914359"}],"version-history":[{"count":0,"href":"https:\/\/www.europesays.com\/de\/wp-json\/wp\/v2\/posts\/914359\/revisions"}],"wp:featuredmedia":[{"embeddable":true,"href":"https:\/\/www.europesays.com\/de\/wp-json\/wp\/v2\/media\/914360"}],"wp:attachment":[{"href":"https:\/\/www.europesays.com\/de\/wp-json\/wp\/v2\/media?parent=914359"}],"wp:term":[{"taxonomy":"category","embeddable":true,"href":"https:\/\/www.europesays.com\/de\/wp-json\/wp\/v2\/categories?post=914359"},{"taxonomy":"post_tag","embeddable":true,"href":"https:\/\/www.europesays.com\/de\/wp-json\/wp\/v2\/tags?post=914359"}],"curies":[{"name":"wp","href":"https:\/\/api.w.org\/{rel}","templated":true}]}}