{"id":914409,"date":"2026-04-01T23:50:21","date_gmt":"2026-04-01T23:50:21","guid":{"rendered":"https:\/\/www.europesays.com\/de\/914409\/"},"modified":"2026-04-01T23:50:21","modified_gmt":"2026-04-01T23:50:21","slug":"neuer-beethoven-radweg-verbindet-bonn-und-das-siebengebirge","status":"publish","type":"post","link":"https:\/\/www.europesays.com\/de\/914409\/","title":{"rendered":"Neuer Beethoven-Radweg verbindet Bonn und das Siebengebirge"},"content":{"rendered":"<p>Zum Start in die Radsaison 2026 bringt visit Bonn Region ein neues Angebot auf die Strecke: den BeethovenRadweg als Rundroute entlang des Rheins bei Bonn und K\u00f6nigswinter. Die rund 20 Kilometer lange Route folgt dem Rheinverlauf und ist als Rundweg auf beiden Seiten des Rheins befahrbar. Sie verbindet zentrale Orte der Region mit der Geschichte Ludwig van Beethovens \u2013 und schafft einen neuen Anlass, die Region aktiv zu erleben. Der Radweg kn\u00fcpft an den erfolgreichen Beethoven-Wanderweg im Siebengebirge an und \u00fcbertr\u00e4gt das Thema konsequent auf das Fahrrad. Entstanden ist ein niedrigschwelliges Angebot f\u00fcr Tagesg\u00e4ste ebenso wie f\u00fcr Einheimische. <\/p>\n<p>\u201eMenschen kommen nicht wegen eines einzelnen Angebots, sondern weil mehrere Dinge zusammenpassen. Mit dem Beethoven-Radweg schaffen wir einen konkreten Anlass, die Region aktiv zu entdecken \u2013 und verbinden Kultur, Landschaft und Bewegung\u201c, sagt Daniel Letocha, Gesch\u00e4ftsf\u00fchrer der Tourismus &amp; Congress GmbH Region Bonn \/ Rhein-Sieg \/ Ahrweiler (visit Bonn Region). Die Strecke folgt dem Rhein und erschlie\u00dft sowohl links- als auch rechtsrheinische Abschnitte der Region. Sie verbindet landschaftliche Highlights mit kulturellen Bezugspunkten. Darunter sind das BeethovenDenkmal, die Beethovenhalle, die Redoute, der Drachenfels sowie weitere Orte mit Bezug zu Beethoven und zur Geschichte der Region zu nennen. Erg\u00e4nzt wird das Angebot durch zahlreiche Gastronomiebetriebe entlang der Route, die zu Pausen mit regionaler K\u00fcche und Rheinblick einladen. Ein besonderer Vorteil: Der Streckenverlauf ist klar und intuitiv. Da sich die Route am Rhein orientiert, ist keine aufwendige Beschilderung erforderlich. Start- und Zielpunkte k\u00f6nnen flexibel gew\u00e4hlt werden,zus\u00e4tzliche Abstecher zu Sehensw\u00fcrdigkeiten sind jederzeit m\u00f6glich. F\u00fcr die digitale Navigation steht die Route als GPX-Track zum Download bereit. Erg\u00e4nzend sind ein digitaler sowie ein gedruckter Flyer mit allen Informationen und Stationen verf\u00fcgbar. <\/p>\n<p>Mit dem Beethoven-Radweg erweitert visit Bonn Region gezielt das bestehende Angebot um ein weiteres erlebbares Produkt. Ziel ist es, zus\u00e4tzliche Besuchsanl\u00e4sse zu schaffen und die Aufenthaltsdauer in der Region zu erh\u00f6hen. <\/p>\n<p>Weitere Informationen unter: https:\/\/www.visit-bonn-region.de\/tour\/beethoven-radweg <\/p>\n<p>                <a href=\"https:\/\/www.blick-aktuell.de\/Berichte\/Quiz-Wie-gut-kennt-ihr-euch-in-Bonn-aus-653640.html?StoryId=659660\" rel=\"nofollow noopener\" target=\"_blank\">&#13;<br \/>\n                  <img decoding=\"async\" class=\"img-responsive WebStoryLink-Image\" src=\"https:\/\/www.europesays.com\/de\/wp-content\/uploads\/2026\/02\/Quiz-Wie-gut-kennt-ihr-euch-in-Bonn-aus-653640t.jpg\" alt=\"Quiz: Wie gut kennt ihr euch in Bonn aus?\"\/>&#13;<br \/>\n                <\/a><\/p>\n<p>                <a href=\"https:\/\/www.blick-aktuell.de\/Berichte\/Quiz-Wie-gut-kennt-ihr-euch-in-Bonn-und-dem-Rhein-Sieg-Kreis-aus-643202.html?StoryId=659660\" rel=\"nofollow noopener\" target=\"_blank\">&#13;<br \/>\n                  <img decoding=\"async\" class=\"img-responsive WebStoryLink-Image\" src=\"https:\/\/www.europesays.com\/de\/wp-content\/uploads\/2025\/10\/Quiz-Wie-gut-kennt-ihr-euch-in-Bonn-und-dem-Rhein-Sieg-Kreis-aus-643202t.jpg\" alt=\"Quiz: Wie gut kennt ihr euch in Bonn und dem Rhein-Sieg-Kreis aus?\"\/>&#13;<br \/>\n                <\/a><\/p>\n","protected":false},"excerpt":{"rendered":"Zum Start in die Radsaison 2026 bringt visit Bonn Region ein neues Angebot auf die Strecke: den BeethovenRadweg&hellip;\n","protected":false},"author":2,"featured_media":914410,"comment_status":"","ping_status":"","sticky":false,"template":"","format":"standard","meta":{"footnotes":"","_share_on_mastodon":"0"},"categories":[1842],"tags":[17628,1741,200322,200321,3364,29,30,91569,1209,5206],"class_list":["post-914409","post","type-post","status-publish","format-standard","has-post-thumbnail","category-bonn","tag-knigswinter","tag-bonn","tag-congress-gmbh","tag-daniel-letocha","tag-de","tag-deutschland","tag-germany","tag-ludwig-van-beethoven","tag-nordrhein-westfalen","tag-rhein"],"share_on_mastodon":{"url":"https:\/\/pubeurope.com\/@de\/116332140170167361","error":""},"_links":{"self":[{"href":"https:\/\/www.europesays.com\/de\/wp-json\/wp\/v2\/posts\/914409","targetHints":{"allow":["GET"]}}],"collection":[{"href":"https:\/\/www.europesays.com\/de\/wp-json\/wp\/v2\/posts"}],"about":[{"href":"https:\/\/www.europesays.com\/de\/wp-json\/wp\/v2\/types\/post"}],"author":[{"embeddable":true,"href":"https:\/\/www.europesays.com\/de\/wp-json\/wp\/v2\/users\/2"}],"replies":[{"embeddable":true,"href":"https:\/\/www.europesays.com\/de\/wp-json\/wp\/v2\/comments?post=914409"}],"version-history":[{"count":0,"href":"https:\/\/www.europesays.com\/de\/wp-json\/wp\/v2\/posts\/914409\/revisions"}],"wp:featuredmedia":[{"embeddable":true,"href":"https:\/\/www.europesays.com\/de\/wp-json\/wp\/v2\/media\/914410"}],"wp:attachment":[{"href":"https:\/\/www.europesays.com\/de\/wp-json\/wp\/v2\/media?parent=914409"}],"wp:term":[{"taxonomy":"category","embeddable":true,"href":"https:\/\/www.europesays.com\/de\/wp-json\/wp\/v2\/categories?post=914409"},{"taxonomy":"post_tag","embeddable":true,"href":"https:\/\/www.europesays.com\/de\/wp-json\/wp\/v2\/tags?post=914409"}],"curies":[{"name":"wp","href":"https:\/\/api.w.org\/{rel}","templated":true}]}}