{"id":914421,"date":"2026-04-01T23:56:33","date_gmt":"2026-04-01T23:56:33","guid":{"rendered":"https:\/\/www.europesays.com\/de\/914421\/"},"modified":"2026-04-01T23:56:33","modified_gmt":"2026-04-01T23:56:33","slug":"500-zerkratzte-autos-in-hannover-polizei-ermittelt-verdaechtigen","status":"publish","type":"post","link":"https:\/\/www.europesays.com\/de\/914421\/","title":{"rendered":"500 zerkratzte Autos in Hannover: Polizei ermittelt Verd\u00e4chtigen"},"content":{"rendered":"<p>        <img decoding=\"async\" src=\"https:\/\/www.europesays.com\/de\/wp-content\/uploads\/2026\/03\/autokratzer-104.webp.webp\" alt=\"Ein Autofahrer sucht mit einem Schild selbst Zeugen einer Sachbesch\u00e4digung.\" title=\"Ein Autofahrer sucht mit einem Schild selbst Zeugen einer Sachbesch\u00e4digung. | NDR, Wolfgang Kurtz\" class=\"responsive\"\/><\/p>\n<p>\n                Stand: 01.04.2026 10:18 Uhr<\/p>\n<p class=\"preface\">Seit Februar sind in Hannover rund 500 Autos zerkratzt worden. Nun hat die Polizei einen Verd\u00e4chtigen ermittelt. Er soll f\u00fcr einen Teil der Taten verantwortlich sein &#8211; m\u00f6glicherweise gibt es weitere T\u00e4ter.<\/p>\n<p class=\"\">Wie die Polizei am Dienstag mitteilte, steht der 45-j\u00e4hrige Mann im Verdacht, zumindest f\u00fcr <a href=\"https:\/\/www.ndr.de\/nachrichten\/niedersachsen\/hannover_weser-leinegebiet\/autos-zerkratzt-vandalismus-in-hannover-nimmt-immer-groessere-ausmasse-an,autokratzer-110.html\" title=\"Autos zerkratzt: Vandalismus in Hannover nimmt immer gr\u00f6\u00dfere Ausma\u00dfe an\" rel=\"nofollow noopener\" target=\"_blank\">einen Teil der Taten<\/a> verantwortlich zu sein. Beamte h\u00e4tten den Mann in der vergangen Woche indentifiziert, ihn an seinem Wohnsitz aufgesucht und eine sogenannte Gef\u00e4hrderansprache durchgef\u00fchrt, sagte eine Polizeisprecherin dem NDR Niedersachsen. Dabei seien dem Verd\u00e4chtigen die strafrechtlichen Konsequenzen eindringlich verdeutlicht worden. Weitere Angaben zur Person des Verd\u00e4chtigen, auch ob er gestanden hat oder nicht, machte die Polizei nicht. Eine Festnahme des 45-J\u00e4hrigen sei &#8222;aus rechtlichen Gr\u00fcnden&#8220; nicht m\u00f6glich, teilten die Beamten mit. Das Motiv ist unklar.<\/p>\n<p>    M\u00f6glicherweise kein Einzelt\u00e4ter &#8211; gibt es Nachahmer?<\/p>\n<p class=\"\">Nach dem Gespr\u00e4ch mit dem Verd\u00e4chtigen ist die Zahl der F\u00e4lle der Sprecherin zufolge stark zur\u00fcckgegangen, jedoch nicht auf Null &#8211; es gebe weiterhin Anzeigen. Die Polizei schlie\u00dft deshalb nicht aus, dass es weitere bislang unbekannte T\u00e4ter gibt, die unabh\u00e4ngig von dem Verd\u00e4chtigen \u00e4hnliche Taten begangen haben. Konkrete Hinweise auf eventuelle Nachahmer gibt es nach Angaben der Sprecherin aber nicht.<\/p>\n<p>    Seit Februar h\u00e4ufen sich die F\u00e4lle<\/p>\n<p class=\"\">Seit Anfang Februar ermittelt die Polizei Hannover wegen zerkratzter Autos in nahezu allen Stadtteilen. Die hohe Zahl, fehlende Hinweise auf ein Motiv und auch die Wahl ganz unterschiedlicher Automarken erschwerten den Angaben zufolge die Ermittlungen. Zeuginnen und Zeugen werden weiterhin gebeten, sich bei der n\u00e4chstgelegenen Polizeidienststelle zu melden.<\/p>\n<p>        <img decoding=\"async\" src=\"https:\/\/www.europesays.com\/de\/wp-content\/uploads\/2026\/03\/autokratzer-104.webp.webp\" alt=\"Ein Autofahrer sucht mit einem Schild selbst Zeugen einer Sachbesch\u00e4digung.\" title=\"Ein Autofahrer sucht mit einem Schild selbst Zeugen einer Sachbesch\u00e4digung. | NDR, Wolfgang Kurtz\" class=\"responsive\" loading=\"lazy\"\/><\/p>\n<p>Die T\u00e4ter waren in mehr als 40 Stadtteilen unterwegs. Die Polizei gibt Tipps, wie sich Autobesitzer sch\u00fctzen k\u00f6nnen.<\/p>\n<p>        <img decoding=\"async\" src=\"https:\/\/www.europesays.com\/de\/wp-content\/uploads\/2026\/03\/screenshot-143602.webp.webp\" alt=\"H\u00e4nde tasten einen Kratzer in einer Autot\u00fcr.\" title=\"H\u00e4nde tasten einen Kratzer in einer Autot\u00fcr. | Screenshot\" class=\"responsive\" loading=\"lazy\"\/><\/p>\n<p>Mittlerweile geht die Polizei von rund 500 Taten in den vergangenen Wochen aus. Betroffene Autobesitzer sind sauer.<\/p>\n<p>        <img decoding=\"async\" src=\"https:\/\/www.europesays.com\/de\/wp-content\/uploads\/2026\/03\/autokratzer-104.webp.webp\" alt=\"Ein Autofahrer sucht mit einem Schild selbst Zeugen einer Sachbesch\u00e4digung.\" title=\"Ein Autofahrer sucht mit einem Schild selbst Zeugen einer Sachbesch\u00e4digung. | NDR, Wolfgang Kurtz\" class=\"responsive\" loading=\"lazy\"\/><\/p>\n<p>Die Polizei z\u00e4hlt inzwischen rund 500 F\u00e4lle in Stadt und Region. Viele Betroffene melden sich bei Lackiereien.<\/p>\n<p>        Schlagw\u00f6rter zu diesem Artikel<\/p>\n<p>            <a href=\"https:\/\/www.ndr.de\/nachrichten\/niedersachsen\/hannover_weser-leinegebiet\/Hannover-Aktuelle-News-und-Nachrichten,hannover18518.html\" rel=\"nofollow noopener\" target=\"_blank\">Hannover<\/a><\/p>\n","protected":false},"excerpt":{"rendered":"Stand: 01.04.2026 10:18 Uhr Seit Februar sind in Hannover rund 500 Autos zerkratzt worden. Nun hat die Polizei&hellip;\n","protected":false},"author":2,"featured_media":896206,"comment_status":"","ping_status":"","sticky":false,"template":"","format":"standard","meta":{"footnotes":"","_share_on_mastodon":"0"},"categories":[1836],"tags":[4067,3985,3364,29,30,46,1411,121,32113,196924],"class_list":["post-914421","post","type-post","status-publish","format-standard","has-post-thumbnail","category-hannover","tag-ermittlungen","tag-autos","tag-de","tag-deutschland","tag-germany","tag-hannover","tag-niedersachsen","tag-polizei","tag-verdaechtiger","tag-zerkratzt"],"share_on_mastodon":{"url":"https:\/\/pubeurope.com\/@de\/116332160995398251","error":""},"_links":{"self":[{"href":"https:\/\/www.europesays.com\/de\/wp-json\/wp\/v2\/posts\/914421","targetHints":{"allow":["GET"]}}],"collection":[{"href":"https:\/\/www.europesays.com\/de\/wp-json\/wp\/v2\/posts"}],"about":[{"href":"https:\/\/www.europesays.com\/de\/wp-json\/wp\/v2\/types\/post"}],"author":[{"embeddable":true,"href":"https:\/\/www.europesays.com\/de\/wp-json\/wp\/v2\/users\/2"}],"replies":[{"embeddable":true,"href":"https:\/\/www.europesays.com\/de\/wp-json\/wp\/v2\/comments?post=914421"}],"version-history":[{"count":0,"href":"https:\/\/www.europesays.com\/de\/wp-json\/wp\/v2\/posts\/914421\/revisions"}],"wp:featuredmedia":[{"embeddable":true,"href":"https:\/\/www.europesays.com\/de\/wp-json\/wp\/v2\/media\/896206"}],"wp:attachment":[{"href":"https:\/\/www.europesays.com\/de\/wp-json\/wp\/v2\/media?parent=914421"}],"wp:term":[{"taxonomy":"category","embeddable":true,"href":"https:\/\/www.europesays.com\/de\/wp-json\/wp\/v2\/categories?post=914421"},{"taxonomy":"post_tag","embeddable":true,"href":"https:\/\/www.europesays.com\/de\/wp-json\/wp\/v2\/tags?post=914421"}],"curies":[{"name":"wp","href":"https:\/\/api.w.org\/{rel}","templated":true}]}}