{"id":914498,"date":"2026-04-02T00:38:29","date_gmt":"2026-04-02T00:38:29","guid":{"rendered":"https:\/\/www.europesays.com\/de\/914498\/"},"modified":"2026-04-02T00:38:29","modified_gmt":"2026-04-02T00:38:29","slug":"haben-genug-gas-und-sprit","status":"publish","type":"post","link":"https:\/\/www.europesays.com\/de\/914498\/","title":{"rendered":"Haben genug Gas und Sprit"},"content":{"rendered":"<p>Knappheit durch Iran-Krieg <\/p>\n<p>Reiche \u00e4u\u00dfert sich zu Energieversorgung<\/p>\n<p>Aktualisiert am 02.04.2026 &#8211; 00:41 UhrLesedauer: 2 Min.<\/p>\n<p><a href=\"#focus-0\" class=\"transition-colors duration-200 block text-current relative\" data-sctrack=\"FocusGalleryImage.Reference\"><img fetchpriority=\"high\" data-testid=\"Opener.Image\" style=\"--lqipURL:url('https:\/\/images.t-online.de\/2026\/04\/XIMwFwwh52dz\/0x157:3009x1693\/fit-in\/150x0\/filters:blur(25)\/berlin-deutschland-01-042026-bundeskanzleramt-39-kabinettssitzung-bundesministerin-fuer-wirtschaft-und-energie-katherina-reiche-cdu-berlin-germany-01-04-2026-federal-chancellery-39-cabinet-meeting-federal-minister-for-economic-affairs-and-energy-katherina-reiche-cdu-copyright-xdtsxnachrichtenagenturx-dts-114163.jpg')\"   loading=\"eager\" src=\"https:\/\/www.europesays.com\/de\/wp-content\/uploads\/2026\/04\/berlin-deutschland-01-042026-bundeskanzleramt-39-kabinettssitzung-bundesministerin-fuer-wirtschaft-u.jpeg\" alt=\"imago images 0852403495\" title=\"imago images 0852403495\" width=\"3009\" height=\"1693\" class=\"bg-[url:var(--lqipURL)] bg-cover bg-center flex h-full w-full max-w-full\" decoding=\"async\"\/><img style=\"--width:32;--height:32\" loading=\"lazy\" src=\"https:\/\/www.t-online.de\/s\/paper\/_next\/static\/media\/zoom-in.f7dae02f.svg\" alt=\"Vergr\u00f6\u00dfern des Bildes\" title=\"Vergr\u00f6\u00dfern des Bildes\" class=\"block h-[calc(var(--height)_\/_16_*_1rem)] w-[calc(var(--width)_\/_16_*_1rem)] max-w-none absolute bottom-8 right-8 rounded-4 bg-snow p-8\" decoding=\"async\"\/><\/a><\/p>\n<p>Die Bundesministerin f\u00fcr Wirtschaft und Energie Katherina Reiche sieht derzeit keien Kmnappheit bei Treibstoffen und Gas. (Archivbild) (Quelle: IMAGO\/dts Nachrichtenagentur\/imago)<\/p>\n<p class=\"font-bold text-18 leading-17 user-text-lg:text-22 user-text-xl:text-24\">Deutschland hat noch ausreichend Gas und Sprit, sagt Wirtschaftsministerin Reiche. Derzeit wird sogar Diesel exportiert.<\/p>\n<p class=\"text-18 leading-17 user-text-lg:text-22 user-text-xl:text-24\">Bundeswirtschaftsministerin Katherina Reiche hat trotz des Iran-Krieges und damit verbundenen Blockaden von \u00d6ltankern in der Stra\u00dfe von Hormus Entwarnung f\u00fcr die Energieversorgung in Deutschland gegeben.<\/p>\n<p class=\"text-18 leading-17 user-text-lg:text-22 user-text-xl:text-24\">&#8222;Diese Botschaft an die B\u00fcrgerinnen und B\u00fcrger ist mir wichtig: Die Versorgung mit Sprit und Gas ist gesichert&#8220;, sagte die CDU-Politikerin dem Nachrichtenmagazin &#8222;Focus&#8220;. Die Energielieferketten seien breit aufgestellt: &#8222;Unsere Energielieferketten sind diversifiziert. Weniger als acht Prozent des europ\u00e4ischen LNG-Imports kommen aus dem Persischen Golf, beim \u00d6l sind es nur rund f\u00fcnf Prozent.&#8220;<\/p>\n<p class=\"text-18 leading-17 user-text-lg:text-22 user-text-xl:text-24\">Auch bei Kerosin und Diesel gebe es ausreichend verf\u00fcgbare Mengen. Engp\u00e4sse seien daher aktuell nicht zu erwarten. Deutlich angespannter sei die Lage hingegen in anderen Teilen der Welt. &#8222;Ganz anders sieht es allerdings in Asien aus, das ganz bedeutend von der Golfregion abh\u00e4ngt&#8220;, erkl\u00e4rte Reiche.<\/p>\n<p class=\"text-18 leading-17 user-text-lg:text-22 user-text-xl:text-24\">Um die Folgen dort abzufedern, greife auch Deutschland ein. &#8222;Wir geben deswegen gemeinsam mit der internationalen Gemeinschaft behutsam einen Teil unserer Reserven frei, um die Knappheiten im asiatischen Raum und damit auch die internationalen Roh\u00f6lpreise zu d\u00e4mpfen.&#8220;<\/p>\n<p class=\"text-18 leading-17 user-text-lg:text-22 user-text-xl:text-24\">Allerdings exportiert Deutschland offenbar Diesel-Kraftstoff. Wie der Nachrichtensender n-tv berichtet, zeigten Daten des Marktanalysten Argus Media die Ausfuhr von Mitteldestillaten wie Diesel in die niederl\u00e4ndische Region Amsterdam-Rotterdam-Antwerpen. Denn normalerweise ist Deutschland Nettoimporteur von Diesel. Die heimischen Raffinerien produzieren zwar in der Regel mehr Benzin als ben\u00f6tigt und exportieren \u00dcbersch\u00fcsse. Bei Heiz\u00f6l und Diesel reicht die Produktion jedoch nur f\u00fcr etwa zwei Drittel des Bedarfs.<\/p>\n<p class=\"text-18 leading-17 user-text-lg:text-22 user-text-xl:text-24\">Dennoch ist die Versorgungslage in Deutschland bei Diesel aktuell gut, es gibt sogar eher einen \u00dcberschuss. Das liegt daran, so berichtet Hagen Reiners, Experte f\u00fcr den deutschen \u00d6lmarkt bei Argus Media gegen\u00fcber n-tv, dass die Heiz\u00f6lnachfrage nach einem kurzfristigen Anstieg zu Kriegsbeginn &#8222;komplett eingebrochen&#8220; ist. &#8222;Die anhaltend hohen Preise und die Unsicherheit \u00fcber die weitere Entwicklung halten Verbraucher vom Kauf ab&#8220;, so Reiners.<\/p>\n<p class=\"text-18 leading-17 user-text-lg:text-22 user-text-xl:text-24\">Die Tankstellen d\u00fcrfen seit Mittwoch ihre Preise nur noch einmal am Tag erh\u00f6hen \u2013 um 12 Uhr mittags: Nach einer ersten Auswertung des <a class=\"transition-colors duration-200 cursor-pointer text-inherit no-underline text-salemsfur md:hover:text-magenta md:hover:border-magenta md:focus:text-magenta border-current border-b border-solid break-words\" data-tracking=\"{&quot;action&quot;:&quot;click&quot;,&quot;category&quot;:&quot;intextLink&quot;,&quot;label&quot;:&quot;\/themen\/adac\/&quot;}\" href=\"https:\/\/www.t-online.de\/themen\/adac\/\" data-sctrack=\"BodyAnchor\" rel=\"nofollow noopener\" target=\"_blank\">ADAC<\/a> f\u00fchrte die Regelung am ersten Tag zu Preissteigerungen von durchschnittlich fast acht Cent. Benzin kostete nach der Preiserh\u00f6hung im bundesweiten Schnitt 2.175 Euro pro Liter, Diesel notierte bei 2.376 Euro. Im weiteren Tagesverlauf sind nur noch Preissenkungen zul\u00e4ssig.<\/p>\n","protected":false},"excerpt":{"rendered":"Knappheit durch Iran-Krieg Reiche \u00e4u\u00dfert sich zu Energieversorgung Aktualisiert am 02.04.2026 &#8211; 00:41 UhrLesedauer: 2 Min. Die Bundesministerin&hellip;\n","protected":false},"author":2,"featured_media":914499,"comment_status":"","ping_status":"","sticky":false,"template":"","format":"standard","meta":{"footnotes":"","_share_on_mastodon":"0"},"categories":[3],"tags":[1217,1624,1512,31,29,627,53474,1213,13,186871,30427,56748,14,15,61384,12,19294,29839,10,8,9,11,103,104],"class_list":["post-914498","post","type-post","status-publish","format-standard","has-post-thumbnail","category-welt","tag-1217","tag-asien","tag-benzin","tag-cdu","tag-deutschland","tag-energieversorgung","tag-focus","tag-gas","tag-headlines","tag-iran-krieg","tag-katherina-reiche","tag-n-tv","tag-nachrichten","tag-news","tag-persischer-golf","tag-schlagzeilen","tag-sprit","tag-strasse-von-hormus","tag-top-news","tag-top-meldungen","tag-topmeldungen","tag-topnews","tag-welt","tag-world"],"share_on_mastodon":{"url":"https:\/\/pubeurope.com\/@de\/116332325119623494","error":""},"_links":{"self":[{"href":"https:\/\/www.europesays.com\/de\/wp-json\/wp\/v2\/posts\/914498","targetHints":{"allow":["GET"]}}],"collection":[{"href":"https:\/\/www.europesays.com\/de\/wp-json\/wp\/v2\/posts"}],"about":[{"href":"https:\/\/www.europesays.com\/de\/wp-json\/wp\/v2\/types\/post"}],"author":[{"embeddable":true,"href":"https:\/\/www.europesays.com\/de\/wp-json\/wp\/v2\/users\/2"}],"replies":[{"embeddable":true,"href":"https:\/\/www.europesays.com\/de\/wp-json\/wp\/v2\/comments?post=914498"}],"version-history":[{"count":0,"href":"https:\/\/www.europesays.com\/de\/wp-json\/wp\/v2\/posts\/914498\/revisions"}],"wp:featuredmedia":[{"embeddable":true,"href":"https:\/\/www.europesays.com\/de\/wp-json\/wp\/v2\/media\/914499"}],"wp:attachment":[{"href":"https:\/\/www.europesays.com\/de\/wp-json\/wp\/v2\/media?parent=914498"}],"wp:term":[{"taxonomy":"category","embeddable":true,"href":"https:\/\/www.europesays.com\/de\/wp-json\/wp\/v2\/categories?post=914498"},{"taxonomy":"post_tag","embeddable":true,"href":"https:\/\/www.europesays.com\/de\/wp-json\/wp\/v2\/tags?post=914498"}],"curies":[{"name":"wp","href":"https:\/\/api.w.org\/{rel}","templated":true}]}}