{"id":914814,"date":"2026-04-02T03:39:18","date_gmt":"2026-04-02T03:39:18","guid":{"rendered":"https:\/\/www.europesays.com\/de\/914814\/"},"modified":"2026-04-02T03:39:18","modified_gmt":"2026-04-02T03:39:18","slug":"buergerstiftung-fuer-haan-gruiten-feiert-20-jaehriges","status":"publish","type":"post","link":"https:\/\/www.europesays.com\/de\/914814\/","title":{"rendered":"B\u00fcrgerstiftung f\u00fcr Haan &#038; Gruiten feiert 20-J\u00e4hriges"},"content":{"rendered":"<p class=\"text_ohne_einzug richtext text-em-55 !leading-serif mx-6 desktop:mx-0\">  Ein Grund zum Feiern: Die \u201eB\u00fcrgerstiftung f\u00fcr Haan &amp; Gruiten\u201c zelebriert in diesem Jahr ihr 20-j\u00e4hriges Bestehen. Mit vielen Veranstaltungen und Projekten l\u00e4dt die Stiftung alle B\u00fcrgerinnen und B\u00fcrger ein, den Geburtstag gemeinsam zu zelebrieren. \u201eWir m\u00f6chten mit m\u00f6glichst vielen Menschen ins Gespr\u00e4ch kommen und gemeinsam feiern\u201c, schreibt der Vorstand in einer Mitteilung. \u201eDas Jubil\u00e4umsjahr soll verbinden, inspirieren und zeigen, was gemeinschaftliches Engagement bewirken kann.\u201c<\/p>\n","protected":false},"excerpt":{"rendered":"Ein Grund zum Feiern: Die \u201eB\u00fcrgerstiftung f\u00fcr Haan &amp; Gruiten\u201c zelebriert in diesem Jahr ihr 20-j\u00e4hriges Bestehen. Mit&hellip;\n","protected":false},"author":2,"featured_media":914815,"comment_status":"","ping_status":"","sticky":false,"template":"","format":"standard","meta":{"footnotes":"","_share_on_mastodon":"0"},"categories":[1840],"tags":[12612,16211,3364,29,27331,30,23696,1209,8928,4418],"class_list":["post-914814","post","type-post","status-publish","format-standard","has-post-thumbnail","category-wuppertal","tag-buerger","tag-buergerstiftung","tag-de","tag-deutschland","tag-feiert","tag-germany","tag-haan","tag-nordrhein-westfalen","tag-stiftung","tag-wuppertal"],"share_on_mastodon":{"url":"https:\/\/pubeurope.com\/@de\/116333036595184103","error":""},"_links":{"self":[{"href":"https:\/\/www.europesays.com\/de\/wp-json\/wp\/v2\/posts\/914814","targetHints":{"allow":["GET"]}}],"collection":[{"href":"https:\/\/www.europesays.com\/de\/wp-json\/wp\/v2\/posts"}],"about":[{"href":"https:\/\/www.europesays.com\/de\/wp-json\/wp\/v2\/types\/post"}],"author":[{"embeddable":true,"href":"https:\/\/www.europesays.com\/de\/wp-json\/wp\/v2\/users\/2"}],"replies":[{"embeddable":true,"href":"https:\/\/www.europesays.com\/de\/wp-json\/wp\/v2\/comments?post=914814"}],"version-history":[{"count":0,"href":"https:\/\/www.europesays.com\/de\/wp-json\/wp\/v2\/posts\/914814\/revisions"}],"wp:featuredmedia":[{"embeddable":true,"href":"https:\/\/www.europesays.com\/de\/wp-json\/wp\/v2\/media\/914815"}],"wp:attachment":[{"href":"https:\/\/www.europesays.com\/de\/wp-json\/wp\/v2\/media?parent=914814"}],"wp:term":[{"taxonomy":"category","embeddable":true,"href":"https:\/\/www.europesays.com\/de\/wp-json\/wp\/v2\/categories?post=914814"},{"taxonomy":"post_tag","embeddable":true,"href":"https:\/\/www.europesays.com\/de\/wp-json\/wp\/v2\/tags?post=914814"}],"curies":[{"name":"wp","href":"https:\/\/api.w.org\/{rel}","templated":true}]}}