{"id":914837,"date":"2026-04-02T03:52:20","date_gmt":"2026-04-02T03:52:20","guid":{"rendered":"https:\/\/www.europesays.com\/de\/914837\/"},"modified":"2026-04-02T03:52:20","modified_gmt":"2026-04-02T03:52:20","slug":"wetter-in-deutschland-bleibt-wechselhaft-fruehling-uebt-sich-news","status":"publish","type":"post","link":"https:\/\/www.europesays.com\/de\/914837\/","title":{"rendered":"Wetter in Deutschland bleibt wechselhaft: Fr\u00fch(ling) \u00fcbt sich | News"},"content":{"rendered":"<p><a class=\"skip-content skip-content--link\" href=\"#in-content-skip-link-target-v-0-0\">TTS-Player \u00fcberspringen\u21b5<\/a><a id=\"in-content-skip-link-target-v-0-0\" class=\"skip-content--target-link-hidden skip-content skip-content--target-link\" href=\"#in-content-skip-link-target-v-0-0\">Artikel weiterlesen<\/a><\/p>\n<p><b>Nur noch einmal schlafen, dann beginnt das lange Oster-Wochenende! Doch zun\u00e4chst hei\u00dft es Z\u00e4hne zusammenbei\u00dfen: In einigen Teilen Deutschlands soll es Minusgrade geben. Kalte Luftmassen sorgen f\u00fcr wechselhaftes Wetter und unterk\u00fchlte Vorfreude aufs Osterfest. <\/b><\/p>\n<p>Das Wetter am Gr\u00fcndonnerstag \u00e4hnelt dem vom Mittwoch. Laut Deutschem Wetterdienst (DWD) l\u00e4sst uns schwacher Wind aus westlichen Richtungen, an der Nordsee sogar teils frischer und stark b\u00f6iger Nordwestwind, zun\u00e4chst fr\u00f6steln. Vor allem in den Morgenstunden kann es in Saarbr\u00fccken, Berlin und Dresden (jeweils -1 Grad), in Frankfurt (-2 Grad) und in N\u00fcrnberg und M\u00fcnchen (jeweils -3 Grad) k\u00e4lter werden.<\/p>\n<p><img decoding=\"async\" width=\"992\" height=\"646\" alt=\"Der Deutsche Wetterdienst sagt Temperaturen zwischen 9 und 14 Grad f\u00fcr Gr\u00fcndonnerstag voraus\" src=\"https:\/\/www.europesays.com\/de\/wp-content\/uploads\/2026\/04\/dbb91b3a17e85b012b1e4951f25d7515,2e0db107.jpeg\"   class=\"dynamic\" loading=\"lazy\"\/><\/p>\n<p class=\"fig__caption__text\">Der Deutsche Wetterdienst sagt Temperaturen zwischen 9 und 14 Grad f\u00fcr Gr\u00fcndonnerstag voraus<\/p>\n<p>Foto: DWD<\/p>\n<p>Wetter bringt einen Wechsel aus Sonne und Wolken<\/p>\n<p>DWD-Wetterexpertin Julia Schmidt gegen\u00fcber BILD: \u201eAm Alpenrand sind auch <a href=\"https:\/\/www.bild.de\/news\/wetter\/wie-kalt-muss-es-sein-damit-schnee-entsteht-und-liegen-bleibt-691c830215479c9d7f9a0464\" class=\"text-link\" rel=\"nofollow noopener\" target=\"_blank\">Schneeschauer<\/a> m\u00f6glich.\u201c Besser sieht es daf\u00fcr in der Mitte Deutschlands aus: \u201eWahrscheinlich beginnt der Tag eher freundlich. Hier und da gibt es aber noch ein paar Nebelfelder. Dann erwartet uns ein Wechsel von Sonne und <a href=\"https:\/\/www.bild.de\/news\/wetter\/wolkenarten-erkennen-so-sagen-sie-das-wetter-vorher-662f9beddeedab171f7847ab\" class=\"text-link\" rel=\"nofollow noopener\" target=\"_blank\">Wolken<\/a>.\u201c Zumindest bis zum Abend soll es jedoch wenigstens trocken bleiben. <\/p>\n<p><img decoding=\"async\" width=\"992\" height=\"738\" alt=\"Die Karte von wetter.net vor allem in der Mitte Deutschlands wenig Bew\u00f6lkung. Nur in den dunkelgrauen Bereichen hat die\" src=\"https:\/\/www.europesays.com\/de\/wp-content\/uploads\/2026\/04\/96824e8bcef497d3c939725a725b532e,2e26bdc5.jpeg\"   class=\"dynamic\" loading=\"lazy\"\/><\/p>\n<p class=\"fig__caption__text\">Die Karte von wetter.net zeigt f\u00fcr Gr\u00fcndonnerstag Wolken und Sonnenschein \u00fcber Deutschland voraus. Je grauer der Bereich, umso bew\u00f6lkter ist es<\/p>\n<p>Foto: Dominik Jung\/Wetter.net<\/p>\n<p>Dann wird es aber nass. Schmidt: \u201eVon der Nordsee kommt <a href=\"https:\/\/www.bild.de\/news\/wetter\/regen-wie-er-entsteht-und-weitere-infos-zum-wetterphaenomen-660fa057873a8a5d194a417b\" class=\"text-link\" rel=\"nofollow noopener\" target=\"_blank\">Regen<\/a> rein, begleitet von einer Kaltfront.\u201c Die Regenausl\u00e4ufer erreichen dann am Abend Nordrhein-Westfalen, Niedersachsen und Mecklenburg-Vorpommern. In der Nacht zum Freitag gibt&#8217;s dann eine leichte Besserung: \u00dcber der Mitte Deutschlands und im Osten f\u00e4llt nach Angaben der Diplom-Meteorologin aber \u201ebei starker Bew\u00f6lkung noch etwas Regen\u201c. Sonst bleibe es \u201emeist niederschlagsfrei\u201c bei Tiefsttemperaturen von minus 2 bis plus 4 Grad. <\/p>\n<p><img decoding=\"async\" width=\"992\" height=\"661\" alt=\"Die Kirschb\u00e4ume bl\u00fchen \u2013 w\" src=\"https:\/\/www.europesays.com\/de\/wp-content\/uploads\/2026\/04\/85ae699b3dadd6923dd82be7bf454d10,ad25991a.jpeg\"   class=\"dynamic\" loading=\"lazy\"\/><\/p>\n<p class=\"fig__caption__text\">Die Kirschbl\u00fcte zeigt sich von der sch\u00f6nsten Seite (hier an der Orangerie in Kassel). Doch das Wetter ist vielerorts noch nicht sehr fr\u00fchlingshaft<\/p>\n<p>Foto: Swen Pf\u00f6rtner\/dpa<\/p>\n<p>Sogar Schnee m\u00f6glich<\/p>\n<p>Die Voraussage von Diplom-Meteorologe Dominik Jung sieht \u00e4hnlich aus: \u201eIm Nordwesten gibt es ein bisschen Regen. Aber im Vergleich zu den <a href=\"https:\/\/www.bild.de\/news\/wetter\/osterwoche-startet-launisch-der-fruehling-spielt-versteck-mit-uns-69c7b6edcdf7852fb19a007c\" class=\"text-link\" rel=\"nofollow noopener\" target=\"_blank\">unangenehmen Regen- und Graupel-Schauern<\/a>, die es zu Beginn der Woche gab, wird&#8217;s eigentlich ganz nett.\u201c Das Hoch Peter sorge zumindest f\u00fcr eine Wetterberuhigung. Jung gegen\u00fcber BILD: \u201eKalte Luftmassen aus dem Norden oder Osten setzen sich am Gr\u00fcndonnerstag aber nochmals durch und sorgen f\u00fcr deutlich unterk\u00fchlte Temperaturen.\u201c In h\u00f6heren Lagen seien sogar noch Schneef\u00e4lle m\u00f6glich. Meteorologe Dr. Karsten Brandt spricht von einem \u201elaunischen April-Wetter\u201c. Er bef\u00fcrchtet am Karfreitag und Ostersamstag sogar st\u00fcrmische Zeiten f\u00fcr Deutschland.<\/p>\n<p><a class=\"article-image__anchor\" href=\"https:\/\/www.bild.de\/news\/aktuelles\/wetter\/wetter-alle-infos-78213998.bild.html\" target=\"false\" rel=\"false nofollow noopener\"><img decoding=\"async\" width=\"992\" height=\"200\" alt=\"\" src=\"https:\/\/www.europesays.com\/de\/wp-content\/uploads\/2026\/04\/4f3c66d001c95dcb4f58e2b353b45e64,82ed5fe9.jpeg\"   class=\"dynamic\" loading=\"lazy\"\/><\/a><\/p>\n<p>Foto: BILD<\/p>\n<p>Da macht der Blick auf die Woche nach <a href=\"https:\/\/www.bild.de\/news\/wetter\/ostern-droht-achterbahn-wetter-erst-wuetet-der-sturm-dann-fliegt-die-waerme-ein-69ca3caed1c4a8540bcb78d3\" class=\"text-link\" rel=\"nofollow noopener\" target=\"_blank\">Ostern<\/a> schon mehr Laune: Vor allem im S\u00fcdwesten, sp\u00e4ter auch im Osten Deutschlands, k\u00f6nnte es laut Jung dann sogar H\u00f6chstwerte zwischen 25 und 27 Grad geben. Jung: \u201eDas w\u00e4ren f\u00fcr April Temperaturen, die eher an Fr\u00fchsommer erinnern als an klassischen Fr\u00fchling.\u201c Und sein Kollege Brandt k\u00fcndigte gegen\u00fcber BILD an, dass sich <a href=\"https:\/\/www.bild.de\/news\/wetter\/wetterexperten-optimistisch-ostersonntag-koennen-sie-draussen-eier-verstecken-69cb81c85d64d6420617fb1e\" class=\"text-link\" rel=\"nofollow noopener\" target=\"_blank\">schon an Ostern ein Hoch \u00fcber Deutschland<\/a> legen k\u00f6nnte.<\/p>\n<p>Wieder Pollen-Alarm<\/p>\n<p>Auch wenn sich das Wetter heute in <a href=\"https:\/\/www.bild.de\/themen\/orte\/deutschland\/nachrichten-news-fotos-videos-17266634.bild.html\" class=\"text-link\" rel=\"nofollow noopener\" target=\"_blank\">Deutschland<\/a> noch wenig fr\u00fchlingshaft zeigt, d\u00fcrften bei Allergikern erneut die Nasen laufen. Denn der Pollenflug der Birke ist laut DWD wieder besonders hoch. Also Taschent\u00fccher bereithalten!<\/p>\n<p><b>EXPERTEN IN DIESEM TEXT<\/b><\/p>\n<p><b>Julia Schmidt<\/b> ist Diplom-Meteorologin und arbeitet beim Deutschen Wetterdienst (DWD) in Hamburg. Sie ist Wetter-Expertin vor allem f\u00fcr den norddeutschen Raum.<\/p>\n<p><b>Dominik Jung<\/b> hat an der Johannes Gutenberg-Universit\u00e4t Mainz Meteorologie studiert. Der Diplom-Meteorologe ist Gesch\u00e4ftsf\u00fchrer des Wetterdienstes Q.met, der auch das Wetterportal wetter.net betreibt. <\/p>\n<p><b>Dr. Karsten Brandt<\/b> promovierte an der Universit\u00e4t Duisburg-Essen im Bereich der Klimatologie zum Doktor der Naturwissenschaften (Dr. rer. nat.). Er ist Gr\u00fcnder und Gesch\u00e4ftsf\u00fchrer des Portals Donnerwetter.de.<\/p>\n","protected":false},"excerpt":{"rendered":"TTS-Player \u00fcberspringen\u21b5Artikel weiterlesen Nur noch einmal schlafen, dann beginnt das lange Oster-Wochenende! Doch zun\u00e4chst hei\u00dft es Z\u00e4hne zusammenbei\u00dfen:&hellip;\n","protected":false},"author":2,"featured_media":914838,"comment_status":"","ping_status":"","sticky":false,"template":"","format":"standard","meta":{"footnotes":"","_share_on_mastodon":"0"},"categories":[2],"tags":[331,3924,332,3922,2175,3364,29,5863,2008,30,2456,13,90937,37269,17362,14,3923,15,3921,2454,10328,12,185455,14814,16652,1973,2257,2255],"class_list":["post-914837","post","type-post","status-publish","format-standard","has-post-thumbnail","category-deutschland","tag-aktuelle-nachrichten","tag-aktuelle-nachrichten-aus-deutschland","tag-aktuelle-news","tag-aktuelle-news-aus-deutschland","tag-april","tag-de","tag-deutschland","tag-experten","tag-fruehling","tag-germany","tag-gruendonnerstag","tag-headlines","tag-kalt","tag-kaeltewelle","tag-meteorologie","tag-nachrichten","tag-nachrichten-aus-deutschland","tag-news","tag-news-aus-deutschland","tag-ostern","tag-regen","tag-schlagzeilen","tag-seo-first","tag-sonnenschein","tag-stanger-ralph","tag-wetter","tag-wetterlage","tag-wettervorhersage"],"share_on_mastodon":{"url":"https:\/\/pubeurope.com\/@de\/116333087997464623","error":""},"_links":{"self":[{"href":"https:\/\/www.europesays.com\/de\/wp-json\/wp\/v2\/posts\/914837","targetHints":{"allow":["GET"]}}],"collection":[{"href":"https:\/\/www.europesays.com\/de\/wp-json\/wp\/v2\/posts"}],"about":[{"href":"https:\/\/www.europesays.com\/de\/wp-json\/wp\/v2\/types\/post"}],"author":[{"embeddable":true,"href":"https:\/\/www.europesays.com\/de\/wp-json\/wp\/v2\/users\/2"}],"replies":[{"embeddable":true,"href":"https:\/\/www.europesays.com\/de\/wp-json\/wp\/v2\/comments?post=914837"}],"version-history":[{"count":0,"href":"https:\/\/www.europesays.com\/de\/wp-json\/wp\/v2\/posts\/914837\/revisions"}],"wp:featuredmedia":[{"embeddable":true,"href":"https:\/\/www.europesays.com\/de\/wp-json\/wp\/v2\/media\/914838"}],"wp:attachment":[{"href":"https:\/\/www.europesays.com\/de\/wp-json\/wp\/v2\/media?parent=914837"}],"wp:term":[{"taxonomy":"category","embeddable":true,"href":"https:\/\/www.europesays.com\/de\/wp-json\/wp\/v2\/categories?post=914837"},{"taxonomy":"post_tag","embeddable":true,"href":"https:\/\/www.europesays.com\/de\/wp-json\/wp\/v2\/tags?post=914837"}],"curies":[{"name":"wp","href":"https:\/\/api.w.org\/{rel}","templated":true}]}}