{"id":915088,"date":"2026-04-02T06:16:15","date_gmt":"2026-04-02T06:16:15","guid":{"rendered":"https:\/\/www.europesays.com\/de\/915088\/"},"modified":"2026-04-02T06:16:15","modified_gmt":"2026-04-02T06:16:15","slug":"oeffnungszeiten-und-regeln-an-den-feiertagen","status":"publish","type":"post","link":"https:\/\/www.europesays.com\/de\/915088\/","title":{"rendered":"\u00d6ffnungszeiten und Regeln an den Feiertagen"},"content":{"rendered":"<p class=\"mb-6 text-xs md:text-m lg:text-l font-serif group-[.font-sans]:font-sans \">\n    Wer rund um Ostern spontan noch einkaufen will, sollte in <a href=\"https:\/\/www.ka-news.de\/promis\/karlsruhe-kulturlandschaft-technologieregion-und-residenz-des-rechts-die-faecherstadt-im-ueberblick-art-2783253\" target=\"_self\" class=\"underline \" rel=\"nofollow noopener\">Karlsruhe<\/a> besser vorher planen: An den Feiertagen gelten in Baden-W\u00fcrttemberg strenge Regeln zur Laden\u00f6ffnung.\n  <\/p>\n<p>            Gr\u00fcndonnerstag und Karsamstag: Normal einkaufen m\u00f6glich<\/p>\n<p class=\"mb-6 text-xs md:text-m lg:text-l font-serif group-[.font-sans]:font-sans \">\n    Am\u00a0<strong class=\"font-bold\">Gr\u00fcndonnerstag, 2. April, <\/strong>und\u00a0<strong class=\"font-bold\">Karsamstag, 4.<\/strong>\u00a0<strong class=\"font-bold\">April<\/strong>, ist in der Regel <strong class=\"font-bold\">alles wie gewohnt<\/strong>: Superm\u00e4rkte, B\u00e4ckereien und Drogerien d\u00fcrfen \u00f6ffnen. Viele Gesch\u00e4fte nutzen den Tag vor den Feiertagen f\u00fcr l\u00e4ngere \u00d6ffnungszeiten \u2013 gerade am Samstag kann es aber voll werden.\n  <\/p>\n<p>            Feiertags-Regeln an Karfreitag, Ostersonntag und Ostermontag<\/p>\n<p class=\"mb-6 text-xs md:text-m lg:text-l font-serif group-[.font-sans]:font-sans \">\n    Der\u00a0<strong class=\"font-bold\">Karfreitag<\/strong>\u00a0ist ein gesetzlicher <strong class=\"font-bold\"><a href=\"https:\/\/www.augsburger-allgemeine.de\/panorama\/feiertage\" target=\"_self\" class=\"underline \" rel=\"nofollow noopener\">Feiertag<\/a>.<\/strong> In <a href=\"https:\/\/www.ka-news.de\/karlsruhe\" target=\"_self\" class=\"underline \" rel=\"nofollow noopener\">Karlsruhe<\/a> bleiben deshalb\u00a0<strong class=\"font-bold\">Superm\u00e4rkte und die meisten B\u00e4ckereien geschlossen<\/strong>. Denn: Am Ostersonntag gilt die Drei-Stunden-Ausnahme f\u00fcr Backwaren nicht. Der Paragraph neun Absatz zwei des Laden\u00f6ffnungsgesetzes schlie\u00dft die \u00d6ffnung am Ostersonntag ausdr\u00fccklich aus.\u00a0\n  <\/p>\n<p>    <img decoding=\"async\" src=\"https:\/\/images.mgpd.de\/img\/109717735\/crop\/c16_9-w100\/686841555\/1925305890\/belegte-backwaren-liegen-in-der-auslage-in-einer-baeckerei.jpg\" alt=\"Belegte Br\u00f6tchen in einer B\u00e4ckerei-Theke. (Symbolbild)\" title=\"Belegte Br\u00f6tchen in einer B\u00e4ckerei-Theke. (Symbolbild)\" loading=\"lazy\" class=\"h-full w-full object-cover\"\/><\/p>\n<p>      Icon vergr\u00f6\u00dfern<\/p>\n<p>    Belegte Br\u00f6tchen in einer B\u00e4ckerei-Theke. (Symbolbild)<br \/>\n    Foto: Marcus Brandt\/dpa\/dpa-tmn<\/p>\n<p>        Schlie\u00dfen <\/p>\n<p>      Icon Schlie\u00dfen<\/p>\n<p>        Icon vergr\u00f6\u00dfern<\/p>\n<p>        Icon verkleinern<\/p>\n<p>      Icon Pfeil bewegen<\/p>\n<p>    Belegte Br\u00f6tchen in einer B\u00e4ckerei-Theke. (Symbolbild)<br \/>\n    Foto: Marcus Brandt\/dpa\/dpa-tmn<\/p>\n<p class=\"mb-6 text-xs md:text-m lg:text-l font-serif group-[.font-sans]:font-sans \">\n    Ausnahmen gelten unter anderem f\u00fcr Apotheken, Tankstellen und an Bahnh\u00f6fen oder Flugh\u00e4fen. Auch am\u00a0<strong class=\"font-bold\">Ostersonntag<\/strong>\u00a0gilt:\u00a0<strong class=\"font-bold\">Der<\/strong> <strong class=\"font-bold\">Einzelhandel bleibt grunds\u00e4tzlich zu.<\/strong>\u00a0Wer dringend etwas braucht, muss auf Tankstellen ausweichen. Am\u00a0<strong class=\"font-bold\">Ostermontag<\/strong>\u00a0bleibt der Einzelhandel ebenfalls geschlossen. Erst ab Dienstag l\u00e4uft alles wieder regul\u00e4r an.\n  <\/p>\n<p>            Karfreitag: Tanzen ist verboten<\/p>\n<p class=\"mb-6 text-xs md:text-m lg:text-l font-serif group-[.font-sans]:font-sans \">\n    Nach dem\u00a0<strong class=\"font-bold\">Feiertagsgesetz Baden\u2011W\u00fcrttemberg (FTG)<\/strong>\u00a0gilt am\u00a0<strong class=\"font-bold\">Karfreitag<\/strong>\u00a0ein\u00a0<strong class=\"font-bold\">landesweites Tanzverbot<\/strong>. Hintergrund ist, dass der Karfreitag im christlichen Kalender als\u00a0<strong class=\"font-bold\">stiller Trauer- und Gedenktag<\/strong>\u00a0z\u00e4hlt.\n  <\/p>\n<p>    <img decoding=\"async\" src=\"https:\/\/www.europesays.com\/de\/wp-content\/uploads\/2026\/04\/demo-gegen-tanzverbot-an-stillen-tagen.jpg\" alt=\"Demo gegen Tanzverbot an Stillen Tagen.\" title=\"Demo gegen Tanzverbot an Stillen Tagen.\" loading=\"lazy\" class=\"h-full w-full object-cover\"\/><\/p>\n<p>      Icon vergr\u00f6\u00dfern<\/p>\n<p>    Demo gegen Tanzverbot an Stillen Tagen.<br \/>\n    Foto: Felix H\u00f6rhager\/dpa<\/p>\n<p>        Schlie\u00dfen <\/p>\n<p>      Icon Schlie\u00dfen<\/p>\n<p>        Icon vergr\u00f6\u00dfern<\/p>\n<p>        Icon verkleinern<\/p>\n<p>      Icon Pfeil bewegen<\/p>\n<p>    Demo gegen Tanzverbot an Stillen Tagen.<br \/>\n    Foto: Felix H\u00f6rhager\/dpa<\/p>\n<p class=\"mb-6 text-xs md:text-m lg:text-l font-serif group-[.font-sans]:font-sans \">\n    In Baden-W\u00fcrttemberg erstreckt sich das Tanzverbot\u00a0<strong class=\"font-bold\">von Gr\u00fcndonnerstag (ab 18 Uhr) bis Karsamstag (bis 20 Uhr)<\/strong>.\u00a0<strong class=\"font-bold\">Gastronomiebetriebe<\/strong>\u00a0wie Bars und Restaurants d\u00fcrfen grunds\u00e4tzlich ge\u00f6ffnet haben, solange es um\u00a0<strong class=\"font-bold\">normale Bewirtung<\/strong>\u00a0geht \u2013 eine ausgepr\u00e4gte\u00a0<strong class=\"font-bold\">Party- oder Veranstaltungsatmosph\u00e4re<\/strong>\u00a0sollte dabei aber ausbleiben.\n  <\/p>\n<p class=\"mb-6 text-xs md:text-m lg:text-l font-serif group-[.font-sans]:font-sans \">\n    Ob ein Betrieb an den Feiertagen tats\u00e4chlich \u00f6ffnet, liegt im Ermessen der Betreiber. Wer am langen Osterwochenende\u00a0<strong class=\"font-bold\">tanzen<\/strong>\u00a0m\u00f6chte, kann\u00a0von<strong class=\"font-bold\"> Samstagabend, 4. April, auf Sonntag, 5. April,<\/strong>\u00a0wieder in Clubs feiern gehen.\n  <\/p>\n<ul data-module-id=\"DragDropModule\" class=\"flex flex-wrap justify-start group-[.no-bookmarks]:hidden\">\n<li class=\"mb-3 mr-3\">\n    Franziska Gebhard<\/p>\n<p>      Icon Haken im Kreis gesetzt<\/p>\n<p>      Icon Plus im Kreis<\/p>\n<\/li>\n<li class=\"mb-3 mr-3\">\n    Ostern<\/p>\n<p>      Icon Haken im Kreis gesetzt<\/p>\n<p>      Icon Plus im Kreis<\/p>\n<\/li>\n<li class=\"mb-3 mr-3\">\n    Karlsruhe<\/p>\n<p>      Icon Haken im Kreis gesetzt<\/p>\n<p>      Icon Plus im Kreis<\/p>\n<\/li>\n<\/ul>\n","protected":false},"excerpt":{"rendered":"Wer rund um Ostern spontan noch einkaufen will, sollte in Karlsruhe besser vorher planen: An den Feiertagen gelten&hellip;\n","protected":false},"author":2,"featured_media":915089,"comment_status":"","ping_status":"","sticky":false,"template":"","format":"standard","meta":{"footnotes":"","_share_on_mastodon":"0"},"categories":[1844],"tags":[1634,3364,29,2415,30,2456,643,8903,15031,5224,2454,15439,5588],"class_list":["post-915088","post","type-post","status-publish","format-standard","has-post-thumbnail","category-karlsruhe","tag-baden-wuerttemberg","tag-de","tag-deutschland","tag-feiertag","tag-germany","tag-gruendonnerstag","tag-karfreitag","tag-karlsruhe","tag-karsamstag","tag-ostermontag","tag-ostern","tag-tanzverbot","tag-wuerttemberg"],"share_on_mastodon":{"url":"https:\/\/pubeurope.com\/@de\/116333654458802038","error":""},"_links":{"self":[{"href":"https:\/\/www.europesays.com\/de\/wp-json\/wp\/v2\/posts\/915088","targetHints":{"allow":["GET"]}}],"collection":[{"href":"https:\/\/www.europesays.com\/de\/wp-json\/wp\/v2\/posts"}],"about":[{"href":"https:\/\/www.europesays.com\/de\/wp-json\/wp\/v2\/types\/post"}],"author":[{"embeddable":true,"href":"https:\/\/www.europesays.com\/de\/wp-json\/wp\/v2\/users\/2"}],"replies":[{"embeddable":true,"href":"https:\/\/www.europesays.com\/de\/wp-json\/wp\/v2\/comments?post=915088"}],"version-history":[{"count":0,"href":"https:\/\/www.europesays.com\/de\/wp-json\/wp\/v2\/posts\/915088\/revisions"}],"wp:featuredmedia":[{"embeddable":true,"href":"https:\/\/www.europesays.com\/de\/wp-json\/wp\/v2\/media\/915089"}],"wp:attachment":[{"href":"https:\/\/www.europesays.com\/de\/wp-json\/wp\/v2\/media?parent=915088"}],"wp:term":[{"taxonomy":"category","embeddable":true,"href":"https:\/\/www.europesays.com\/de\/wp-json\/wp\/v2\/categories?post=915088"},{"taxonomy":"post_tag","embeddable":true,"href":"https:\/\/www.europesays.com\/de\/wp-json\/wp\/v2\/tags?post=915088"}],"curies":[{"name":"wp","href":"https:\/\/api.w.org\/{rel}","templated":true}]}}