{"id":915130,"date":"2026-04-02T06:43:25","date_gmt":"2026-04-02T06:43:25","guid":{"rendered":"https:\/\/www.europesays.com\/de\/915130\/"},"modified":"2026-04-02T06:43:25","modified_gmt":"2026-04-02T06:43:25","slug":"aha-vergibt-foej-plaetze-in-der-umweltkommunikation","status":"publish","type":"post","link":"https:\/\/www.europesays.com\/de\/915130\/","title":{"rendered":"aha vergibt F\u00d6J-Pl\u00e4tze in der Umweltkommunikation"},"content":{"rendered":"<p>&#13;<br \/>\n\t\t&#13;<br \/>\n\t\t\t\t\t&#13;<\/p>\n<p>\t\t\t\t\t&#13;<br \/>\n\t\t\t\t\t<img loading=\"lazy\" width=\"200\" height=\"200\" src=\"https:\/\/www.europesays.com\/de\/wp-content\/uploads\/2025\/08\/aha.jpg\" class=\"attachment-full size-full wp-post-image\" alt=\"Karrierestart Abfallwirtschaft: aha vergibt F\u00d6J-Pl\u00e4tze in der Umweltkommunikation\" decoding=\"async\"  \/><\/p>\n<p>aha bietet ab August 2026 wieder F\u00d6J-Stellen an &#8211; Logo: aha<\/p>\n<p>\t\t\t\t\t\t&#13;<\/p>\n<p>\t\t\t\t&#13;<\/p>\n<p>\t\t\tAnzeige<br \/><a href=\"https:\/\/www.daniela-busche.de\" target=\"_blank\" rel=\"nofollow noopener\"><img decoding=\"async\" src=\"https:\/\/www.europesays.com\/de\/wp-content\/uploads\/2025\/07\/DB_SehndeNews_Anzeige_022.gif\" alt=\"Werben Sie bei Sehnde-News\"\/><\/a><\/p>\n<p>Die Abfallwirtschaft Region Hannover (aha) bietet jungen Menschen die Chance, Theorie und Praxis des Umweltschutzes zu verbinden: Ab August 2026 sind wieder Stellen im Freiwilligen \u00d6kologischen Jahr (F\u00d6J) in der Unternehmenskommunikation zu besetzen. Der Fokus liegt dabei auf der Umweltp\u00e4dagogik und der aktiven Mitgestaltung der Stadtsauberkeit in der Region Hannover.<\/p>\n<p>Zwischen Digital Content und Deponief\u00fchrung<\/p>\n<p>Das F\u00d6J bei aha zeichnet sich durch eine hohe Aufgabenvielfalt aus. In der Zentrale in der Karl-Wiechert-Allee unterst\u00fctzen die Freiwilligen die Presse- und \u00d6ffentlichkeitsarbeit sowie das Kampagnenmanagement.<\/p>\n<p>\u201eWir bieten jungen Menschen die M\u00f6glichkeit, ihren Schwerpunkt selbst zu w\u00e4hlen \u2013 ob sie nun kreativen Content f\u00fcr unsere Social-Media-Kan\u00e4le wie @hannoversauber gestalten oder Schulklassen durch unsere mechanisch-biologische Restabfallbehandlungsanlage (MBA) f\u00fchren m\u00f6chten\u201c, erkl\u00e4rt die Mentorenschaft bei aha. Zur kreativen Arbeit steht den Freiwilligen unter anderem ein Zeichentablet zur Verf\u00fcgung, um umweltbildende Ma\u00dfnahmen grafisch umzusetzen.<\/p>\n<p>Wissen vermitteln f\u00fcr eine saubere Zukunft<\/p>\n<p>Ein zentraler Bestandteil des Jahres ist die Umweltbildung im Sinne der Bildung f\u00fcr nachhaltige Entwicklung (BNE). Die Freiwilligen begleiten Workshops, beraten Einwohner telefonisch zu Abfallthemen und wirken an Projekten zur Abfallvermeidung mit. Dabei sind sie regelm\u00e4\u00dfig im direkten Kontakt mit der \u00d6ffentlichkeit und sammeln wertvolle Erfahrungen f\u00fcr ihre sp\u00e4tere Laufbahn in p\u00e4dagogischen, \u00f6kologischen oder kommunikativen Berufen.<\/p>\n<p>Struktur und Rahmenbedingungen<\/p>\n<p>Das F\u00d6J bei aha richtet sich an junge Menschen zwischen 15 und 27 Jahren. Neben der praktischen Arbeit mit maximal 50 Prozent Routineaufgaben in der Verwaltung nehmen die Teilnehmer an f\u00fcnf landesweiten Seminarwochen teil, um sich mit anderen Freiwilligen zu vernetzen und \u00f6kologische Themen zu vertiefen.<\/p>\n<p>Der Einsatzort ist in Hannover-Gro\u00df-Buchholz an der Karl-Wiechert-Allee 60 C. Beginn der Arbeit ist ab August 2026. Anforderungen f\u00fcr die Bewerber sind Interesse an Umweltthemen, Kommunikation und dem Umgang mit Menschen.<\/p>\n<p>Mehr \u00fcber das F\u00d6J bei der\u00a0Abfallwirtschaft Region Hannover <a href=\"https:\/\/www.aha-region.de\/kompostguide\" target=\"_blank\" rel=\"noreferrer noopener nofollow\">gibt\u2019s im Internet<\/a>.<\/p>\n<p>Anzeige<br \/><a href=\"https:\/\/www.schinze-gerber.de\/\" target=\"_blank\" rel=\"nofollow noopener\"><img decoding=\"async\" src=\"https:\/\/www.europesays.com\/de\/wp-content\/uploads\/2025\/11\/Sehnde-News-768x200px.gif\" alt=\"Werben Sie bei Sehnde-News\"\/><\/a><\/p>\n<p>Anzeige<br \/><a href=\"https:\/\/f\u00f6rderverein-ffsehnde.de\/mitglied-werden.html\" target=\"_blank\" rel=\"nofollow noopener\"><img decoding=\"async\" src=\"https:\/\/www.europesays.com\/de\/wp-content\/uploads\/2025\/11\/WerbungFV-V03.gif\" alt=\"F\u00f6rderverein\"\/><\/a><br \/>\n\t\t&#13;<br \/>\n\t\t\t\t\t\t&#13;<\/p>\n","protected":false},"excerpt":{"rendered":"&#13; &#13; &#13; &#13; aha bietet ab August 2026 wieder F\u00d6J-Stellen an &#8211; Logo: aha &#13; &#13; Anzeige&hellip;\n","protected":false},"author":2,"featured_media":325410,"comment_status":"","ping_status":"","sticky":false,"template":"","format":"standard","meta":{"footnotes":"","_share_on_mastodon":"0"},"categories":[1836],"tags":[4223,3364,29,30,46,1411,7305],"class_list":["post-915130","post","type-post","status-publish","format-standard","has-post-thumbnail","category-hannover","tag-aha","tag-de","tag-deutschland","tag-germany","tag-hannover","tag-niedersachsen","tag-region-hannover"],"share_on_mastodon":{"url":"https:\/\/pubeurope.com\/@de\/116333760474976678","error":""},"_links":{"self":[{"href":"https:\/\/www.europesays.com\/de\/wp-json\/wp\/v2\/posts\/915130","targetHints":{"allow":["GET"]}}],"collection":[{"href":"https:\/\/www.europesays.com\/de\/wp-json\/wp\/v2\/posts"}],"about":[{"href":"https:\/\/www.europesays.com\/de\/wp-json\/wp\/v2\/types\/post"}],"author":[{"embeddable":true,"href":"https:\/\/www.europesays.com\/de\/wp-json\/wp\/v2\/users\/2"}],"replies":[{"embeddable":true,"href":"https:\/\/www.europesays.com\/de\/wp-json\/wp\/v2\/comments?post=915130"}],"version-history":[{"count":0,"href":"https:\/\/www.europesays.com\/de\/wp-json\/wp\/v2\/posts\/915130\/revisions"}],"wp:featuredmedia":[{"embeddable":true,"href":"https:\/\/www.europesays.com\/de\/wp-json\/wp\/v2\/media\/325410"}],"wp:attachment":[{"href":"https:\/\/www.europesays.com\/de\/wp-json\/wp\/v2\/media?parent=915130"}],"wp:term":[{"taxonomy":"category","embeddable":true,"href":"https:\/\/www.europesays.com\/de\/wp-json\/wp\/v2\/categories?post=915130"},{"taxonomy":"post_tag","embeddable":true,"href":"https:\/\/www.europesays.com\/de\/wp-json\/wp\/v2\/tags?post=915130"}],"curies":[{"name":"wp","href":"https:\/\/api.w.org\/{rel}","templated":true}]}}