{"id":915160,"date":"2026-04-02T07:01:16","date_gmt":"2026-04-02T07:01:16","guid":{"rendered":"https:\/\/www.europesays.com\/de\/915160\/"},"modified":"2026-04-02T07:01:16","modified_gmt":"2026-04-02T07:01:16","slug":"wetter-zu-ostern-mit-mehr-als-20-grad","status":"publish","type":"post","link":"https:\/\/www.europesays.com\/de\/915160\/","title":{"rendered":"Wetter zu Ostern mit mehr als 20 Grad"},"content":{"rendered":"<p>Wetter in Hessen <\/p>\n<p>Umschwung zu Ostern: Temperaturen klettern \u00fcber 20 Grad<\/p>\n<p>02.04.2026 &#8211; 08:28 UhrLesedauer: 2 Min.<\/p>\n<p><a href=\"#focus-0\" class=\"transition-colors duration-200 block text-current relative\" data-sctrack=\"FocusGalleryImage.Reference\"><img fetchpriority=\"high\" data-testid=\"Opener.Image\" style=\"--lqipURL:url('https:\/\/images.t-online.de\/2025\/04\/L7kySHD-n2Vs\/0x107:2048x1152\/fit-in\/150x0\/filters:blur(25)\/fruehling-in-frankfurt-am-main-wetterlando-hass-dpazahlreiche-spaziergaenger-geniessen-das-meist-sonnige-fruehlingswetter-am-main-mit-blick-auf-die-skyline-der-stadt-zu-dpa-fruehlingswetter-in-hessen.jpg')\"   loading=\"eager\" src=\"https:\/\/www.europesays.com\/de\/wp-content\/uploads\/2026\/04\/fruehling-in-frankfurt-am-main-wetterlando-hass-dpazahlreiche-spaziergaenger-geniessen-das-meist-son.jpeg\" alt=\"urn:newsml:dpa.com:20090101:250401-935-516823\" title=\"urn:newsml:dpa.com:20090101:250401-935-516823\" width=\"2048\" height=\"1152\" class=\"bg-[url:var(--lqipURL)] bg-cover bg-center flex h-full w-full max-w-full\" decoding=\"async\"\/><img style=\"--width:32;--height:32\" loading=\"lazy\" src=\"https:\/\/frankfurt.t-online.de\/s\/paper\/_next\/static\/media\/zoom-in.f7dae02f.svg\" alt=\"Vergr\u00f6\u00dfern des Bildes\" title=\"Vergr\u00f6\u00dfern des Bildes\" class=\"block h-[calc(var(--height)_\/_16_*_1rem)] w-[calc(var(--width)_\/_16_*_1rem)] max-w-none absolute bottom-8 right-8 rounded-4 bg-snow p-8\" decoding=\"async\"\/><\/a><\/p>\n<p>Fr\u00fchling in Frankfurt am Main (Archivbild): Zum Osterwochenende sollen die Temperaturen deutlich ansteigen. (Quelle: Lando Hass\/dpa)<\/p>\n<p class=\"font-bold text-18 leading-17 user-text-lg:text-22 user-text-xl:text-24\">Zum Osterwochenende wird es in Hessen deutlich milder \u2013 teilweise sind sogar mehr als 20 Grad drin. Ganz stabil bleibt das Wetter aber nicht.<\/p>\n<p class=\"text-18 leading-17 user-text-lg:text-22 user-text-xl:text-24\">P\u00fcnktlich zu Ostern legt der Fr\u00fchling in Hessen sp\u00fcrbar zu. Die Temperaturen steigen deutlich an, \u00f6rtlich sind sogar mehr als 20 Grad m\u00f6glich, wie der Deutsche Wetterdienst (DWD) in Offenbach mitteilte.<\/p>\n<p class=\"text-18 leading-17 user-text-lg:text-22 user-text-xl:text-24\">Zun\u00e4chst zeigt sich das Wetter noch von seiner k\u00fchleren Seite. Am Donnerstag ist es zwar h\u00e4ufig sonnig, doch am Nachmittag ziehen von Nordwesten Wolken auf, am Abend kann es vereinzelt regnen. Die Temperaturen erreichen 13 bis 16 Grad, in h\u00f6heren Lagen bleibt es deutlich k\u00fchler.<\/p>\n<p class=\"text-18 leading-17 user-text-lg:text-22 user-text-xl:text-24\">In der Nacht zum Karfreitag bleibt es wechselhaft mit einzelnen Schauern. \u00d6rtlich kann sich Nebel bilden, in h\u00f6heren Lagen ist sogar leichter Frost bei Temperaturen bis minus ein Grad m\u00f6glich. Auch am Karfreitag dominiert zun\u00e4chst dichte Bew\u00f6lkung, sp\u00e4ter lockert es etwas auf. Die H\u00f6chstwerte liegen dann nur noch bei 11 bis 15 Grad.<\/p>\n<p class=\"text-18 leading-17 user-text-lg:text-22 user-text-xl:text-24\">Am Samstag soll sich langsam mildere Luft durchsetzen. Zwar ist es zun\u00e4chst noch stark bew\u00f6lkt und vereinzelt f\u00e4llt Regen, doch im Tagesverlauf lockert es zunehmend auf. Die Temperaturen steigen auf 14 bis 18 Grad, dazu wird es zeitweise windig.<\/p>\n<p class=\"text-18 leading-17 user-text-lg:text-22 user-text-xl:text-24\">Am Ostersonntag zeigt sich das Wetter dann von seiner freundlicheren Seite. Neben Wolken gibt es auch sonnige Abschnitte, zeitweise kann aber erneut etwas Regen fallen. Die Temperaturen klettern auf 16 bis 18 Grad, im Rhein-Main-Gebiet und s\u00fcdlich des Mains sind sogar bis zu 21 Grad m\u00f6glich.<\/p>\n<p class=\"text-18 leading-17 user-text-lg:text-22 user-text-xl:text-24\">Damit erreicht der Fr\u00fchling p\u00fcnktlich zu den Feiertagen seinen vorl\u00e4ufigen H\u00f6hepunkt \u2013 auch wenn Sonne und Schauer weiterhin im Wechsel bleiben.<\/p>\n","protected":false},"excerpt":{"rendered":"Wetter in Hessen Umschwung zu Ostern: Temperaturen klettern \u00fcber 20 Grad 02.04.2026 &#8211; 08:28 UhrLesedauer: 2 Min. Fr\u00fchling&hellip;\n","protected":false},"author":2,"featured_media":915161,"comment_status":"","ping_status":"","sticky":false,"template":"","format":"standard","meta":{"footnotes":"","_share_on_mastodon":"0"},"categories":[1829],"tags":[522,29,4906,2050,2051,30,2052,643,19212,2454,10685,8984,6848,56152],"class_list":["post-915160","post","type-post","status-publish","format-standard","has-post-thumbnail","category-frankfurt-am-main","tag-522","tag-deutschland","tag-dwd","tag-frankfurt","tag-frankfurt-am-main","tag-germany","tag-hessen","tag-karfreitag","tag-offenbach","tag-ostern","tag-ostersonntag","tag-osterwochenende","tag-temperatur","tag-umschwung"],"share_on_mastodon":{"url":"https:\/\/pubeurope.com\/@de\/116333831167208403","error":""},"_links":{"self":[{"href":"https:\/\/www.europesays.com\/de\/wp-json\/wp\/v2\/posts\/915160","targetHints":{"allow":["GET"]}}],"collection":[{"href":"https:\/\/www.europesays.com\/de\/wp-json\/wp\/v2\/posts"}],"about":[{"href":"https:\/\/www.europesays.com\/de\/wp-json\/wp\/v2\/types\/post"}],"author":[{"embeddable":true,"href":"https:\/\/www.europesays.com\/de\/wp-json\/wp\/v2\/users\/2"}],"replies":[{"embeddable":true,"href":"https:\/\/www.europesays.com\/de\/wp-json\/wp\/v2\/comments?post=915160"}],"version-history":[{"count":0,"href":"https:\/\/www.europesays.com\/de\/wp-json\/wp\/v2\/posts\/915160\/revisions"}],"wp:featuredmedia":[{"embeddable":true,"href":"https:\/\/www.europesays.com\/de\/wp-json\/wp\/v2\/media\/915161"}],"wp:attachment":[{"href":"https:\/\/www.europesays.com\/de\/wp-json\/wp\/v2\/media?parent=915160"}],"wp:term":[{"taxonomy":"category","embeddable":true,"href":"https:\/\/www.europesays.com\/de\/wp-json\/wp\/v2\/categories?post=915160"},{"taxonomy":"post_tag","embeddable":true,"href":"https:\/\/www.europesays.com\/de\/wp-json\/wp\/v2\/tags?post=915160"}],"curies":[{"name":"wp","href":"https:\/\/api.w.org\/{rel}","templated":true}]}}