{"id":915344,"date":"2026-04-02T08:44:16","date_gmt":"2026-04-02T08:44:16","guid":{"rendered":"https:\/\/www.europesays.com\/de\/915344\/"},"modified":"2026-04-02T08:44:16","modified_gmt":"2026-04-02T08:44:16","slug":"dfb-stuermer-woltemade-wendet-sich-an-seine-kritiker-wenn-mir-jemand-unterstellt-sport","status":"publish","type":"post","link":"https:\/\/www.europesays.com\/de\/915344\/","title":{"rendered":"DFB-St\u00fcrmer Woltemade wendet sich an seine Kritiker: \u201eWenn mir jemand unterstellt &#8230;\u201c | Sport"},"content":{"rendered":"<p><a class=\"skip-content skip-content--link\" href=\"#in-content-skip-link-target-v-0-0\">TTS-Player \u00fcberspringen\u21b5<\/a><a id=\"in-content-skip-link-target-v-0-0\" class=\"skip-content--target-link-hidden skip-content skip-content--target-link\" href=\"#in-content-skip-link-target-v-0-0\">Artikel weiterlesen<\/a><\/p>\n<p><b>Nachdem Nick Woltemade (24) beim Test der <\/b><a href=\"https:\/\/www.bild.de\/sport\/fussball\/nationalmannschaft\/home-15770882.bild.html\" class=\"text-link\" rel=\"nofollow noopener\" target=\"_blank\"><b>deutschen Nationalmannschaft<\/b><\/a><b> gegen die Schweiz (4:3) zun\u00e4chst eingewechselt und f\u00fcr 27 Minuten ran durfte, stand er zuletzt beim 2:1 gegen Ghana wieder in der Startelf. Wie schon zuletzt im Klub blieb der St\u00fcrmer auch in beiden L\u00e4nderspielen ohne Tor oder Vorlage. Jetzt reagiert er auf Kritik.<\/b><\/p>\n<p>Woltemade in der \u201e<a href=\"https:\/\/www.sueddeutsche.de\/sport\/woltemade-dfb-newcastle-interview-li.3461998?reduced=true\" target=\"_blank\" rel=\"nofollow noopener\" class=\"text-link--external text-link\">S\u00fcddeutschen Zeitung<\/a>\u201c: \u201eIch sehe das nicht so negativ, wie das von au\u00dfen gesehen wird, f\u00fcr mich ist das immer noch ein normaler Prozess. Nat\u00fcrlich k\u00f6nnte man von au\u00dfen draufschauen und sagen: Der hat im neuen Jahr erst ein Tor geschossen, was ist denn mit dem los? Aber wer sich wirklich mit meinen Spielen befasst, der wei\u00df auch, warum das so ist.\u201c<\/p>\n<p>Mehr zum Thema<\/p>\n<p>Und weiter: \u201eIch spiele auf einer ganz anderen Position als noch zu Saisonbeginn. Im Spiel gegen Chelsea k\u00fcrzlich habe ich im Mittelfeld eine Art Manndeckung gegen Cole Palmer gespielt, und der ist ein offensiver Zehner. Da kann man sich vorstellen, in welchen R\u00e4umen ich auf dem Feld unterwegs war. Ich wei\u00df, dass man mich mit Toren verbindet, aber man kann die Torquote eines St\u00fcrmers ja nicht mit der eines Mittelfeldspielers vergleichen, der 50, 60, 70 Meter vom gegnerischen Tor entfernt spielt. Ich bin im Moment ein komplett anderer Nick Woltemade, als ich das zu Saisonbeginn war. Im Moment m\u00fcsste man mich eher danach bewerten, wie ich meine Zweik\u00e4mpfe f\u00fchre oder die R\u00e4ume sichere.\u201c<\/p>\n<p>Im Sommer 2025 wechselte der DFB-Star von Stuttgart zu Newcastle, eine Abl\u00f6se in H\u00f6he von 75 Mio. Euro zahlte der England-Klub f\u00fcr ihn. In seinem ersten <a href=\"https:\/\/www.bild.de\/sport\/fussball\/premierleague\/startseite-62423044.bild.html\" class=\"text-link\" rel=\"nofollow noopener\" target=\"_blank\">Premier-League<\/a>-Spiel gegen Wolverhampton schoss er seinen Verein zum 1:0-Sieg, in seinen ersten f\u00fcnf Liga-Spielen traf er insgesamt viermal. Danach aber blieb der Tor-Erfolg aus und Kritik wurde laut. Woltemade: \u201eWenn mir jemand eine Formkrise unterstellt, w\u00fcrde ich einfach mal behaupten, dass derjenige nicht viele Spiele von Newcastle United sieht.\u201c <\/p>\n<p><img decoding=\"async\" width=\"992\" height=\"558\" alt=\"Fans mit einem Woltemade-Plakat im M\u00e4rz vor der Partie zwischen Newcastle und Manchester City (1:3)\" src=\"https:\/\/www.europesays.com\/de\/wp-content\/uploads\/2026\/04\/330c1a93a45020fb51aa60c4dbd0e8be,f627fc70.jpeg\"   class=\"landscape\" loading=\"lazy\"\/><\/p>\n<p class=\"fig__caption__text\">Fans mit einem Woltemade-Plakat im M\u00e4rz vor der Partie zwischen Newcastle und Manchester City (1:3)<\/p>\n<p>Foto: Getty Images<\/p>\n<p>Auch \u00fcber den Unterschied zwischen dem englischen und deutschen Fu\u00dfball spricht Woltemade und erkl\u00e4rt: \u201eIch kannte diese Erz\u00e4hlungen auch alle, aber etwas zu wissen und es dann selbst zu erleben, ist wirklich ein gro\u00dfer Unterschied. Das Spiel ist deutlich intensiver, man hat das Gef\u00fchl, es kommt kaum zur Ruhe. Die Schiedsrichter lassen mehr laufen, es gibt weniger Pausen zum Durchatmen, und zwischendurch kommen immer wieder die ber\u00fchmten set pieces angeflogen (Standardsituationen, d. Red.), die hier bei fast allen Teams gef\u00e4hrlich sind. Da ist schon ziemlich viel los auf dem Platz. Aber ich find\u2019 das geil, macht Spa\u00df. Und bringt einen auf Dauer extrem weiter.\u201c<\/p>\n<p>Und \u00fcber seine Premiere in England im September 2025: \u201eIch kann mich gut an mein erstes Premier-League-Spiel erinnern, da schaut man schon irgendwann heimlich zur Seitenlinie und denkt: Kann mich hier mal einer auswechseln? Ich hatte nach 60 Minuten Kr\u00e4mpfe, das hatte ich bis dahin noch nie.\u201c<\/p>\n","protected":false},"excerpt":{"rendered":"TTS-Player \u00fcberspringen\u21b5Artikel weiterlesen Nachdem Nick Woltemade (24) beim Test der deutschen Nationalmannschaft gegen die Schweiz (4:3) zun\u00e4chst eingewechselt&hellip;\n","protected":false},"author":2,"featured_media":915345,"comment_status":"","ping_status":"","sticky":false,"template":"","format":"standard","meta":{"footnotes":"","_share_on_mastodon":"0"},"categories":[136],"tags":[1260,29,481,347,30,50637,9662,957,265,9095,45,14709],"class_list":["post-915344","post","type-post","status-publish","format-standard","has-post-thumbnail","category-sport","tag-deutsche-nationalmannschaft","tag-deutschland","tag-dfb","tag-fussball","tag-germany","tag-newcastle-united","tag-no-sport-app","tag-premier-league","tag-sport","tag-stuermer","tag-texttospeech","tag-woltemade-nick"],"share_on_mastodon":{"url":"https:\/\/pubeurope.com\/@de\/116334236018431413","error":""},"_links":{"self":[{"href":"https:\/\/www.europesays.com\/de\/wp-json\/wp\/v2\/posts\/915344","targetHints":{"allow":["GET"]}}],"collection":[{"href":"https:\/\/www.europesays.com\/de\/wp-json\/wp\/v2\/posts"}],"about":[{"href":"https:\/\/www.europesays.com\/de\/wp-json\/wp\/v2\/types\/post"}],"author":[{"embeddable":true,"href":"https:\/\/www.europesays.com\/de\/wp-json\/wp\/v2\/users\/2"}],"replies":[{"embeddable":true,"href":"https:\/\/www.europesays.com\/de\/wp-json\/wp\/v2\/comments?post=915344"}],"version-history":[{"count":0,"href":"https:\/\/www.europesays.com\/de\/wp-json\/wp\/v2\/posts\/915344\/revisions"}],"wp:featuredmedia":[{"embeddable":true,"href":"https:\/\/www.europesays.com\/de\/wp-json\/wp\/v2\/media\/915345"}],"wp:attachment":[{"href":"https:\/\/www.europesays.com\/de\/wp-json\/wp\/v2\/media?parent=915344"}],"wp:term":[{"taxonomy":"category","embeddable":true,"href":"https:\/\/www.europesays.com\/de\/wp-json\/wp\/v2\/categories?post=915344"},{"taxonomy":"post_tag","embeddable":true,"href":"https:\/\/www.europesays.com\/de\/wp-json\/wp\/v2\/tags?post=915344"}],"curies":[{"name":"wp","href":"https:\/\/api.w.org\/{rel}","templated":true}]}}