{"id":915559,"date":"2026-04-02T10:47:15","date_gmt":"2026-04-02T10:47:15","guid":{"rendered":"https:\/\/www.europesays.com\/de\/915559\/"},"modified":"2026-04-02T10:47:15","modified_gmt":"2026-04-02T10:47:15","slug":"auftakt-fuer-das-medizinkonzept-nach-der-uebernahme","status":"publish","type":"post","link":"https:\/\/www.europesays.com\/de\/915559\/","title":{"rendered":"Auftakt f\u00fcr das Medizinkonzept nach der \u00dcbernahme"},"content":{"rendered":"<p>02.04.2026<\/p>\n<p><strong>Das Klinikum N\u00fcrnberg und die Klinik Hallerwiese-Cnopfsche Kinderklinik entwickeln gemeinsam ein zukunftsorientiertes Medizinkonzept f\u00fcr die Integration zum 1. Januar 2027. Eine wichtige Entscheidung steht fest: Beide Standorte, der Campus S\u00fcd des Klinikums N\u00fcrnberg in Langwasser und die Klinik Hallerwiese-Cnopfsche Kinderklinik in St. Johannis, werden weiterhin station\u00e4re Leistungen in der P\u00e4diatrie, Kinderchirurgie und Geburtshilfe anbieten. Auch die Strukturen der Erwachsenenmedizin stehen im Fokus der Arbeitsgruppen.\u00a0<\/strong><\/p>\n<p>Nach der Vertragsunterzeichnung zur \u00dcbernahme der Klinik Hallerwiese-Cnopfsche Kinderklinik zum\u00a01. Januar 2027 entwickelt das Klinikum N\u00fcrnberg mit Expertinnen und Experten beider H\u00e4user ein bedarfsorientiertes Medizinkonzept. Der erste Workshop am 25. M\u00e4rz markierte den Beginn der inhaltlichen Ausarbeitung. Vertreterinnen und Vertreter aus Medizin, Pflege und Gesch\u00e4ftsf\u00fchrung arbeiten gemeinsam an einer medizinischen Ausrichtung, welche die Versorgung langfristig st\u00e4rkt und die bestehenden Angebote gezielt weiterentwickelt.<\/p>\n<p>Eine erste wichtige Entscheidung ist gefallen: Sowohl die Klinik Hallerwiese-Cnopfsche Kinderklinik als auch das Klinikum N\u00fcrnberg, Campus S\u00fcd, werden nach der \u00dcbernahme zum 1. Januar 2027 weiterhin station\u00e4re Leistungen in der P\u00e4diatrie (Kinderheilkunde), Kinderchirurgie und Geburtshilfe anbieten. Mit diesem klaren Bekenntnis zu beiden Standorten setzt das Klinikum N\u00fcrnberg ein Zeichen f\u00fcr Kontinuit\u00e4t in der Patientenversorgung und f\u00fcr die Mitarbeitenden beider Einrichtungen.<\/p>\n<p>Ziel: medizinische Versorgung in N\u00fcrnberg st\u00e4rken<\/p>\n<p>\u201eDas war ein sehr guter Start f\u00fcr ein anspruchsvolles und wichtiges Vorhaben. Die bisherigen Gespr\u00e4che zeigen, dass wir an einem Strang ziehen und auf gemeinsamen Werten aufbauen k\u00f6nnen. Unser gemeinsames Ziel und klarer Auftrag ist es, die St\u00e4rken beider H\u00e4user nachhaltig zu verbinden und damit die medizinische Versorgung in N\u00fcrnberg zu st\u00e4rken. Hierf\u00fcr gilt es nun, die jeweiligen Spezialisierungen an den Standorten herauszuarbeiten\u201c, sagt Prof. Dr. Achim Jockwig, Vorstandsvorsitzender des Klinikums N\u00fcrnberg. Ina Strickstrock, Vorst\u00e4ndin Personal und Unternehmensentwicklung bei Diakoneo: \u201eUnser gemeinsames Ziel ist es, die medizinische Versorgung f\u00fcr Kinder und Familien in der Region zu st\u00e4rken und weiterzuentwickeln. Daher freue ich mich, dass die ersten Entscheidungen auch auf der Basis der Expertise unserer Mitarbeitenden getroffen wurden, die ihre Erfahrungen auch weiterhin aktiv in die Weiterentwicklung des Medizinkonzepts einbringen werden.\u201c<\/p>\n<p>Weitere Arbeitsrunden werden in den kommenden Wochen und Monaten folgen. Dabei entwickeln die Teams auch die k\u00fcnftigen Strukturen in der Erwachsenenmedizin gemeinsam und vertiefen die erarbeiteten Inhalte. Parallel dazu laufen die organisatorischen Vorbereitungen f\u00fcr die Integration planm\u00e4\u00dfig weiter. Ziel bleibt eine reibungslose \u00dcbergabe der Klinik Hallerwiese-Cnopfsche Kinderklinik an das Klinikum N\u00fcrnberg zum 1. Januar 2027. Diakoneo bleibt bis dahin offizieller Tr\u00e4ger und verantwortlich f\u00fcr den Betrieb.<\/p>\n<p>Die Klinik Hallerwiese-Cnopfsche Kinderklinik und das Klinikum N\u00fcrnberg als Maximalversorger spielen eine wichtige Rolle in der Versorgung von Neugeborenen, Kindern und Jugendlichen sowie Schwangeren in der Metropolregion N\u00fcrnberg. In der Geburtshilfe betreuen beide H\u00e4user jeweils rund 3.000 Geburten pro Jahr. In den Bereichen P\u00e4diatrie, Neonatologie und Kinderchirurgie behandelt jedes Haus insgesamt rund 7.000 station\u00e4re Patienten pro Jahr. Das medizinische Angebot inklusive Notfallversorgung steht rund um die Uhr bereit. Mit der Integration der Klinik Hallerwiese-Cnopfsche Kinderklinik in das Klinikum N\u00fcrnberg entsteht eine der gr\u00f6\u00dften Geburtskliniken und einer der gr\u00f6\u00dften p\u00e4diatrischen und kinderchirurgischen Versorger bundesweit.<\/p>\n<p><strong>Bild oben:<\/strong> Die Klinik Hallerwiese-Cnopfsche Kinderklinik in N\u00fcrnberg-St. Johannis wird auch nach der \u00dcbernahme durch das Klinikum N\u00fcrnberg Geburtshilfe, P\u00e4diatrie und Kinderchirurgie anbieten.<\/p>\n<p><strong>Fotos: <\/strong>Christine Blei, Diakoneo \/ Jakob Lichtenfeld, Klinikum N\u00fcrnberg<br \/>\u00a0<\/p>\n","protected":false},"excerpt":{"rendered":"02.04.2026 Das Klinikum N\u00fcrnberg und die Klinik Hallerwiese-Cnopfsche Kinderklinik entwickeln gemeinsam ein zukunftsorientiertes Medizinkonzept f\u00fcr die Integration zum&hellip;\n","protected":false},"author":2,"featured_media":4958,"comment_status":"","ping_status":"","sticky":false,"template":"","format":"standard","meta":{"footnotes":"","_share_on_mastodon":"0"},"categories":[1837],"tags":[4353,4350,4351,4352,4355,4354,1187,142,4356,4357,4361,4360,772,4343,4362,3364,4363,29,4364,4336,4341,4388,4340,4346,4348,4365,4347,4366,4367,4368,4370,4371,30,4372,4373,4377,4378,4380,4384,4383,4386,4387,4389,4390,4376,4345,4385,4391,4379,4394,4344,4392,3263,4393,4349,4374,4395,4358,4338,4359,4342,3783,4337,4375,4396,4382,4369,4339,4381],"class_list":["post-915559","post","type-post","status-publish","format-standard","has-post-thumbnail","category-nuernberg","tag-a-r-z","tag-allgemeinchirurgie","tag-altersmedizin-alterstraumazentrum","tag-ambulante-rehabilitation","tag-anaesthesiologie","tag-arz","tag-arzt","tag-aerzte","tag-aesthetische-chirurgie","tag-aufnahme","tag-augenheilkunde-brustzentrum","tag-augenklinik","tag-bayern","tag-clinic","tag-darmkrebszentrum","tag-de","tag-dermatologie","tag-deutschland","tag-diabetologie","tag-doctor","tag-doktor","tag-e-herz-erkrankungen","tag-emergency","tag-erlangen","tag-franken","tag-fuer-erwachsene-gastroenterologie-fuer-erwachsene-geburtshilfe","tag-fuerth","tag-gefaesschirurgie","tag-geriatrie","tag-geriatrische","tag-gerinnungsambulanz-klinikum-nord","tag-gerinnungsambulanz-klinikum-sued","tag-germany","tag-gynaekologie","tag-hals","tag-haematologie","tag-haematologisch-onkologische-ambulanz","tag-hand-chirurgie","tag-haut-tumorzentrum","tag-hautklinik","tag-hepatologie","tag-herz-chirurgi","tag-herz-gefaess-zentrum","tag-hgz","tag-hno","tag-hospital","tag-htz","tag-hygiene","tag-im-ambulanten-behandlungscentrum-klinikum-nord","tag-infektiologie-hypertensiologie","tag-kliniken","tag-klinikhygiene","tag-krankenhaus","tag-mikrobiologie","tag-mittelfranken-abdominalchirurgie-allergologie","tag-nasen","tag-nbg","tag-notaufnahme","tag-notfall","tag-notfallambulanz","tag-nuremberg","tag-nuernberg","tag-nurse","tag-ohrenheilkunde","tag-schoen","tag-schwerbrandverletzte","tag-tagesklinik","tag-treatment","tag-verbrennungszentrum"],"share_on_mastodon":{"url":"","error":"Validation failed: Text character limit of 500 exceeded"},"_links":{"self":[{"href":"https:\/\/www.europesays.com\/de\/wp-json\/wp\/v2\/posts\/915559","targetHints":{"allow":["GET"]}}],"collection":[{"href":"https:\/\/www.europesays.com\/de\/wp-json\/wp\/v2\/posts"}],"about":[{"href":"https:\/\/www.europesays.com\/de\/wp-json\/wp\/v2\/types\/post"}],"author":[{"embeddable":true,"href":"https:\/\/www.europesays.com\/de\/wp-json\/wp\/v2\/users\/2"}],"replies":[{"embeddable":true,"href":"https:\/\/www.europesays.com\/de\/wp-json\/wp\/v2\/comments?post=915559"}],"version-history":[{"count":0,"href":"https:\/\/www.europesays.com\/de\/wp-json\/wp\/v2\/posts\/915559\/revisions"}],"wp:featuredmedia":[{"embeddable":true,"href":"https:\/\/www.europesays.com\/de\/wp-json\/wp\/v2\/media\/4958"}],"wp:attachment":[{"href":"https:\/\/www.europesays.com\/de\/wp-json\/wp\/v2\/media?parent=915559"}],"wp:term":[{"taxonomy":"category","embeddable":true,"href":"https:\/\/www.europesays.com\/de\/wp-json\/wp\/v2\/categories?post=915559"},{"taxonomy":"post_tag","embeddable":true,"href":"https:\/\/www.europesays.com\/de\/wp-json\/wp\/v2\/tags?post=915559"}],"curies":[{"name":"wp","href":"https:\/\/api.w.org\/{rel}","templated":true}]}}