{"id":915781,"date":"2026-04-02T12:50:23","date_gmt":"2026-04-02T12:50:23","guid":{"rendered":"https:\/\/www.europesays.com\/de\/915781\/"},"modified":"2026-04-02T12:50:23","modified_gmt":"2026-04-02T12:50:23","slug":"kindle-zwei-neue-e-reader-mit-stift-erscheinen-in-deutschland-mit-und-ohne-farbe","status":"publish","type":"post","link":"https:\/\/www.europesays.com\/de\/915781\/","title":{"rendered":"Kindle: Zwei neue E-Reader mit Stift erscheinen in Deutschland, mit und ohne Farbe"},"content":{"rendered":"<p>\t\t<a href=\"https:\/\/www.notebookcheck.com\/fileadmin\/_processed_\/webp\/Notebooks\/News\/_nc5\/kindlescribecolorsoft15-q82-w2560-h.webp\" title=\"Der neue Kindle Scribe Colorsoft kommt mit Stift\" data-caption=\"Der neue Kindle Scribe Colorsoft kommt mit Stift [&lt;a class=&quot;dbg&quot; target=&quot;_blank&quot; href=&quot;fileadmin\/Notebooks\/News\/_nc5\/kindlescribecolorsoft15.jpg&quot;&gt;Originalbild in voller Aufl\u00f6sung&lt;\/a&gt;]\" rel=\"nofollow noopener\" target=\"_blank\"><img decoding=\"async\" src=\"https:\/\/www.europesays.com\/de\/wp-content\/uploads\/2026\/04\/csm_kindlescribecolorsoft15_3dc306cb16.jpg\" loading=\"lazy\" width=\"240\" height=\"180\" alt=\"Der neue Kindle Scribe Colorsoft kommt mit Stift\"\/><\/p>\n<p>\u24d8 Amazon<\/p>\n<p><\/a>Der neue Kindle Scribe Colorsoft kommt mit Stift<\/p>\n<p>Amazon bringt zwei neue E-Reader auch in Deutschland auf den Markt. Je nach Modell gibt es auch einen farbigen Bildschirm. Die Anfertigung von Notizen wird unterst\u00fctzt, ebenfalls gibt es eine KI-unterst\u00fctzte Suche.<\/p>\n<p class=\"bodytext\">Wir haben bereits \u00fcber neue <a href=\"https:\/\/www.notebookcheck.com\/Kindle-Scribe-Colorsoft-kommt-in-neuer-Version-mit-einem-grossem-Fragezeichen.1204818.0.html\" target=\"_self\" class=\"internal-link\" rel=\"nofollow noopener\">Kindle-E-Reader berichtet<\/a>, wobei der Release offenbar gestaffelt erfolgte. Nun hat sich Amazon offiziell zum Launch des Kindle Scribe und des\u00a0Kindle Scribe Colorsoft in Deutschland ge\u00e4u\u00dfert. So wird es beide E-Reader ab dem 8. April geben, wobei durchaus stattliche Preise aufgerufen werden. Den\u00a0<a href=\"https:\/\/www.amazon.de\/dp\/B0FC1K5QZ9?th=1&amp;tag=notebookcheck-news-de-21\" target=\"_blank\" rel=\"sponsored nofollow noopener\" class=\"external-link-new-window\">Kindle Scribe Colorsoft<\/a> gibt es so f\u00fcr einen Preis von 650 Euro mit einem 32 Gigabyte gro\u00dfen, internen Speicher, f\u00fcr die 64-Gigabyte-Version werden noch einmal 50 Euro mehr aufgerufen. Der Kindle Scribe wird f\u00fcr <a href=\"https:\/\/www.amazon.de\/dp\/B0FC1XB22K?th=1&amp;tag=notebookcheck-news-de-21\" target=\"_blank\" rel=\"sponsored nofollow noopener\" class=\"external-link-new-window\">520 und 570 Euro<\/a> mit 32 und 64 Gigabyte Speicher angeboten.&#13;<\/p>\n<p class=\"bodytext\">Der\u00a0Kindle Scribe Colorsoft kommt dabei &#8211; der Name verr\u00e4t es schon &#8211; mit einem farbigen Display. Damit lassen sich etwa auch Comics darstellen. Geworben wird mit einer noch einmal optimierten Farbdarstellung mithilfe eines Farbfilters und Lichtleiters mit Ntrid-LEDs, wodurch Details auch nicht verwaschen werden sollen. Verbaut ist 11 Zoll gro\u00dfes Display, die Pixeldichte bei der Farbdarstellung sinkt wie durchaus \u00fcblich auf 150 PPI und halbiert sich damit. Der\u00a0Kindle Scribe Colorsoft wird auch als Produktivit\u00e4ts-Tool vermarktet und kann so zur Anfertigung von Notizen mithilfe eines Eingabestifts genutzt werden.&#13;<\/p>\n<p class=\"bodytext\">Der neue\u00a0Amazon Kindle Scribe verzichtet auf die Farbdarstellung, ist abgesehen davon konzeptionell aber sehr \u00e4hnlich und kommt ebenfalls mit einem Eingabestift. Dokumente sollen sich auch etwa \u00fcber Google Drive und Microsoft OneDrive synchronisieren lassen. KI-Tools sind integriert, damit sollen sich etwa Fragen anhand eigener Notizen beantworten lassen.<\/p>\n<p>\t<a href=\"https:\/\/www.notebookcheck.com\/fileadmin\/Notebooks\/News\/_nc5\/kindlescribe.jpg\" title=\"Auch der Kindle Scribe bringt einen Eingabestift mit\" data-caption=\"Auch der Kindle Scribe bringt einen Eingabestift mit\" rel=\"nofollow noopener\" target=\"_blank\"><img decoding=\"async\" src=\"https:\/\/www.europesays.com\/de\/wp-content\/uploads\/2026\/04\/csm_kindlescribe_7db05f02b9.jpg\" loading=\"lazy\" height=\"400\" alt=\"Auch der Kindle Scribe bringt einen Eingabestift mit\"\/><\/p>\n<p>\u24d8 Amazon<\/p>\n<p><\/a>Auch der Kindle Scribe bringt einen Eingabestift mit<a href=\"https:\/\/www.notebookcheck.com\/fileadmin\/Notebooks\/News\/_nc5\/kindlescribe3.jpg\" title=\"Die Beleuchtung ist anpassbar\" data-caption=\"Die Beleuchtung ist anpassbar\" rel=\"nofollow noopener\" target=\"_blank\"><img decoding=\"async\" src=\"https:\/\/www.europesays.com\/de\/wp-content\/uploads\/2026\/04\/csm_kindlescribe3_e650c0a806.jpg\" loading=\"lazy\" height=\"400\" alt=\"Die Beleuchtung ist anpassbar\"\/><\/p>\n<p>\u24d8 Amazon<\/p>\n<p><\/a>Die Beleuchtung ist anpassbar<\/p>\n<p>\t<img loading=\"lazy\" decoding=\"async\" src=\"https:\/\/www.europesays.com\/de\/wp-content\/uploads\/2026\/04\/edd2c45694734620804e7e7f364092c3.gif\" width=\"1\" height=\"1\" alt=\"\"\/><\/p>\n<p>\t<a href=\"https:\/\/www.notebookcheck.com\/Redaktion.113895.0.html?&amp;tx_nbc2journalist_pi1%5Bmode%5D=show&amp;tx_nbc2journalist_pi1%5Buid%5D=118\" rel=\"nofollow noopener\" target=\"_blank\"><img decoding=\"async\" src=\"https:\/\/www.europesays.com\/de\/wp-content\/uploads\/2025\/04\/csm_Bild_6022534c22.jpg\" loading=\"lazy\" width=\"120\" height=\"120\" alt=\"Silvio Werner\"\/><\/a><a href=\"https:\/\/www.notebookcheck.com\/Redaktion.113895.0.html?&amp;tx_nbc2journalist_pi1%5Bmode%5D=show&amp;tx_nbc2journalist_pi1%5Buid%5D=118\" class=\"j_name\" rel=\"nofollow noopener\" target=\"_blank\">Silvio Werner<\/a> &#8211; Senior Tech Writer  &#8211; 16973 Artikel auf Notebookcheck ver\u00f6ffentlicht seit 2017<\/p>\n<p>Ich bin seit \u00fcber zehn Jahren journalistisch aktiv, den Gro\u00dfteil davon im Bereich Technologie. Dabei war ich unter anderem f\u00fcr Tom&#8217;s Hardware und ComputerBase t\u00e4tig und bin es seit 2017 auch f\u00fcr Notebookcheck. Mein aktueller Fokus liegt insbesondere auf Mini-PCs und auf Einplatinenrechnern wie dem Raspberry Pi \u2013 also kompakten Systemen mit vielen M\u00f6glichkeiten. Dazu kommt ein Faible f\u00fcr alle Arten von Wearables und insbesondere f\u00fcr Smartwatches. Hauptberuflich bin ich als Laboringenieur unterwegs, weshalb mir weder naturwissenschaftliche Zusammenh\u00e4nge noch die Interpretation komplexer Messungen fern liegen.<\/p>\n","protected":false},"excerpt":{"rendered":"\u24d8 Amazon Der neue Kindle Scribe Colorsoft kommt mit Stift Amazon bringt zwei neue E-Reader auch in Deutschland&hellip;\n","protected":false},"author":2,"featured_media":915782,"comment_status":"","ping_status":"","sticky":false,"template":"","format":"standard","meta":{"footnotes":"","_share_on_mastodon":"0"},"categories":[135],"tags":[260,29,258,30,261,259,37093,118905,200547,251,253,264,263,15,250,252,262,190,189,194,191,254,255,257,256,193,192],"class_list":["post-915781","post","type-post","status-publish","format-standard","has-post-thumbnail","category-wissenschaft-technik","tag-benchmarks","tag-deutschland","tag-forum","tag-germany","tag-grafikkarten","tag-informationen","tag-kindle","tag-kindle-scribe","tag-kindle-scribe-colorsoft","tag-laptop","tag-laptops","tag-netbook","tag-netbooks","tag-news","tag-notebook","tag-notebooks","tag-prozessoren","tag-science","tag-science-technology","tag-technik","tag-technology","tag-test","tag-testbericht","tag-testberichte","tag-tests","tag-wissenschaft","tag-wissenschaft-technik"],"share_on_mastodon":{"url":"https:\/\/pubeurope.com\/@de\/116335203690924131","error":""},"_links":{"self":[{"href":"https:\/\/www.europesays.com\/de\/wp-json\/wp\/v2\/posts\/915781","targetHints":{"allow":["GET"]}}],"collection":[{"href":"https:\/\/www.europesays.com\/de\/wp-json\/wp\/v2\/posts"}],"about":[{"href":"https:\/\/www.europesays.com\/de\/wp-json\/wp\/v2\/types\/post"}],"author":[{"embeddable":true,"href":"https:\/\/www.europesays.com\/de\/wp-json\/wp\/v2\/users\/2"}],"replies":[{"embeddable":true,"href":"https:\/\/www.europesays.com\/de\/wp-json\/wp\/v2\/comments?post=915781"}],"version-history":[{"count":0,"href":"https:\/\/www.europesays.com\/de\/wp-json\/wp\/v2\/posts\/915781\/revisions"}],"wp:featuredmedia":[{"embeddable":true,"href":"https:\/\/www.europesays.com\/de\/wp-json\/wp\/v2\/media\/915782"}],"wp:attachment":[{"href":"https:\/\/www.europesays.com\/de\/wp-json\/wp\/v2\/media?parent=915781"}],"wp:term":[{"taxonomy":"category","embeddable":true,"href":"https:\/\/www.europesays.com\/de\/wp-json\/wp\/v2\/categories?post=915781"},{"taxonomy":"post_tag","embeddable":true,"href":"https:\/\/www.europesays.com\/de\/wp-json\/wp\/v2\/tags?post=915781"}],"curies":[{"name":"wp","href":"https:\/\/api.w.org\/{rel}","templated":true}]}}