{"id":915785,"date":"2026-04-02T12:52:21","date_gmt":"2026-04-02T12:52:21","guid":{"rendered":"https:\/\/www.europesays.com\/de\/915785\/"},"modified":"2026-04-02T12:52:21","modified_gmt":"2026-04-02T12:52:21","slug":"gemeinschaft-unabhaengiger-staaten-moldau-verlaesst-die-gus","status":"publish","type":"post","link":"https:\/\/www.europesays.com\/de\/915785\/","title":{"rendered":"Gemeinschaft Unabh\u00e4ngiger Staaten: Moldau verl\u00e4sst die GUS"},"content":{"rendered":"<p class=\"paragraph article__item\">Die Republik <a class=\"rtr-entity\" href=\"https:\/\/www.zeit.de\/thema\/moldau\" rel=\"nofollow noopener\" target=\"_blank\">Moldau<\/a> tritt endg\u00fcltig aus der Gemeinschaft Unabh\u00e4ngiger Staaten (GUS) aus. Das Parlament in Chi\u0219in\u0103u teilte den Austritt aus dem von Russland dominierten B\u00fcndnis auf seiner Website mit. Demnach stimmten 60 von 101 Abgeordneten f\u00fcr eine K\u00fcndigung des Gr\u00fcndungsabkommens von 1991, des zugeh\u00f6rigen Protokolls und des Statuts der Ratifizierung von 1993. Moldau strebt einen Beitritt zur EU an. Insofern sei der Austritt aus<br \/>\nder GUS logisch,  hie\u00df es in der Mitteilung des Parlaments.\n<\/p>\n<p class=\"paragraph article__item\">Das moldauische Au\u00dfenministerium hatte den Austritt eingeleitet. Begr\u00fcndet wird der Schritt damit, dass <a class=\"rtr-entity\" href=\"https:\/\/www.zeit.de\/thema\/russland\" rel=\"nofollow noopener\" target=\"_blank\">Russland<\/a> die Unverletzbarkeit der Grenzen der Mitgliedsstaaten unter anderem durch den Krieg gegen die benachbarte Ukraine missachte. Moskau habe zudem weiter gesetzwidrig Truppen in dem von Moldau abtr\u00fcnnigen Gebiet Transnistrien stationiert. Moldau verfolgt unter <a href=\"https:\/\/www.zeit.de\/politik\/ausland\/2025-09\/republik-moldau-parlamentswahl-reaktionen-eu-russland\" target=\"_blank\" rel=\"nofollow noopener\">Pr\u00e4sidentin Maia Sandu einen proeurop\u00e4ischen Kurs<\/a>.\n<\/p>\n<p class=\"paragraph article__item\">Die <a href=\"https:\/\/www.bpb.de\/kurz-knapp\/lexika\/das-europalexikon\/177006\/gemeinschaft-unabhaengiger-staaten-gus\/\" target=\"_blank\" rel=\"nofollow noopener\">GUS<\/a> wurde 1991 als Staatenb\u00fcndnis ehemaliger L\u00e4nder der Sowjetunion gegr\u00fcndet. Ziel der Institution war die Schaffung eines Wirtschafts- und Sicherheitsraumes in Reaktion auf den Zerfall der UdSSR. Auch die <a class=\"rtr-entity\" href=\"https:\/\/www.zeit.de\/politik\/ausland\/ukraine-krieg-news-liveblog\" rel=\"nofollow noopener\" target=\"_blank\">Ukraine<\/a> war lange Teil der GUS, bevor sie wegen der russischen Besetzung der Halbinsel Krim 2018 aus dem B\u00fcndnis austrat. Die GUS hat ihren Sitz in der belarussischen Hauptstadt Minsk.\n<\/p>\n<p class=\"paragraph article__item\">Moldau liegt zwischen der Ukraine und Rum\u00e4nien und ist seit 2022 EU-Beitrittskandidat. Jedoch ist die moldauische Bev\u00f6lkerung in der Frage gespalten: In einem Verfassungsreferendum Ende 2024 stimmte eine Mehrheit von gerade mal 0,7 Prozentpunkten f\u00fcr einen EU-Beitritt, wie das Europ\u00e4ische Parlament <a href=\"https:\/\/www.europarl.europa.eu\/topics\/de\/article\/20250606STO28765\/moldau-herausforderungen-und-fortschritte-auf-dem-weg-zur-eu-mitgliedschaft\" target=\"_blank\" rel=\"nofollow noopener\">mitteilte<\/a>. Ein weiterer sensibler Faktor ist der Status der Region Transnistrien, die von prorussischen Separatisten besetzt ist.\n<\/p>\n<p>Mehr zum Thema<\/p>\n<p>            Russland und Moldau        <\/p>\n<p>                <a href=\"https:\/\/www.zeit.de\/politik\/ausland\/2025-10\/russland-aussenpolitik-wladimir-putin-moldau-georgien-5vor8\" data-ct-label=\"Russlands Au\u00dfenpolitik: Wladimir Putins au\u00dfenpolitische Pannen\" data-uuid=\"6446762e-ded6-49bc-9b78-f796f3cc6a85\" rel=\"nofollow noopener\" target=\"_blank\"><\/p>\n<p>        Z+ (abopflichtiger Inhalt);<\/p>\n<p>    Russlands Au\u00dfenpolitik:<br \/>\n                        Wladimir Putins au\u00dfenpolitische Pannen<\/p>\n<p>                <\/a><\/p>\n","protected":false},"excerpt":{"rendered":"Die Republik Moldau tritt endg\u00fcltig aus der Gemeinschaft Unabh\u00e4ngiger Staaten (GUS) aus. Das Parlament in Chi\u0219in\u0103u teilte den&hellip;\n","protected":false},"author":2,"featured_media":915786,"comment_status":"","ping_status":"","sticky":false,"template":"","format":"standard","meta":{"footnotes":"","_share_on_mastodon":"0"},"categories":[3],"tags":[848,849,158,200548,13,1435,845,14,15,16,307,12,10,8,9,11,846,103,104],"class_list":["post-915785","post","type-post","status-publish","format-standard","has-post-thumbnail","category-welt","tag-aa","tag-chisinau","tag-europaeische-union","tag-gemeinschaft-unabhaengiger-staaten","tag-headlines","tag-krieg-in-der-ukraine","tag-moldau","tag-nachrichten","tag-news","tag-politik","tag-russland","tag-schlagzeilen","tag-top-news","tag-top-meldungen","tag-topmeldungen","tag-topnews","tag-transnistrien","tag-welt","tag-world"],"share_on_mastodon":{"url":"https:\/\/pubeurope.com\/@de\/116335211222109586","error":""},"_links":{"self":[{"href":"https:\/\/www.europesays.com\/de\/wp-json\/wp\/v2\/posts\/915785","targetHints":{"allow":["GET"]}}],"collection":[{"href":"https:\/\/www.europesays.com\/de\/wp-json\/wp\/v2\/posts"}],"about":[{"href":"https:\/\/www.europesays.com\/de\/wp-json\/wp\/v2\/types\/post"}],"author":[{"embeddable":true,"href":"https:\/\/www.europesays.com\/de\/wp-json\/wp\/v2\/users\/2"}],"replies":[{"embeddable":true,"href":"https:\/\/www.europesays.com\/de\/wp-json\/wp\/v2\/comments?post=915785"}],"version-history":[{"count":0,"href":"https:\/\/www.europesays.com\/de\/wp-json\/wp\/v2\/posts\/915785\/revisions"}],"wp:featuredmedia":[{"embeddable":true,"href":"https:\/\/www.europesays.com\/de\/wp-json\/wp\/v2\/media\/915786"}],"wp:attachment":[{"href":"https:\/\/www.europesays.com\/de\/wp-json\/wp\/v2\/media?parent=915785"}],"wp:term":[{"taxonomy":"category","embeddable":true,"href":"https:\/\/www.europesays.com\/de\/wp-json\/wp\/v2\/categories?post=915785"},{"taxonomy":"post_tag","embeddable":true,"href":"https:\/\/www.europesays.com\/de\/wp-json\/wp\/v2\/tags?post=915785"}],"curies":[{"name":"wp","href":"https:\/\/api.w.org\/{rel}","templated":true}]}}