{"id":915885,"date":"2026-04-02T13:51:25","date_gmt":"2026-04-02T13:51:25","guid":{"rendered":"https:\/\/www.europesays.com\/de\/915885\/"},"modified":"2026-04-02T13:51:25","modified_gmt":"2026-04-02T13:51:25","slug":"strassenfest-in-stuttgart-bedauern-aber-auch-erleichterung-westallee-absage-spaltet-anwohner","status":"publish","type":"post","link":"https:\/\/www.europesays.com\/de\/915885\/","title":{"rendered":"Stra\u00dfenfest in Stuttgart: Bedauern, aber auch Erleichterung \u2013 Westallee-Absage spaltet Anwohner"},"content":{"rendered":"<p>Das Stra\u00dfenfest Westallee im Stuttgarter Westen findet in diesem Jahr nicht statt. Viele Stuttgarter bedauern die Absage. Doch nicht alle. Reaktionen aus der Nachbarschaft.<\/p>\n<p>Dennoch fehlt es den Veranstaltern der <a href=\"https:\/\/www.stuttgarter-nachrichten.de\/thema\/Westallee\" title=\"Westallee\" class=\"art_thema\" rel=\"nofollow noopener\" target=\"_blank\">Westallee<\/a> laut eigenen Angaben nun an Zeit, um das Fest auf dem gewohnten Niveau umzusetzen. Auch steigende Kosten und eine reduzierte F\u00f6rderung nennen die Veranstalter als Gr\u00fcnde f\u00fcr die Absage.<\/p>\n<p>Die Reaktionen darauf sind unterschiedlich. Viele Anwohner im Viertel bedauern diese Entscheidung, andere begr\u00fc\u00dfen sie.<\/p>\n<p>\u201eWir freuen uns jedes Jahr auf die Westallee\u201c, sagt Tom Wolter-R\u00f6ssler. Der Stuttgarter wohnt mit seiner Familie quasi mitten auf dem Festgel\u00e4nde, in der Johannesstra\u00dfe nahe des <a href=\"https:\/\/www.stuttgarter-nachrichten.de\/inhalt.signal-gegen-rassismus-stuttgart-benennt-nun-doch-einen-platz-nach-anton-wilhelm-amo.b03e1cc2-5ee3-444e-8977-eb002da3e55c.html\" target=\"_blank\" rel=\"nofollow noopener\">Anton-Wilhelm-Amo-Platzes<\/a> (ehemals Lerchenplatz). Die Einschr\u00e4nkungen, die es durch das Fest zeitweise gibt \u2013 etwa, dass Parkpl\u00e4tze vor\u00fcbergehend nicht nutzbar sind oder Musik gespielt wird \u2013 erleben er und seine Familie \u201e\u00fcberhaupt nicht als schwierig\u201c.<\/p>\n<p>Westallee abgesagt \u2013 viele Stuttgarter bedauern das <\/p>\n<p>Nach der Fest-Absage zeigt sich der Stuttgarter entt\u00e4uscht: \u201eDas Viertel verliert damit eine sehr wertvolle Veranstaltung, die Lebensqualit\u00e4t mit sich bringt.\u201c Die Westallee sei ein Ort der Nachbarschaft und des sozialen Austauschs. Er hofft, dass das Fest im n\u00e4chsten Jahr wieder stattfinden kann. \u201eIch \u00fcberlege momentan auch, was ich denn beitragen kann, damit das klappt\u201c, sagt er. \u201eMan nimmt es immer so als gegeben hin, dabei muss man bedenken, dass das Menschen in ihrer Freizeit organisieren \u2013 und die m\u00f6chte ich nicht h\u00e4ngen lassen.\u201c Auch von der Stadt w\u00fcnscht sich der Stuttgarter mehr Unterst\u00fctzung f\u00fcr Veranstaltende.<\/p>\n<p>Mit dieser Ansicht ist er nicht allein. Eine andere Anwohnerin im Westen, die anonym bleiben m\u00f6chte, betont ebenfalls den hohen Stellenwert des Festes als Treffpunkt und \u201eBeitrag zu einer liebenswerten Stadt\u201c. Sie hebt zudem das \u201egut kuratierte\u201c Musikprogramm der dort auftretenden K\u00fcnstler hervor.<\/p>\n<p>  <img decoding=\"async\" loading=\"lazy\" src=\"https:\/\/www.europesays.com\/de\/wp-content\/uploads\/2026\/04\/media.media.85ec50fb-bf15-4e8c-889f-f6c123dc6d8b.original1024.media.jpeg\"\/>     \u201eMartinas L\u00e4dle\u201c liegt direkt an der Johannesstra\u00dfe \u2013 auch die Inhaberin bedauert die Fest-Absage.    Foto: Scheffel    <\/p>\n<p>\u201eDie Absage ist sehr schade. Das Fest ist ein Teil des Westens\u201c, sagt auch Martina Bolwin. Sie betreibt den Kiosk Martinas L\u00e4dle in der Johannesstra\u00dfe und wohnt in der N\u00e4he. Nicht nur sei sie selbst gern auf dem Fest unterwegs, w\u00e4hrenddessen k\u00e4men auch viele Besucher in ihrem Gesch\u00e4ft vorbei. Das f\u00e4llt in diesem Jahr weg.<\/p>\n<p> Beschwerden \u00fcber wegfallende Parkpl\u00e4tze und L\u00e4rm <\/p>\n<p>Doch nicht alle Menschen im Westen wollen die Westallee. \u201eManche in unserer Nachbarschaft beschweren sich dar\u00fcber, dass wegen des Fests Parkpl\u00e4tze wegfallen oder es zu laut ist\u201c, erz\u00e4hlt Tom Wolter-R\u00f6ssler. Dazu hat der Stuttgarter eine klare Meinung: \u201eWenn ich in der Landeshauptstadt wohne, finde ich, muss es auch mal m\u00f6glich sein, f\u00fcr ein paar Tage Musik im Viertel zu haben.\u201c<\/p>\n<p>Eingehende Beschwerden wie diese best\u00e4tigt auch der Bezirksvorsteher f\u00fcr <a href=\"https:\/\/www.stuttgarter-nachrichten.de\/thema\/Stuttgart\" title=\"Stuttgart\" class=\"art_thema\" rel=\"nofollow noopener\" target=\"_blank\">Stuttgart<\/a>-West, Bernhard Mellert. Haupts\u00e4chlich seien diese in letzter Zeit \u00fcber Gelbe Karten \u2013 ein Meldetool der Stadtverwaltung, das online oder per Post Anliegen entgegennimmt \u2013 bei der Stadt eingegangen. Pers\u00f6nliche Ansprachen an den Bezirksvorstand habe es kaum gegeben.<\/p>\n<p>Die Stadt Stuttgart best\u00e4tigt auf Anfrage unserer Redaktion f\u00fcr das Jahr 2025 den Eingang von insgesamt sieben Gelben Karten zum Stadtteilfest Westallee. \u201eDiese betrafen im Wesentlichen die Themen L\u00e4rmentwicklung sowie M\u00fcllaufkommen im Umfeld der Veranstaltung\u201c, so ein Sprecher der Stadt.<\/p>\n<p>Gegenstand von Beschwerden sei auch L\u00e4rm nach dem offiziellen Ende des Fests gewesen, erg\u00e4nzt Bezirksvorsteher Mellert. Es seien in den Stra\u00dfen weiter Partys gefeiert worden, obwohl die Musik l\u00e4ngst aus war. Das Problem: Die Veranstaltenden selbst haben darauf kaum Einfluss.<\/p>\n<p>   <img decoding=\"async\" loading=\"lazy\" src=\"https:\/\/www.europesays.com\/de\/wp-content\/uploads\/2026\/04\/media.media.f5d4fcb9-2f72-48fe-9d5b-6753fd67f60c.original1024.media.jpeg\"\/>     Zeitweise weniger Parkpl\u00e4tze, daf\u00fcr gute Musik und Unterhaltung im Viertel: Viele Stuttgarter lieben die Westallee \u2013 doch es gibt auch Beschwerden.    Foto: Lichtgut\/Zophia Ewska    \u201eEine Zumutung\u201c: Anwohnerin beklagt Wildpinkler und \u00dcberf\u00fcllung <\/p>\n<p>Zwiegespalten zeigt sich eine andere Anwohnerin aus der Johannesstra\u00dfe, die ihren Namen nicht nennen will. Einerseits, sagt sie, seien solche Feste wichtig f\u00fcr die Nachbarschaft, andererseits versetze die Westallee das Viertel in einen Ausnahmezustand, der wegen Auf- und Abbau teils l\u00e4nger andauere als nur \u00fcber die Festtage. \u201eEs ist eine wahnsinnige Zumutung\u201c, findet sie. \u201eEs sind zu viele Leute unterwegs.\u201c Abends m\u00fcsste sie das Tor zu ihrem Hof abschlie\u00dfen, damit sich Wildpinkler vom Fest nicht dorthin verirrten.<\/p>\n<p>Gleichzeitig gibt sie zu bedenken: \u201eDas kann man nat\u00fcrlich nur schwer regulieren. Wenn die Leute kommen, dann kommen sie halt.\u201c\ufeff In den ersten zwei Jahren der Westallee sei der Andrang noch in Ordnung gewesen, doch mittlerweile sei es zu viel. \u201eWir sind teils schon f\u00fcr drei Tage aus der Wohnung gefl\u00fcchtet.\u201c<\/p>\n<p>   <img decoding=\"async\" loading=\"lazy\" src=\"https:\/\/www.europesays.com\/de\/wp-content\/uploads\/2026\/04\/media.media.6b24bff8-342e-45d2-9368-0afa0befd45a.original1024.media.jpeg\"\/>     F\u00fcr die Westallee m\u00fcssen in der Johannesstra\u00dfe \u00fcblicherweise Autos weichen.    Foto: Scheffel    <\/p>\n<p>Die Anwohnerin beklagt zudem die Tatsache, dass Autos umgeparkt werden m\u00fcssten. \u201eIm Umkreis findet man dann kaum eine Alternative\u201c, sagt sie. Direkt bei der Stadt Beschwerde eingereicht habe sie jedoch nicht.<\/p>\n<p>Die Stadt Stuttgart hat eingegangene Beschwerden gepr\u00fcft. Die Entscheidung, dass in diesem Jahr keine neuen Auflagen f\u00fcr Stuttgarter Stadtteilfeste greifen sollen, begr\u00fcndete die Stadt Stuttgart auf Anfrage damit, dass es f\u00fcr etwaige Versch\u00e4rfungen <a href=\"https:\/\/www.stuttgarter-nachrichten.de\/inhalt.sommerfeste-in-stuttgart-stadt-verzichtet-auf-verschaerfte-auflagen-ein-happy-end-fuer-stadtteilfeste.d866f2c8-9f5c-44f5-8f1b-3f848bf508b8.html\" target=\"_blank\" rel=\"nofollow noopener\">\u201ebisher keinen konkreten Anlass\u201c gegeben habe<\/a>.<\/p>\n<p>   Bezirksvorsteher: Information h\u00e4tte fr\u00fcher stattfinden m\u00fcssen <\/p>\n<p>Bezirksvorsteher Mellert begr\u00fc\u00dft die Entscheidung. Gleichzeitig gibt er, auch im Namen der Veranstalter, zu bedenken: \u201eGut w\u00e4re es gewesen, wenn dieses Gespr\u00e4ch schon fr\u00fcher stattgefunden h\u00e4tte.\u201c Die Veranstalter h\u00e4tten ihre Planung dann entsprechend fr\u00fcher darauf einstellen k\u00f6nnen.<\/p>\n","protected":false},"excerpt":{"rendered":"Das Stra\u00dfenfest Westallee im Stuttgarter Westen findet in diesem Jahr nicht statt. Viele Stuttgarter bedauern die Absage. Doch&hellip;\n","protected":false},"author":2,"featured_media":915886,"comment_status":"","ping_status":"","sticky":false,"template":"","format":"standard","meta":{"footnotes":"","_share_on_mastodon":"0"},"categories":[1830],"tags":[4657,31100,1634,3364,29,30,32990,1441,188643],"class_list":["post-915885","post","type-post","status-publish","format-standard","has-post-thumbnail","category-stuttgart","tag-stadtreporter","tag-stadtteilfest","tag-baden-wuerttemberg","tag-de","tag-deutschland","tag-germany","tag-sommerfest","tag-stuttgart","tag-westallee"],"share_on_mastodon":{"url":"https:\/\/pubeurope.com\/@de\/116335443330070911","error":""},"_links":{"self":[{"href":"https:\/\/www.europesays.com\/de\/wp-json\/wp\/v2\/posts\/915885","targetHints":{"allow":["GET"]}}],"collection":[{"href":"https:\/\/www.europesays.com\/de\/wp-json\/wp\/v2\/posts"}],"about":[{"href":"https:\/\/www.europesays.com\/de\/wp-json\/wp\/v2\/types\/post"}],"author":[{"embeddable":true,"href":"https:\/\/www.europesays.com\/de\/wp-json\/wp\/v2\/users\/2"}],"replies":[{"embeddable":true,"href":"https:\/\/www.europesays.com\/de\/wp-json\/wp\/v2\/comments?post=915885"}],"version-history":[{"count":0,"href":"https:\/\/www.europesays.com\/de\/wp-json\/wp\/v2\/posts\/915885\/revisions"}],"wp:featuredmedia":[{"embeddable":true,"href":"https:\/\/www.europesays.com\/de\/wp-json\/wp\/v2\/media\/915886"}],"wp:attachment":[{"href":"https:\/\/www.europesays.com\/de\/wp-json\/wp\/v2\/media?parent=915885"}],"wp:term":[{"taxonomy":"category","embeddable":true,"href":"https:\/\/www.europesays.com\/de\/wp-json\/wp\/v2\/categories?post=915885"},{"taxonomy":"post_tag","embeddable":true,"href":"https:\/\/www.europesays.com\/de\/wp-json\/wp\/v2\/tags?post=915885"}],"curies":[{"name":"wp","href":"https:\/\/api.w.org\/{rel}","templated":true}]}}