{"id":916162,"date":"2026-04-02T16:28:16","date_gmt":"2026-04-02T16:28:16","guid":{"rendered":"https:\/\/www.europesays.com\/de\/916162\/"},"modified":"2026-04-02T16:28:16","modified_gmt":"2026-04-02T16:28:16","slug":"borussia-dortmund-niko-kovac-wird-im-fall-nico-schlotterbeck-deutlich-fussball","status":"publish","type":"post","link":"https:\/\/www.europesays.com\/de\/916162\/","title":{"rendered":"Borussia Dortmund: Niko Kovac wird im Fall Nico Schlotterbeck deutlich | Fu\u00dfball"},"content":{"rendered":"<p><a class=\"skip-content skip-content--link\" href=\"#in-content-skip-link-target-v-0-0\">TTS-Player \u00fcberspringen\u21b5<\/a><a id=\"in-content-skip-link-target-v-0-0\" class=\"skip-content--target-link-hidden skip-content skip-content--target-link\" href=\"#in-content-skip-link-target-v-0-0\">Artikel weiterlesen<\/a><\/p>\n<p><b>Es geht in die n\u00e4chste Runde. Jetzt \u00e4u\u00dfert sich auch BVB-Trainer Niko Kovac (54) zur Diskussion um Nico Schlotterbeck (26) \u2013 und stellt sich hinter seinen Abwehrchef.<\/b><\/p>\n<p>Der Hintergrund: Schlotterbecks Aussagen zum Vertragspoker. Der Nationalspieler dementierte Beritchte \u00fcber eine angebliche Einigung und verwies darauf, dass er mit Ex-Sportdirektor Sebastian Kehl (46) verhandelt hatte. \u201eJetzt hat sich die Situation ein bisschen ver\u00e4ndert\u201c, so Schlotterbeck. Aussagen, die f\u00fcr Wirbel sorgen!<\/p>\n<p>Trainer Kovac verteidigt den Nationalspieler auf BILD-Nachfrage: \u201eIch glaube nicht, dass Schlotti f\u00fcr Schlagzeilen gesorgt hat, sondern diejenigen, die es publiziert haben, die irgendetwas in die Welt gesetzt haben, was so nicht ganz gestimmt hat und was auch nicht stimmt.\u201c<\/p>\n<p>Der <a href=\"https:\/\/sportbild.bild.de\/bundesliga\/vereine\/borussia-dortmund\/home-33283690.sport.html\" class=\"text-link\" rel=\"nofollow noopener\" target=\"_blank\">BVB<\/a>-Coach weiter: \u201eSchlotti hat das absolute Recht, es so auch klarzustellen. Man kann nicht irgendetwas behaupten, was nicht stimmt. Der Schlotti hat nichts falsch gemacht \u2013 er hat lediglich gesagt, dass etwas, was erkl\u00e4rt wurde, nicht der Wahrheit entspricht, sondern eine L\u00fcge ist.\u201c<\/p>\n<p>Kehl-Nennung sorgt f\u00fcr Wirbel<\/p>\n<p>Kovac \u00fcber Ex-Boss Kehl: \u201eDass jetzt der Name Sebastian Kehl gefallen ist, ist ungl\u00fccklich gewesen. Man spricht ja mit dem BVB, dies wollte der Schlotti sagen.\u201c<\/p>\n<p><img decoding=\"async\" width=\"992\" height=\"748\" alt=\"Niko Schlotterbeck hat bisher 25 Spiele f\u00fcr die Nationalmannschaft bestritten\" src=\"https:\/\/www.europesays.com\/de\/wp-content\/uploads\/2026\/04\/f12de097391c70bc28f2e80f46482d87,3028dfeb.jpeg\"   class=\"dynamic\" loading=\"lazy\"\/><\/p>\n<p class=\"fig__caption__text\">Schlotterbeck hat bisher 25 Spiele f\u00fcr die Nationalmannschaft bestritten<\/p>\n<p>Foto: picture alliance\/SvenSimon<\/p>\n<p>Kovac macht sich f\u00fcr Verbleib stark<\/p>\n<p>Beim BVB hofft man weiterhin auf eine Vertragsverl\u00e4ngerung des Nationalspielers. Kovac zeigt sich optimistisch, betont die sportliche Bedeutung des Verteidigers: \u201eIch bin selbst sehr positiv, ich bleibe positiv \u2013 er ist ein richtig guter Spieler. Ein Spieler, den wir brauchen und den wir alle lieben. Ich pers\u00f6nlich auch.\u201c Abschlie\u00dfend sendet der Trainer eine klare Botschaft: \u201eWir werden alles tun, damit er bei uns bleibt.\u201c<\/p>\n<p>Rekordnationalspieler und Sky-Experte Lothar Matth\u00e4us (65) warnte zuletzt den BVB: \u201eEs ist an der Zeit, eine Deadline zu setzen. Es ist jetzt an der Zeit, eine Entscheidung zu treffen. F\u00fcr Schlotterbeck und auch die Nationalmannschaft wird es wichtig sein, dass es vor der WM Klarheit gibt!\u201c<\/p>\n","protected":false},"excerpt":{"rendered":"TTS-Player \u00fcberspringen\u21b5Artikel weiterlesen Es geht in die n\u00e4chste Runde. Jetzt \u00e4u\u00dfert sich auch BVB-Trainer Niko Kovac (54) zur&hellip;\n","protected":false},"author":2,"featured_media":916163,"comment_status":"","ping_status":"","sticky":false,"template":"","format":"standard","meta":{"footnotes":"","_share_on_mastodon":"0"},"categories":[1833],"tags":[1263,888,3364,29,217,538,347,30,5131,9662,1209,11220,803,45],"class_list":["post-916162","post","type-post","status-publish","format-standard","has-post-thumbnail","category-dortmund","tag-aufmacher-bereich","tag-borussia-dortmund","tag-de","tag-deutschland","tag-dortmund","tag-erste-bundesliga","tag-fussball","tag-germany","tag-kovac-niko","tag-no-sport-app","tag-nordrhein-westfalen","tag-schlotterbeck-nico","tag-spielertransfer","tag-texttospeech"],"share_on_mastodon":{"url":"https:\/\/pubeurope.com\/@de\/116336060547165012","error":""},"_links":{"self":[{"href":"https:\/\/www.europesays.com\/de\/wp-json\/wp\/v2\/posts\/916162","targetHints":{"allow":["GET"]}}],"collection":[{"href":"https:\/\/www.europesays.com\/de\/wp-json\/wp\/v2\/posts"}],"about":[{"href":"https:\/\/www.europesays.com\/de\/wp-json\/wp\/v2\/types\/post"}],"author":[{"embeddable":true,"href":"https:\/\/www.europesays.com\/de\/wp-json\/wp\/v2\/users\/2"}],"replies":[{"embeddable":true,"href":"https:\/\/www.europesays.com\/de\/wp-json\/wp\/v2\/comments?post=916162"}],"version-history":[{"count":0,"href":"https:\/\/www.europesays.com\/de\/wp-json\/wp\/v2\/posts\/916162\/revisions"}],"wp:featuredmedia":[{"embeddable":true,"href":"https:\/\/www.europesays.com\/de\/wp-json\/wp\/v2\/media\/916163"}],"wp:attachment":[{"href":"https:\/\/www.europesays.com\/de\/wp-json\/wp\/v2\/media?parent=916162"}],"wp:term":[{"taxonomy":"category","embeddable":true,"href":"https:\/\/www.europesays.com\/de\/wp-json\/wp\/v2\/categories?post=916162"},{"taxonomy":"post_tag","embeddable":true,"href":"https:\/\/www.europesays.com\/de\/wp-json\/wp\/v2\/tags?post=916162"}],"curies":[{"name":"wp","href":"https:\/\/api.w.org\/{rel}","templated":true}]}}